{"id":178842,"date":"2025-12-30T21:06:10","date_gmt":"2025-12-30T21:06:10","guid":{"rendered":"https:\/\/www.europesays.com\/pl\/178842\/"},"modified":"2025-12-30T21:06:10","modified_gmt":"2025-12-30T21:06:10","slug":"20-tys-euro-za-protest-drastyczne-podwyzki-w-f1","status":"publish","type":"post","link":"https:\/\/www.europesays.com\/pl\/178842\/","title":{"rendered":"20 tys. euro za protest. Drastyczne podwy\u017cki w F1"},"content":{"rendered":"\n<p class=\"contentpart contentpart--default contentpart--text\" data-position=\"0\"><a href=\"https:\/\/sportowefakty.wp.pl\/moto\/fia\" rel=\"nofollow noopener\" target=\"_blank\">FIA<\/a>\u00a0zapowiedzia\u0142a gruntowne zmiany w systemie protest\u00f3w w <a href=\"https:\/\/sportowefakty.wp.pl\/formula-1\" rel=\"nofollow noopener\" target=\"_blank\">Formule 1<\/a>. Od 2026 roku obowi\u0105zkowa kaucja wzro\u015bnie dziesi\u0119ciokrotnie &#8211; z poziomu 2 tys. do 20 tys. euro. \u015awiatowa federacja t\u0142umaczy, \u017ce celem jest usprawnienie pracy komisarzy podczas weekend\u00f3w wy\u015bcigowych i ukr\u00f3cenie &#8222;taktyk zak\u0142\u00f3caj\u0105cych&#8221;, kt\u00f3re op\u00f3\u017aniaj\u0105 zaprezentowanie oficjalnych wynik\u00f3w.<\/p>\n<p class=\"contentpart contentpart--default contentpart--text\" data-position=\"1\">Regulacja trafi do przepis\u00f3w na sezon 2026 i obejmie protesty, wnioski o przegl\u0105d zdarze\u0144 oraz dochodzenia techniczne. Wy\u017cszy pr\u00f3g ma zniech\u0119ci\u0107 do b\u0142ahych zg\u0142osze\u0144 i skierowa\u0107 uwag\u0119 na realne naruszenia sportowe lub techniczne.<\/p>\n<p> <img role=\"presentation\" src=\"https:\/\/std.wpcdn.pl\/images\/adv\/placeholder_wp.svg\" loading=\"lazy\" alt=\"\" decoding=\"async\"\/>  <\/p>\n<p class=\"contentpart contentpart--default contentpart--text\" data-position=\"2\">ZOBACZ WIDEO: Stal elementem gry politycznej? &#8222;Klub ma \u0142\u0105czy\u0107&#8221;<\/p>\n<p class=\"contentpart contentpart--default contentpart--text\" data-position=\"4\">Zmiana jest odpowiedzi\u0105 na sezon 2025, pe\u0142en kontrowersyjnych sytuacji. W trakcie minionej kampanii cz\u0119sto dochodzi\u0142o do prawniczych spor\u00f3w w padoku. <a href=\"https:\/\/sportowefakty.wp.pl\/wyscigi-samochodowe\/infiniti-red-bull-racing\" rel=\"nofollow noopener\" target=\"_blank\">Red Bull Racing<\/a>\u00a0kilkukrotnie zg\u0142asza\u0142 zastrze\u017cenia wobec <a href=\"https:\/\/sportowefakty.wp.pl\/formula-1\/george-russell\" rel=\"nofollow noopener\" target=\"_blank\">George&#8217;a Russella<\/a>\u00a0z <a href=\"https:\/\/sportowefakty.wp.pl\/wyscigi-samochodowe\/mercedes-amg-petronas-formula-one-team\" rel=\"nofollow noopener\" target=\"_blank\">Mercedesa<\/a>\u00a0&#8211; najpierw w Miami w sprawie pr\u0119dko\u015bci przy \u017c\u00f3\u0142tych flagach, a nast\u0119pnie w Kanadzie w kontek\u015bcie procedur samochodu bezpiecze\u0144stwa. Komisarze odrzucili oba wnioski, ale post\u0119powania op\u00f3\u017ani\u0142y og\u0142oszenie oficjalnych wynik\u00f3w i rozp\u0119ta\u0142y dyskusj\u0119 o charakterze obecnej kaucji.<\/p>\n<p class=\"contentpart contentpart--default contentpart--text\" data-position=\"5\">Krytycy wskazywali, \u017ce dla zespo\u0142\u00f3w dysponuj\u0105cych bud\u017cetami liczonymi w setkach milion\u00f3w euro op\u0142ata 2 tys. euro jest nieistotna, wi\u0119c mo\u017cna j\u0105 by\u0142o traktowa\u0107 jak &#8222;ubezpieczenie&#8221; przy podejmowaniu ryzyka taktycznych protest\u00f3w przeciwko rywalom.<\/p>\n<p class=\"contentpart contentpart--default contentpart--text\" data-position=\"6\">Impuls do zmian p\u0142yn\u0105\u0142 m.in. od szefa Mercedesa <a href=\"https:\/\/sportowefakty.wp.pl\/moto\/toto-wolff\" rel=\"nofollow noopener\" target=\"_blank\">Toto Wolff<\/a>\u00a0i dyrektora generalnego McLarena <a href=\"https:\/\/sportowefakty.wp.pl\/formula-1\/zak-brown\" rel=\"nofollow noopener\" target=\"_blank\">Zaka Browna<\/a>, kt\u00f3rzy w tym sezonie otwarcie wyra\u017cali frustracj\u0119 z powodu wykorzystywania czasu i zasob\u00f3w FIA. &#8211; My\u015bl\u0119, \u017ce niekt\u00f3re zespo\u0142y, jeden bardziej ni\u017c inny, u\u017cywaj\u0105 fa\u0142szywych oskar\u017ce\u0144 jako taktyki zak\u0142\u00f3cania. Uwa\u017cam, \u017ce to marnuje wiele czasu i zasob\u00f3w FIA, a nie tam powinni\u015bmy kierowa\u0107 uwagi jako dyscyplina &#8211; m\u00f3wi\u0142 wcze\u015bniej w tym roku dyrektor generalny <a href=\"https:\/\/sportowefakty.wp.pl\/wyscigi-samochodowe\/mclaren-honda\" rel=\"nofollow noopener\" target=\"_blank\">McLarena<\/a>.<\/p>\n<p> <img role=\"presentation\" src=\"https:\/\/std.wpcdn.pl\/images\/adv\/placeholder_wp.svg\" loading=\"lazy\" alt=\"\" decoding=\"async\"\/>  <\/p>\n<p class=\"contentpart contentpart--default contentpart--text\" data-position=\"7\">Nowy pr\u00f3g 20 tys. euro ma wymusi\u0107 staranniejsz\u0105 weryfikacj\u0119 wewn\u0119trzn\u0105 przed z\u0142o\u017ceniem sprawy do komisarzy. Podniesienie kosztu ma przesun\u0105\u0107 akcent z &#8222;wojny psychologicznej&#8221; na merytoryczne kwestie sportowe i techniczne.<\/p>\n<p class=\"contentpart contentpart--default contentpart--text\" data-position=\"8\">&#8211; My\u015bl\u0119, \u017ce wobec FIA pada\u0142y nieuczciwe zarzuty. Nie powinno si\u0119 bezkarnie sk\u0142ada\u0107 oskar\u017ce\u0144 bez podstaw. Je\u015bli naprawd\u0119 uwa\u017casz, \u017ce rywal robi co\u015b nie tak, nie ma problemu. Nie zniech\u0119cam do zg\u0142aszania, ale poka\u017c, \u017ce wierzysz w swoje s\u0142owa i poprzyj je pieni\u0119dzmi &#8211; podkre\u015bli\u0142 Brown, cytowany przez f1i.com.<\/p>\n","protected":false},"excerpt":{"rendered":"FIA\u00a0zapowiedzia\u0142a gruntowne zmiany w systemie protest\u00f3w w Formule 1. Od 2026 roku obowi\u0105zkowa kaucja wzro\u015bnie dziesi\u0119ciokrotnie &#8211; z&hellip;\n","protected":false},"author":2,"featured_media":178843,"comment_status":"","ping_status":"","sticky":false,"template":"","format":"standard","meta":{"footnotes":"","_share_on_mastodon":"0"},"categories":[24],"tags":[16472,2901,42,38,40,39,41,127,126,750,2902],"class_list":["post-178842","post","type-post","status-publish","format-standard","has-post-thumbnail","category-sport","tag-fia","tag-formula-1","tag-pl","tag-poland","tag-polish","tag-polska","tag-polski","tag-sport","tag-sports","tag-sporty-motorowe","tag-wyscigi-samochodowe"],"share_on_mastodon":{"url":"https:\/\/pubeurope.com\/@pl\/115810558531463158","error":""},"_links":{"self":[{"href":"https:\/\/www.europesays.com\/pl\/wp-json\/wp\/v2\/posts\/178842","targetHints":{"allow":["GET"]}}],"collection":[{"href":"https:\/\/www.europesays.com\/pl\/wp-json\/wp\/v2\/posts"}],"about":[{"href":"https:\/\/www.europesays.com\/pl\/wp-json\/wp\/v2\/types\/post"}],"author":[{"embeddable":true,"href":"https:\/\/www.europesays.com\/pl\/wp-json\/wp\/v2\/users\/2"}],"replies":[{"embeddable":true,"href":"https:\/\/www.europesays.com\/pl\/wp-json\/wp\/v2\/comments?post=178842"}],"version-history":[{"count":0,"href":"https:\/\/www.europesays.com\/pl\/wp-json\/wp\/v2\/posts\/178842\/revisions"}],"wp:featuredmedia":[{"embeddable":true,"href":"https:\/\/www.europesays.com\/pl\/wp-json\/wp\/v2\/media\/178843"}],"wp:attachment":[{"href":"https:\/\/www.europesays.com\/pl\/wp-json\/wp\/v2\/media?parent=178842"}],"wp:term":[{"taxonomy":"category","embeddable":true,"href":"https:\/\/www.europesays.com\/pl\/wp-json\/wp\/v2\/categories?post=178842"},{"taxonomy":"post_tag","embeddable":true,"href":"https:\/\/www.europesays.com\/pl\/wp-json\/wp\/v2\/tags?post=178842"}],"curies":[{"name":"wp","href":"https:\/\/api.w.org\/{rel}","templated":true}]}}