{"id":178852,"date":"2025-12-30T21:11:08","date_gmt":"2025-12-30T21:11:08","guid":{"rendered":"https:\/\/www.europesays.com\/pl\/178852\/"},"modified":"2025-12-30T21:11:08","modified_gmt":"2025-12-30T21:11:08","slug":"iwona-arent-i-norbert-pietrykowski-tancza-w-studiu-tv-republika-niecodzienna-scena","status":"publish","type":"post","link":"https:\/\/www.europesays.com\/pl\/178852\/","title":{"rendered":"Iwona Arent i Norbert Pietrykowski ta\u0144cz\u0105 w studiu TV Republika. Niecodzienna scena"},"content":{"rendered":"<p class=\"ods-c-paragraph \">Pocz\u0105tkowo z lekkim zaskoczeniem sytuacji przygl\u0105da\u0142a si\u0119 prowadz\u0105ca program dziennikarka, Monika Borkowska, jednak po chwili sama do\u0142\u0105czy\u0142a do bawi\u0105cej si\u0119 pary pos\u0142\u00f3w. Kr\u00f3tki taniec polityk\u00f3w szybko sta\u0142 si\u0119 jednym z najbardziej komentowanych moment\u00f3w programu. Dla wielu widz\u00f3w by\u0142a to zaskakuj\u0105ca scena, o czym dali zna\u0107 w mediach spo\u0142eczno\u015bciowych, dopytuj\u0105c czy wideo nie jest stworzone z pomoc\u0105 sztucznej inteligencji. Pos\u0142anka repostowa\u0142a je na swoim koncie na platformie X, ale w przeciwie\u0144stwie do redaktor\u00f3w stacji nie pokusi\u0142a si\u0119 o dodatkowy komentarz.<\/p>\n<p>Dalszy ci\u0105g artyku\u0142u pod materia\u0142em wideo<\/p>\n<p> Jakie programy prowadzi Monika Borkowska? <\/p>\n<p> Kto do\u0142\u0105czy\u0142 do ta\u0144ca w studiu TV Republika? <\/p>\n<p> Gdzie odb\u0119dzie si\u0119 impreza sylwestrowa TV Republika? <\/p>\n<p> Jakie gwiazdy wyst\u0105pi\u0105 na sylwesterze w Che\u0142mie? <\/p>\n<p>     Politycy ruszyli do ta\u0144ca na antenie TV Republika<\/p>\n<p class=\"ods-c-paragraph \">&#8222;TV Republika \u0142\u0105czy ludzi! Zobaczcie wystrza\u0142owy taniec pos\u0142\u00f3w z przeciwnych biegun\u00f3w polskiej sceny politycznej&#8221; \u2014 napisa\u0142 Kamil Starczyk z TV Republika. &#8222;Nawet politycy ta\u0144cz\u0105&#8221; \u2014 doda\u0142 kr\u00f3tko prezenter tej samej stacji Adrian Borecki.<\/p>\n<p class=\"ods-c-paragraph \">TV Republika przygotowuje si\u0119 do drugiej w historii stacji imprezy sylwestrowej. Ta, podobnie jak w poprzednim roku, odb\u0119dzie si\u0119 w Che\u0142mie. B\u0119dzie mo\u017cna zobaczy\u0107 wyst\u0119py licznych gwiazd disco polo oraz artyst\u00f3w zagranicznych, m.in. zesp\u00f3\u0142 Fun Factory znany z utworu &#8222;I Wanna Be with U&#8221; oraz w\u0142oska grupa Corona, kojarzona najbardziej z piosenk\u0105 &#8222;The Rhythm Of The Night&#8221;. Jak dowiedzia\u0142a si\u0119 Plejada, szczeg\u00f3ln\u0105 niespodziank\u0105 dla odbiorc\u00f3w stacji ma by\u0107 wyst\u0119p szwedzkiej piosenkarki Velvet.<\/p>\n","protected":false},"excerpt":{"rendered":"Pocz\u0105tkowo z lekkim zaskoczeniem sytuacji przygl\u0105da\u0142a si\u0119 prowadz\u0105ca program dziennikarka, Monika Borkowska, jednak po chwili sama do\u0142\u0105czy\u0142a do&hellip;\n","protected":false},"author":2,"featured_media":178853,"comment_status":"","ping_status":"","sticky":false,"template":"","format":"standard","meta":{"footnotes":""},"categories":[12],"tags":[32,33,36,37,27,35082,49,34,35,28,31,48,25,46,529,42,38,40,39,202,41,47,29,30,171,26],"class_list":{"0":"post-178852","1":"post","2":"type-post","3":"status-publish","4":"format-standard","5":"has-post-thumbnail","7":"category-polska","8":"tag-breaking-news","9":"tag-breakingnews","10":"tag-featured-news","11":"tag-featurednews","12":"tag-headlines","13":"tag-iwona_arent","14":"tag-kraj","15":"tag-latest-news","16":"tag-latestnews","17":"tag-naglowki","18":"tag-najwazniejsze-artykuly","19":"tag-nat_styl","20":"tag-news","21":"tag-omp","22":"tag-pis","23":"tag-pl","24":"tag-poland","25":"tag-polish","26":"tag-polska","27":"tag-polska_2050","28":"tag-polski","29":"tag-screening_general","30":"tag-top-stories","31":"tag-topstories","32":"tag-tv_republika","33":"tag-wiadomosci"},"share_on_mastodon":{"url":"https:\/\/pubeurope.com\/@pl\/115810578088826533","error":""},"_links":{"self":[{"href":"https:\/\/www.europesays.com\/pl\/wp-json\/wp\/v2\/posts\/178852","targetHints":{"allow":["GET"]}}],"collection":[{"href":"https:\/\/www.europesays.com\/pl\/wp-json\/wp\/v2\/posts"}],"about":[{"href":"https:\/\/www.europesays.com\/pl\/wp-json\/wp\/v2\/types\/post"}],"author":[{"embeddable":true,"href":"https:\/\/www.europesays.com\/pl\/wp-json\/wp\/v2\/users\/2"}],"replies":[{"embeddable":true,"href":"https:\/\/www.europesays.com\/pl\/wp-json\/wp\/v2\/comments?post=178852"}],"version-history":[{"count":0,"href":"https:\/\/www.europesays.com\/pl\/wp-json\/wp\/v2\/posts\/178852\/revisions"}],"wp:featuredmedia":[{"embeddable":true,"href":"https:\/\/www.europesays.com\/pl\/wp-json\/wp\/v2\/media\/178853"}],"wp:attachment":[{"href":"https:\/\/www.europesays.com\/pl\/wp-json\/wp\/v2\/media?parent=178852"}],"wp:term":[{"taxonomy":"category","embeddable":true,"href":"https:\/\/www.europesays.com\/pl\/wp-json\/wp\/v2\/categories?post=178852"},{"taxonomy":"post_tag","embeddable":true,"href":"https:\/\/www.europesays.com\/pl\/wp-json\/wp\/v2\/tags?post=178852"}],"curies":[{"name":"wp","href":"https:\/\/api.w.org\/{rel}","templated":true}]}}