{"id":178861,"date":"2025-12-30T21:17:11","date_gmt":"2025-12-30T21:17:11","guid":{"rendered":"https:\/\/www.europesays.com\/pl\/178861\/"},"modified":"2025-12-30T21:17:11","modified_gmt":"2025-12-30T21:17:11","slug":"rekordowe-rosyjskie-straty-skoczyla-liczba-nekrologow-zolnierzy","status":"publish","type":"post","link":"https:\/\/www.europesays.com\/pl\/178861\/","title":{"rendered":"Rekordowe rosyjskie straty. Skoczy\u0142a liczba nekrolog\u00f3w \u017co\u0142nierzy"},"content":{"rendered":"<p>BBC potwierdzi\u0142a to\u017csamo\u015b\u0107 oko\u0142o 160 tys. os\u00f3b, kt\u00f3re poleg\u0142y, walcz\u0105c po stronie Rosji w\u00a0Ukrainie od pocz\u0105tku konfliktu na pe\u0142n\u0105 skal\u0119. Eksperci ds. wojskowo\u015bci zastrzegaj\u0105, \u017ce liczba ta mo\u017ce stanowi\u0107 od 45 do 65 proc. rzeczywistej liczby ofiar \u015bmiertelnych. W\u00f3wczas oznacza\u0142oby to, \u017ce zgin\u0119\u0142o od 243 tys. do 352 tys. Rosjan.<\/p>\n<p>Rozmowy ws. ko\u0144ca wojny. Tak oceniaj\u0105 je\u00a0sami Ukrai\u0144cy <\/p>\n<p>Brytyjska stacja nie poda\u0142a konkretnej liczby, odnosz\u0105cej si\u0119 do rekordowego wsp\u00f3\u0142czynnika \u015bmiertelno\u015bci wojskowych z\u00a0Rosji w\u00a0ci\u0105gu minionych 10 miesi\u0119cy. <\/p>\n<p>Wed\u0142ug szacunk\u00f3w, w\u00a02024 r. 15 proc. poleg\u0142ych rosyjskich \u017co\u0142nierzy stanowili ochotnicy. W\u00a0tym roku odsetek ten wyni\u00f3s\u0142 33 proc. <\/p>\n<p>BBC przytoczy\u0142a s\u0142owa zast\u0119pcy przewodnicz\u0105cego rosyjskiej Rady Bezpiecze\u0144stwa Narodowego Dmitrija Miedwiediewa, kt\u00f3ry oznajmi\u0142, \u017ce do pa\u017adziernika tego roku do wojska zg\u0142osi\u0142o si\u0119 336 tys. os\u00f3b, czyli znacznie ponad 30 tys. miesi\u0119cznie. Sekretarz generalny NATO Mark Rutte powiedzia\u0142 p\u00f3\u017aniej, \u017ce co miesi\u0105c ginie oko\u0142o 25 tys. rosyjskich \u017co\u0142nierzy. &#8222;Je\u015bli obaj maj\u0105 racj\u0119, Rosja nadal rekrutuje wi\u0119cej \u017co\u0142nierzy, ni\u017c traci&#8221; \u2013\u00a0podkre\u015bli\u0142a stacja.<\/p>\n<p>Redakcja tego medium poinformowa\u0142a, \u017ce roczny kontrakt dla nowego rosyjskiego rekruta mo\u017ce wynosi\u0107 maksymalnie 10 mln rubli, czyli oko\u0142o 128 tys. dolar\u00f3w. Wszystkie umowy podpisane od wrze\u015bnia 2022 r. z\u00a0rosyjskim ministerstwem obrony s\u0105 automatycznie przed\u0142u\u017cane do zako\u0144czenia wojny. <\/p>\n<p>Wed\u0142ug NATO \u0142\u0105czna liczba zabitych i\u00a0rannych Rosjan w\u00a0wojnie prowadzonej w\u00a0Ukrainie wynosi 1,1 mln. Jeden z\u00a0urz\u0119dnik\u00f3w oszacowa\u0142, \u017ce liczba ofiar \u015bmiertelnych to oko\u0142o 250 tys. &#8211;\u00a0przekaza\u0142a BBC.<\/p>\n<p>Straty ponosi tak\u017ce strona ukrai\u0144ska. Prezydent Ukrainy Wo\u0142odymyr Ze\u0142enski szacowa\u0142 w\u00a0lutym 2025 r. liczb\u0119 poleg\u0142ych \u017co\u0142nierzy na 46 tys., a\u00a0rannych na froncie &#8211;\u00a0na 380 tys. Doda\u0142 w\u00f3wczas, \u017ce dziesi\u0105tki tysi\u0119cy innych os\u00f3b zagin\u0119\u0142o w\u00a0misjach lub znajduje si\u0119 w\u00a0rosyjskiej niewoli. <\/p>\n<p>Wed\u0142ug analiz BBC liczba ofiar \u015bmiertelnych w\u015br\u00f3d ukrai\u0144skich \u017co\u0142nierzy wynosi obecnie 140 tys.<\/p>\n<p>Od pocz\u0105tku pe\u0142noskalowej wojny BBC, Mediazona oraz grupa wolontariuszy tworz\u0105 list\u0119 rosyjskich ofiar wojny, analizuj\u0105c oficjalne raporty, doniesienia medialne i\u00a0informacje w\u00a0sieciach spo\u0142eczno\u015bciowych, a\u00a0tak\u017ce uwzgl\u0119dniaj\u0105c przypadki pojawienia si\u0119 nowych pomnik\u00f3w i\u00a0nagrobk\u00f3w. <\/p>\n","protected":false},"excerpt":{"rendered":"BBC potwierdzi\u0142a to\u017csamo\u015b\u0107 oko\u0142o 160 tys. os\u00f3b, kt\u00f3re poleg\u0142y, walcz\u0105c po stronie Rosji w\u00a0Ukrainie od pocz\u0105tku konfliktu na&hellip;\n","protected":false},"author":2,"featured_media":178862,"comment_status":"","ping_status":"","sticky":false,"template":"","format":"standard","meta":{"footnotes":""},"categories":[14],"tags":[32,33,27,34,35,28,31,25,40,41,80,29,30,26,82,83,84],"class_list":{"0":"post-178861","1":"post","2":"type-post","3":"status-publish","4":"format-standard","5":"has-post-thumbnail","7":"category-swiat","8":"tag-breaking-news","9":"tag-breakingnews","10":"tag-headlines","11":"tag-latest-news","12":"tag-latestnews","13":"tag-naglowki","14":"tag-najwazniejsze-artykuly","15":"tag-news","16":"tag-polish","17":"tag-polski","18":"tag-swiat","19":"tag-top-stories","20":"tag-topstories","21":"tag-wiadomosci","22":"tag-world","23":"tag-world-news","24":"tag-worldnews"},"share_on_mastodon":{"url":"https:\/\/pubeurope.com\/@pl\/115810601805213487","error":""},"_links":{"self":[{"href":"https:\/\/www.europesays.com\/pl\/wp-json\/wp\/v2\/posts\/178861","targetHints":{"allow":["GET"]}}],"collection":[{"href":"https:\/\/www.europesays.com\/pl\/wp-json\/wp\/v2\/posts"}],"about":[{"href":"https:\/\/www.europesays.com\/pl\/wp-json\/wp\/v2\/types\/post"}],"author":[{"embeddable":true,"href":"https:\/\/www.europesays.com\/pl\/wp-json\/wp\/v2\/users\/2"}],"replies":[{"embeddable":true,"href":"https:\/\/www.europesays.com\/pl\/wp-json\/wp\/v2\/comments?post=178861"}],"version-history":[{"count":0,"href":"https:\/\/www.europesays.com\/pl\/wp-json\/wp\/v2\/posts\/178861\/revisions"}],"wp:featuredmedia":[{"embeddable":true,"href":"https:\/\/www.europesays.com\/pl\/wp-json\/wp\/v2\/media\/178862"}],"wp:attachment":[{"href":"https:\/\/www.europesays.com\/pl\/wp-json\/wp\/v2\/media?parent=178861"}],"wp:term":[{"taxonomy":"category","embeddable":true,"href":"https:\/\/www.europesays.com\/pl\/wp-json\/wp\/v2\/categories?post=178861"},{"taxonomy":"post_tag","embeddable":true,"href":"https:\/\/www.europesays.com\/pl\/wp-json\/wp\/v2\/tags?post=178861"}],"curies":[{"name":"wp","href":"https:\/\/api.w.org\/{rel}","templated":true}]}}