{"id":178886,"date":"2025-12-30T21:33:09","date_gmt":"2025-12-30T21:33:09","guid":{"rendered":"https:\/\/www.europesays.com\/pl\/178886\/"},"modified":"2025-12-30T21:33:09","modified_gmt":"2025-12-30T21:33:09","slug":"loty-do-modlina-przekierowane-warunki-sa-fatalne-onet","status":"publish","type":"post","link":"https:\/\/www.europesays.com\/pl\/178886\/","title":{"rendered":"Loty do Modlina przekierowane. &quot;Warunki s\u0105 fatalne&quot; &#8211; Onet"},"content":{"rendered":"<ol>\n<li><a href=\"https:\/\/news.google.com\/rss\/articles\/CBMisAFBVV95cUxOOWdGSzZYb2NuaFp1emxwSFdzeFRoQ190UmJ0VEluRGhDd21TMFktOEo1SHJNc1U3c0pIQTNyTzdwMXNlTjI3QzFfOEdBVVJ4VlJtczRPdTE3UFdLZERfOUFFblB3T2MtQk1PMVJBVzV5ck5OWVBnRVF5OXFlY0o1RWpZNzNvR2JNc0RyS2lLX3FWRzNYcGNQUFNWeGJBOWFQb2h3cXpxaGNkN2xXVXZFdg?oc=5\" target=\"_blank\" rel=\"nofollow noopener\">Loty do Modlina przekierowane. &#8222;Warunki s\u0105 fatalne&#8221;<\/a>&nbsp;&nbsp;Onet<\/li>\n<li><a href=\"https:\/\/news.google.com\/rss\/articles\/CBMitwFBVV95cUxOS3dOWER0YTctSnc5eVphdjFLSGZOcUU5cW9WMTBFeFZQQ0NDRTR5eXp0cFBaYnI1ZDNvUXE1SGVTR2RWNHltbW5JQkRuX2ZSSmxEbE8yaHRIenpDckc2QndrX2RFeWxQTzhoYXJDMmxMUXdoWWZPaWw1dWNKNkxwb29zdU9NcTdKb1I4RGtVRFN1ZGlxVzFaNlhNckdhN1NfY1lnQzNZLThHR1RfdnRmRDBmc0tUcXc?oc=5\" target=\"_blank\" rel=\"nofollow noopener\">Pot\u0119\u017cne utrudnienia na kolei. \u015anie\u017cyca zatrzyma\u0142a 12 poci\u0105g\u00f3w [RELACJA NA \u017bYWO]<\/a>&nbsp;&nbsp;Onet Wiadomo\u015bci<\/li>\n<li><a href=\"https:\/\/news.google.com\/rss\/articles\/CBMiqgFBVV95cUxQeTN3UVpvTWlzc2EtdmxCaWExQ1haaFlEQTVkeEhzcWJEekNYOUtZZHhldW1hdEVuQVVmbTVMa2RPc3FGNlJTd0JQSkQzUVpvWnc2TDU0UnhBdGFDejlIRkVCeE1CQ0R0ZFVHaVo5UDBmRTREOW94NUQwMVBXc09UVnJSMlhTSXBuTVpwSVFSS0VxcjViQVhmR2RSbFJObUMyeDdtb28ycm9Ndw?oc=5\" target=\"_blank\" rel=\"nofollow noopener\">Zimowy armagedon w Polsce. Loty do Modlina i Warszawy przekierowane na inne lotniska<\/a>&nbsp;&nbsp;Wydarzenia w INTERIA.PL<\/li>\n<li><a href=\"https:\/\/news.google.com\/rss\/articles\/CBMikAFBVV95cUxNNjJISDRIbERSbVBoY1p6OTdDSllsUnJNa0xpRko4TkcwT3NKVkNmUWQyOWtENE5ZRTZKakFKdWFWNmZrY1A3dkxrYTlXNm9MU09xamlvZzdSODhfWlYwZnJxY1FLbFF3em8zd2oycHpJVlg1cWpCSzZJWXZzdTBmMUIxN1dSZGlNTnQ5S3NQaDI?oc=5\" target=\"_blank\" rel=\"nofollow noopener\">&#8222;Fatalne warunki&#8221;. Loty do Modlina przekierowane<\/a>&nbsp;&nbsp;WP Wiadomo\u015bci<\/li>\n<li><a href=\"https:\/\/news.google.com\/rss\/articles\/CBMijgFBVV95cUxQNTl1bGlzTUZxWjhBYlNGd1g5YTIzQXYtcTRVaVFOX1lsRUQzYm5tMXBhOWNSY0lZb0ZMSnpRa0RjdjR1WVdQRFF4RHpHNjFtb19aTmVyZ2F1YUk0cHUyVWhWOHBfaXJvbzFVYXluOWExdlZIdzFpdG5IblAzUjJxZjhXT1c2N3AwSDJSX0pR?oc=5\" target=\"_blank\" rel=\"nofollow noopener\">Atak zimy sparali\u017cowa\u0142 lotnisko w Modlinie<\/a>&nbsp;&nbsp;TVP Info<\/li>\n<\/ol>\n","protected":false},"excerpt":{"rendered":"Loty do Modlina przekierowane. &#8222;Warunki s\u0105 fatalne&#8221;&nbsp;&nbsp;Onet Pot\u0119\u017cne utrudnienia na kolei. \u015anie\u017cyca zatrzyma\u0142a 12 poci\u0105g\u00f3w [RELACJA NA \u017bYWO]&nbsp;&nbsp;Onet&hellip;\n","protected":false},"author":2,"featured_media":178887,"comment_status":"","ping_status":"","sticky":false,"template":"","format":"standard","meta":{"footnotes":""},"categories":[5],"tags":[32,33,36,37,27,34,35,2466,27028,28,31,53,25,52,68,51,24695,55,42,78,38,40,39,41,47,29,30,65,50,26],"class_list":{"0":"post-178886","1":"post","2":"type-post","3":"status-publish","4":"format-standard","5":"has-post-thumbnail","7":"category-naglowki","8":"tag-breaking-news","9":"tag-breakingnews","10":"tag-featured-news","11":"tag-featurednews","12":"tag-headlines","13":"tag-latest-news","14":"tag-latestnews","15":"tag-lotnictwo_samoloty_samolot_przemysl_lotniczy_linie_lotnicze_lotnictwo_wojskowe_ruch_lotniczy","16":"tag-lotnisko_modlin","17":"tag-naglowki","18":"tag-najwazniejsze-artykuly","19":"tag-new_header","20":"tag-news","21":"tag-onet3","22":"tag-onet3d","23":"tag-onet3d_2i","24":"tag-opady_sniegu","25":"tag-phx","26":"tag-pl","27":"tag-pogoda","28":"tag-poland","29":"tag-polish","30":"tag-polska","31":"tag-polski","32":"tag-screening_general","33":"tag-top-stories","34":"tag-topstories","35":"tag-update_me","36":"tag-v2021","37":"tag-wiadomosci"},"share_on_mastodon":{"url":"https:\/\/pubeurope.com\/@pl\/115810664707817316","error":""},"_links":{"self":[{"href":"https:\/\/www.europesays.com\/pl\/wp-json\/wp\/v2\/posts\/178886","targetHints":{"allow":["GET"]}}],"collection":[{"href":"https:\/\/www.europesays.com\/pl\/wp-json\/wp\/v2\/posts"}],"about":[{"href":"https:\/\/www.europesays.com\/pl\/wp-json\/wp\/v2\/types\/post"}],"author":[{"embeddable":true,"href":"https:\/\/www.europesays.com\/pl\/wp-json\/wp\/v2\/users\/2"}],"replies":[{"embeddable":true,"href":"https:\/\/www.europesays.com\/pl\/wp-json\/wp\/v2\/comments?post=178886"}],"version-history":[{"count":0,"href":"https:\/\/www.europesays.com\/pl\/wp-json\/wp\/v2\/posts\/178886\/revisions"}],"wp:featuredmedia":[{"embeddable":true,"href":"https:\/\/www.europesays.com\/pl\/wp-json\/wp\/v2\/media\/178887"}],"wp:attachment":[{"href":"https:\/\/www.europesays.com\/pl\/wp-json\/wp\/v2\/media?parent=178886"}],"wp:term":[{"taxonomy":"category","embeddable":true,"href":"https:\/\/www.europesays.com\/pl\/wp-json\/wp\/v2\/categories?post=178886"},{"taxonomy":"post_tag","embeddable":true,"href":"https:\/\/www.europesays.com\/pl\/wp-json\/wp\/v2\/tags?post=178886"}],"curies":[{"name":"wp","href":"https:\/\/api.w.org\/{rel}","templated":true}]}}