{"id":178888,"date":"2025-12-30T21:34:07","date_gmt":"2025-12-30T21:34:07","guid":{"rendered":"https:\/\/www.europesays.com\/pl\/178888\/"},"modified":"2025-12-30T21:34:07","modified_gmt":"2025-12-30T21:34:07","slug":"wicemistrzowie-polski-zaskoczeni-tuz-przed-polfinalem-znamy-sklad-final-four-przeglad-sportowy-onet","status":"publish","type":"post","link":"https:\/\/www.europesays.com\/pl\/178888\/","title":{"rendered":"Wicemistrzowie Polski zaskoczeni tu\u017c przed p\u00f3\u0142fina\u0142em! Znamy sk\u0142ad Final Four &#8211; Przegl\u0105d Sportowy Onet"},"content":{"rendered":"<ol>\n<li><a href=\"https:\/\/news.google.com\/rss\/articles\/CBMixgFBVV95cUxQb28tSHgyQ19SU1VTNElHc1dDODdLcVREd0FzOFZDZk1ySFozNzBlNElnX1hOSFRzdXU1cDdsbEwyUE5hdFV6NUZrVXdVTUZiYzdjX3dSOVN1aXdCTGhzdEZvd1l0MGhwWmtaWDZpX3pMUWNScG9pQ2JINXE5Z0JnaDM4LTFUTk9LTW1yQWFBVjdJWklpZjZNX2NLSWoybWJvb2I5QUxLSWc2UjZwRzlUbW9yYV9sLW0ySTViZ2psQ2hneVp0S2c?oc=5\" target=\"_blank\" rel=\"nofollow noopener\">Wicemistrzowie Polski zaskoczeni tu\u017c przed p\u00f3\u0142fina\u0142em! Znamy sk\u0142ad Final Four<\/a>&nbsp;&nbsp;Przegl\u0105d Sportowy Onet<\/li>\n<li><a href=\"https:\/\/news.google.com\/rss\/articles\/CBMiqgFBVV95cUxQajB4cVB5aWpYZGxTdWYzaEhVLVRQNW12dElzTDdXbk5WazJCZTl1RlYxeUhQR21MdVQwakxrZm96Y1hlTzJ6Q2hKeHBRQ0gyN0lEa19FTHU3SEg1MURtdENySVVaeFcxUk82U0Q1NGU2andFaVRzSXl0aFY2U0dQWHZpMS1HZzN4bXpTcF9VMlgxaHp4SWNKdVRGRmlDVnhqYnp3bFNwU0wtQQ?oc=5\" target=\"_blank\" rel=\"nofollow noopener\">Do trzech razy sztuka! Resovia g\u00f3r\u0105 w hicie Pucharu Polski<\/a>&nbsp;&nbsp;www.polsatsport.pl<\/li>\n<li><a href=\"https:\/\/news.google.com\/rss\/articles\/CBMiswFBVV95cUxPWFY5SmZSTzA5SGhSQ2JKYkgzVmN3em90QjQxTGhDTVNpZDNDSGJTWnZPOExFLS0tdm9qUzc3UFBwYlFUb3o5Ny10d3gwZGEtVC15bFFWanFPUnZOVVc5WkpLRXZEeEM0X0JWUC1yU0NuWlNWOEd5OVlROFVCcktGSEZIMGc1SEhoTXUwd1F6ZVJxN3dpZlF0enNtV1VhbEhHT3hXUUJZVnV5bEk5TFFxYWNYcw?oc=5\" target=\"_blank\" rel=\"nofollow noopener\">Dru\u017cyna Micha\u0142a Winiarskiego za burt\u0105. Koniec marze\u0144 o trofeum, co za triumf wielkich rywali<\/a>&nbsp;&nbsp;Sport w INTERIA.PL<\/li>\n<li><a href=\"https:\/\/news.google.com\/rss\/articles\/CBMihAFBVV95cUxNN2s4MWtyaUhPTEtIRnJFeGJZQlNCNHFwS3dVUTJUQ1BMdHQtbXN0YU5xTXJLcktMcldCMGtQNFV2Ung5UEQ0SElvZmVrOWVBal9kRm00YW9uQ00tUktxdU9lS3VzY0oyM1VrdXR4Q3hqTGRiSzh2YTRwUHlPUWhkNDNMSHI?oc=5\" target=\"_blank\" rel=\"nofollow noopener\">Indykpol AZS Olsztyn zagra w Krakowie! [WIDEO]<\/a>&nbsp;&nbsp;PlusLiga<\/li>\n<li><a href=\"https:\/\/news.google.com\/rss\/articles\/CBMifkFVX3lxTFBpOWJBUl9MMUdCZUtiYTZBaFlqaU1EQTBXMFNfNXhTSFJTMV9TZDVMSmlMaVVyNC1pdFY0LXBEZzktSFZlUEZ4MGU4bFM3OHZpWHl0MVNQT2Y2bVE1ZWpWcTdBMHAyUkRTYlNfVDZOZTQ4c2dFbkk0ZE9jQnc2dw?oc=5\" target=\"_blank\" rel=\"nofollow noopener\">Graj\u0105 dalej. Indykpol AZS Olsztyn w finale<\/a>&nbsp;&nbsp;TVP Olsztyn<\/li>\n<\/ol>\n","protected":false},"excerpt":{"rendered":"Wicemistrzowie Polski zaskoczeni tu\u017c przed p\u00f3\u0142fina\u0142em! Znamy sk\u0142ad Final Four&nbsp;&nbsp;Przegl\u0105d Sportowy Onet Do trzech razy sztuka! Resovia g\u00f3r\u0105&hellip;\n","protected":false},"author":2,"featured_media":178889,"comment_status":"","ping_status":"","sticky":false,"template":"","format":"standard","meta":{"footnotes":""},"categories":[24],"tags":[16179,23250,67,42,38,40,39,41,136,128,34709,47,131,127,135,126],"class_list":{"0":"post-178888","1":"post","2":"type-post","3":"status-publish","4":"format-standard","5":"has-post-thumbnail","7":"category-sport","8":"tag-aluron_cmc_warta_zawiercie","9":"tag-asseco_resovia_rzeszow","10":"tag-intextvideo_splayer","11":"tag-pl","12":"tag-poland","13":"tag-polish","14":"tag-polska","15":"tag-polski","16":"tag-ps_detal_new","17":"tag-psv2","18":"tag-puchar_polski_siatkarzy","19":"tag-screening_general","20":"tag-siatkowka","21":"tag-sport","22":"tag-sport_sport","23":"tag-sports"},"share_on_mastodon":{"url":"https:\/\/pubeurope.com\/@pl\/115810668770729757","error":""},"_links":{"self":[{"href":"https:\/\/www.europesays.com\/pl\/wp-json\/wp\/v2\/posts\/178888","targetHints":{"allow":["GET"]}}],"collection":[{"href":"https:\/\/www.europesays.com\/pl\/wp-json\/wp\/v2\/posts"}],"about":[{"href":"https:\/\/www.europesays.com\/pl\/wp-json\/wp\/v2\/types\/post"}],"author":[{"embeddable":true,"href":"https:\/\/www.europesays.com\/pl\/wp-json\/wp\/v2\/users\/2"}],"replies":[{"embeddable":true,"href":"https:\/\/www.europesays.com\/pl\/wp-json\/wp\/v2\/comments?post=178888"}],"version-history":[{"count":0,"href":"https:\/\/www.europesays.com\/pl\/wp-json\/wp\/v2\/posts\/178888\/revisions"}],"wp:featuredmedia":[{"embeddable":true,"href":"https:\/\/www.europesays.com\/pl\/wp-json\/wp\/v2\/media\/178889"}],"wp:attachment":[{"href":"https:\/\/www.europesays.com\/pl\/wp-json\/wp\/v2\/media?parent=178888"}],"wp:term":[{"taxonomy":"category","embeddable":true,"href":"https:\/\/www.europesays.com\/pl\/wp-json\/wp\/v2\/categories?post=178888"},{"taxonomy":"post_tag","embeddable":true,"href":"https:\/\/www.europesays.com\/pl\/wp-json\/wp\/v2\/tags?post=178888"}],"curies":[{"name":"wp","href":"https:\/\/api.w.org\/{rel}","templated":true}]}}