{"id":178898,"date":"2025-12-30T21:39:08","date_gmt":"2025-12-30T21:39:08","guid":{"rendered":"https:\/\/www.europesays.com\/pl\/178898\/"},"modified":"2025-12-30T21:39:08","modified_gmt":"2025-12-30T21:39:08","slug":"prokuratura-umorzyla-sledztwo-w-sprawie-krzysztofa-kononowicza-decyzja-po-miesiacach-sledztwa","status":"publish","type":"post","link":"https:\/\/www.europesays.com\/pl\/178898\/","title":{"rendered":"Prokuratura umorzy\u0142a \u015bledztwo w sprawie Krzysztofa Kononowicza. Decyzja po miesi\u0105cach \u015bledztwa"},"content":{"rendered":"<p class=\"article-p\" data-section=\"detail-body\">17 kwietnia bie\u017c\u0105cego roku Prokuratura Rejonowa Bia\u0142ystok-Po\u0142udnie wszcz\u0119\u0142a \u015bledztwo w sprawie zn\u0119cania si\u0119 fizycznego i psychicznego nad osob\u0105 chor\u0105 umys\u0142owo, w tym przypadku Krzysztofem Kononowiczem, znanym mi\u0119dzy innymi z kandydowania na urz\u0105d prezydenta Bia\u0142egostoku.<\/p>\n<p class=\"article-p\" data-section=\"detail-body\">M\u0119\u017cczyzna zmar\u0142 6 marca 2025 roku w wieku 62 lat. <\/p>\n<p>        Zn\u0119cali si\u0119 nad Kononowiczem? Prywatne osoby zaalarmowa\u0142y s\u0142u\u017cby<\/p>\n<p class=\"article-p\" data-section=\"detail-body\">Osoby prywatne, kt\u00f3re z\u0142o\u017cy\u0142y doniesienie do s\u0142u\u017cb po \u015bmierci Kononowicza, sugerowa\u0142y, \u017ce autorzy kontrowersyjnych nagra\u0144 zn\u0119cali si\u0119 nad nieporadnym \u017cyciowo Kononowiczem. Filmy te, publikowane przede wszystkim na kanale Youtube &#8222;Mleczny Cz\u0142owiek&#8221;, generowa\u0142y spore wy\u015bwietlenia, a tym samym pozwala\u0142y na zarabianie pieni\u0119dzy.<\/p>\n<p class=\"article-p\" data-section=\"detail-body\">\u015aledztwo dotyczy\u0142o a\u017c trzyletniego okresu, od grudnia 2022 roku do marca 2025. Dowodami by\u0142y materia\u0142y wideo, publikowane przez samych &#8222;opiekun\u00f3w&#8221; starszego m\u0119\u017cczyzny. W\u015br\u00f3d bulwersuj\u0105cych incydent\u00f3w znalaz\u0142y si\u0119 bardzo intymne lub upokarzaj\u0105ce sytuacje. Nagrano oraz opublikowano mi\u0119dzy innymi sytuacj\u0119, w kt\u00f3rej Kononowicz pije mocz.<\/p>\n<p class=\"article-p\" data-section=\"detail-body\">W\u0142a\u015bciciel kana\u0142u &#8222;Mleczny Cz\u0142owiek&#8221; pytany o to, dlaczego umieszcza\u0142 patologiczne nagrania, odpowiedzia\u0142, \u017ce mia\u0142 na to zgod\u0119 samego Kononowicza.<\/p>\n<p class=\"article-p\" data-section=\"detail-body\">Prok. El\u017cbieta Bu\u0142at, zast\u0119pca Prokuratora Rejonowego Bia\u0142ystok-Po\u0142udnie, w rozmowie z polsatnews.pl przekaza\u0142a, \u017ce \u015bledztwo zosta\u0142o umorzone. Tak\u0105 decyzj\u0105 prokuratura podj\u0119\u0142a w poniedzia\u0142ek 29 grudnia.<\/p>\n<p class=\"article-p\" data-section=\"detail-body\">Nie wykryto znamion czynu zabronionego<\/p>\n<p class=\"article-p\" data-section=\"detail-body\">\u2014 t\u0142umaczy\u0142a \u015bledcza w rozmowie z dziennikarzami.<\/p>\n<p class=\"article-p\" data-section=\"detail-body\"><a href=\"https:\/\/www.fakt.pl\/wydarzenia\/polska\/trojmiasto\/gdanska-policja-publikuje-portret-pamieciowy-zlodzieja-trwa-poszukiwanie-sprawcy\/mw9ylxf\" id=\"da11a0f7-3a22-488c-ae2c-abf6bebb44d5\" rel=\"nofollow noopener\" target=\"_blank\">Napad\u0142 na kobiet\u0119 i uciek\u0142. Tak m\u00f3g\u0142 wygl\u0105da\u0107. Policja prosi o pomoc<\/a><\/p>\n<p class=\"article-p\" data-section=\"detail-body\"><a href=\"https:\/\/www.fakt.pl\/wydarzenia\/polska\/trojmiasto\/akt-oskarzenia-po-dramacie-5-latka-z-gdyni-sprawa-trafila-do-sadu\/xzye8qx\" id=\"8c3f9280-e06b-4b0c-9a94-5810cde13d56\" rel=\"nofollow noopener\" target=\"_blank\">Matka i jej partner stan\u0105 przed s\u0105dem. Prokuratura ujawnia zarzuty wobec pary z Gdyni<\/a><\/p>\n<p class=\"article-p\" data-section=\"detail-body\"><a href=\"https:\/\/www.fakt.pl\/wydarzenia\/polska\/krakow\/sylwester-w-tatrach-eksperci-ostrzegaja-przed-nocnymi-wyjsciami-w-gory\/0bmg0x2\" id=\"612950dd-5d23-4dd5-995e-275a8f60620d\" rel=\"nofollow noopener\" target=\"_blank\">Ratownicy TOPR ostrzegaj\u0105 przed sylwestrem w Tatrach. Nowe szczeg\u00f3\u0142y o zagro\u017ceniach<\/a><\/p>\n","protected":false},"excerpt":{"rendered":"17 kwietnia bie\u017c\u0105cego roku Prokuratura Rejonowa Bia\u0142ystok-Po\u0142udnie wszcz\u0119\u0142a \u015bledztwo w sprawie zn\u0119cania si\u0119 fizycznego i psychicznego nad osob\u0105&hellip;\n","protected":false},"author":2,"featured_media":178899,"comment_status":"","ping_status":"","sticky":false,"template":"","format":"standard","meta":{"footnotes":""},"categories":[12],"tags":[32,33,36,37,27,34,35,28,31,25,42,38,40,39,41,29,30,26],"class_list":{"0":"post-178898","1":"post","2":"type-post","3":"status-publish","4":"format-standard","5":"has-post-thumbnail","7":"category-polska","8":"tag-breaking-news","9":"tag-breakingnews","10":"tag-featured-news","11":"tag-featurednews","12":"tag-headlines","13":"tag-latest-news","14":"tag-latestnews","15":"tag-naglowki","16":"tag-najwazniejsze-artykuly","17":"tag-news","18":"tag-pl","19":"tag-poland","20":"tag-polish","21":"tag-polska","22":"tag-polski","23":"tag-top-stories","24":"tag-topstories","25":"tag-wiadomosci"},"share_on_mastodon":{"url":"https:\/\/pubeurope.com\/@pl\/115810688286218721","error":""},"_links":{"self":[{"href":"https:\/\/www.europesays.com\/pl\/wp-json\/wp\/v2\/posts\/178898","targetHints":{"allow":["GET"]}}],"collection":[{"href":"https:\/\/www.europesays.com\/pl\/wp-json\/wp\/v2\/posts"}],"about":[{"href":"https:\/\/www.europesays.com\/pl\/wp-json\/wp\/v2\/types\/post"}],"author":[{"embeddable":true,"href":"https:\/\/www.europesays.com\/pl\/wp-json\/wp\/v2\/users\/2"}],"replies":[{"embeddable":true,"href":"https:\/\/www.europesays.com\/pl\/wp-json\/wp\/v2\/comments?post=178898"}],"version-history":[{"count":0,"href":"https:\/\/www.europesays.com\/pl\/wp-json\/wp\/v2\/posts\/178898\/revisions"}],"wp:featuredmedia":[{"embeddable":true,"href":"https:\/\/www.europesays.com\/pl\/wp-json\/wp\/v2\/media\/178899"}],"wp:attachment":[{"href":"https:\/\/www.europesays.com\/pl\/wp-json\/wp\/v2\/media?parent=178898"}],"wp:term":[{"taxonomy":"category","embeddable":true,"href":"https:\/\/www.europesays.com\/pl\/wp-json\/wp\/v2\/categories?post=178898"},{"taxonomy":"post_tag","embeddable":true,"href":"https:\/\/www.europesays.com\/pl\/wp-json\/wp\/v2\/tags?post=178898"}],"curies":[{"name":"wp","href":"https:\/\/api.w.org\/{rel}","templated":true}]}}