{"id":178921,"date":"2025-12-30T21:52:12","date_gmt":"2025-12-30T21:52:12","guid":{"rendered":"https:\/\/www.europesays.com\/pl\/178921\/"},"modified":"2025-12-30T21:52:12","modified_gmt":"2025-12-30T21:52:12","slug":"zatoniecie-rosyjskiego-statku-ursa-major-media-plynal-do-korei-polnocnej","status":"publish","type":"post","link":"https:\/\/www.europesays.com\/pl\/178921\/","title":{"rendered":"Zatoni\u0119cie rosyjskiego statku Ursa Major. Media: P\u0142yn\u0105\u0142 do Korei P\u00f3\u0142nocnej"},"content":{"rendered":"<p>W skr\u00f3cie<\/p>\n<ul class=\"typography ids-typeset-body ids-typeset-body--preset-large list ids-list ids-list--unordered ids-list--size-large \" datatype=\"disc\">\n<li class=\"ids-list-item\">\n<p>Rosyjski statek Ursa Major zaton\u0105\u0142 na Morzu \u015ar\u00f3dziemnym w grudniu 2025 roku, zgin\u0119\u0142o dw\u00f3ch cz\u0142onk\u00f3w za\u0142ogi.<\/p>\n<\/li>\n<li class=\"ids-list-item\">\n<p>Dziennikarskie \u015bledztwo wykaza\u0142o, \u017ce rzeczywist\u0105 destynacj\u0105 statku by\u0142a Korea P\u00f3\u0142nocna, gdzie mia\u0142 dostarczy\u0107 cz\u0119\u015bci reaktora atomowego.<\/p>\n<\/li>\n<li class=\"ids-list-item\">\n<p>Transport m\u00f3g\u0142 by\u0107 rozliczeniem za wsparcie wojskowe Korei P\u00f3\u0142nocnej dla Rosji w wojnie przeciwko Ukrainie.<\/p>\n<\/li>\n<li class=\"ids-list-item\"><\/li>\n<\/ul>\n<p class=\"typography ids-typeset-body ids-typeset-body--preset-large link paragraph ids-paragraph ids-paragraph--default\">Rosyjski statek towarowy Ursa Major, kt\u00f3ry oficjalnie mia\u0142 p\u0142yn\u0105\u0107 do portu we W\u0142adywostoku, zaton\u0105\u0142 24 grudnia 2024 roku na Morzu \u015ar\u00f3dziemnym mi\u0119dzy <a href=\"https:\/\/wydarzenia.interia.pl\/tematy-hiszpania,gsbi,3389\" rel=\"nofollow noopener\" target=\"_blank\">Hiszpani\u0105<\/a> a <a href=\"https:\/\/wydarzenia.interia.pl\/tematy-algieria,gsbi,4614\" rel=\"nofollow noopener\" target=\"_blank\">Algieri\u0105<\/a>. Zgin\u0119\u0142o w\u00f3wczas dw\u00f3ch cz\u0142onk\u00f3w za\u0142ogi, pozosta\u0142ych 14 zosta\u0142o uratowanych.<\/p>\n<p class=\"typography ids-typeset-body ids-typeset-body--preset-large link paragraph ids-paragraph ids-paragraph--default\">W internecie zosta\u0142o opublikowane nagranie, ukazuj\u0105ce statek przechylaj\u0105cy si\u0119 przed zatoni\u0119ciem. Pa\u0144stwowa korporacja Oboronlogistics\u00a0podleg\u0142a rosyjskiemu resortowi obrony\u00a0przekaza\u0142a, \u017ce do wypadku dosz\u0142o z powodu trzech eksplozji, kt\u00f3re mia\u0142y miejsce na pok\u0142adzie.<\/p>\n<p>Zatoni\u0119cie statku Ursa Major. Media: Odebrano sygna\u0142 &#8222;mayday&#8221;<\/p>\n<p class=\"typography ids-typeset-body ids-typeset-body--preset-large link paragraph ids-paragraph ids-paragraph--default\">O nowych ustaleniach w tej sprawie poinformowa\u0142a redakcja &#8222;La Verdad&#8221;. \u015aledztwo hiszpa\u0144skich w\u0142adz wykaza\u0142o, \u017ce\u00a0ju\u017c trzy dni przed zatoni\u0119ciem kontrolerzy morscy z Almerii kontaktowali si\u0119 z rosyjsk\u0105 za\u0142og\u0105. 23 grudnia centrum poszukiwawczo-ratownicze w Kartagenie\u00a0odebra\u0142o sygna\u0142 &#8222;mayday&#8221;, po czym rozpocz\u0119\u0142a si\u0119 akcja ratownicza statku Ursa Major.<\/p>\n<p class=\"typography ids-typeset-body ids-typeset-body--preset-large link paragraph ids-paragraph ids-paragraph--default\">Kapitan Igor Anisimow twierdzi\u0142, \u017ce na pok\u0142adzie znajdowa\u0142y si\u0119 ci\u0119\u017ckie pokrywy w\u0142az\u00f3w instalowanych na okr\u0119tach podwodnych.<\/p>\n<p class=\"typography ids-typeset-body ids-typeset-body--preset-large link paragraph ids-paragraph ids-paragraph--default\">Hiszpanie ustalili, \u017ce na rufie statku przewo\u017c\u0105cego bro\u0144 i amunicj\u0119 znajduj\u0105 si\u0119 tak\u017ce dwa niezg\u0142oszone niebieskie kontenery. Wewn\u0105trz znajdowa\u0142a si\u0119 para obud\u00f3w reaktor\u00f3w atomowych VM-4SG instalowanych na okr\u0119tach podwodnych klasy Delta IV o nap\u0119dzie atomowym.<\/p>\n<p>Nowe ustalenia o rosyjskiej jednostce. Na statku by\u0142y cz\u0119\u015bci reaktor\u00f3w atomowych<\/p>\n<p class=\"typography ids-typeset-body ids-typeset-body--preset-large link paragraph ids-paragraph ids-paragraph--default\">Nie wiadomo, czy reaktory zawiera\u0142y paliwo j\u0105drowe. W\u0142adze hiszpa\u0144skie nie potwierdzi\u0142y tych informacji. W toku \u015bledztwa odkryto rzeczywist\u0105 destynacj\u0119 transportu &#8211; mia\u0142a nim by\u0107 <a href=\"https:\/\/wydarzenia.interia.pl\/tematy-korea-polnocna,gsbi,4314\" rel=\"nofollow noopener\" target=\"_blank\">Korea P\u00f3\u0142nocna<\/a>, a \u015bci\u015blej port w mie\u015bcie Rason.<\/p>\n<p class=\"typography ids-typeset-body ids-typeset-body--preset-large link paragraph ids-paragraph ids-paragraph--default\">Jak poda\u0142a gazeta &#8222;La Verdad&#8221;, transport niezg\u0142oszonych \u0142adunk\u00f3w by\u0142by &#8222;praktycznie niemo\u017cliwy&#8221; do przewiezienia kr\u0119tymi drogami <a href=\"https:\/\/wydarzenia.interia.pl\/tematy-rosja,gsbi,3125\" rel=\"nofollow noopener\" target=\"_blank\">Rosji<\/a>, Kazachstanu, Uzbekistanu i Afganistanu, a wyznaczenie na cel Korei P\u00f3\u0142nocnej, uzasadnia\u0142by podr\u00f3\u017c drog\u0105 morsk\u0105 na dystansie ponad 15 000 kilometr\u00f3w mi\u0119dzy Sankt Petersburgiem a W\u0142adywostokiem.<\/p>\n<p class=\"typography ids-typeset-body ids-typeset-body--preset-large link paragraph ids-paragraph ids-paragraph--default\">Wyprawa rosyjskiego statku mog\u0142a by\u0107 rewan\u017cem ze strony Rosji na przekazanie Moskwie przez Pjongjang tysi\u0119cy\u00a0pocisk\u00f3w artyleryjskich i oddelegowanie \u017co\u0142nierzy w wojnie Kremla przeciw <a href=\"https:\/\/wydarzenia.interia.pl\/tematy-ukraina,gsbi,3144\" rel=\"nofollow noopener\" target=\"_blank\">Ukrainie<\/a> &#8211; przekaza\u0142o Maritime Executive.<\/p>\n<p>Marcin Bosacki w &#8222;Graffiti&#8221;: Nie planujemy wysy\u0142ania wojsk na Ukrain\u0119Polsat News<\/p>\n<p><a class=\"ids-undecorated-link source ids-page-info--source__link\" href=\"https:\/\/www.interia.pl\" rel=\"nofollow noopener\" target=\"_blank\"><img decoding=\"async\" class=\"ids-image-holder__img\" loading=\"lazy\" alt=\"\" title=\"\" height=\"24px\" src=\"https:\/\/www.europesays.com\/pl\/wp-content\/uploads\/2025\/12\/1767114070_952_0009A60QQ5I2TYF7-C202-F4.webp.webp\"\/><\/a><\/p>\n<p>Masz sugestie, uwagi albo widzisz b\u0142\u0105d? Napisz do nas<\/p>\n","protected":false},"excerpt":{"rendered":"W skr\u00f3cie Rosyjski statek Ursa Major zaton\u0105\u0142 na Morzu \u015ar\u00f3dziemnym w grudniu 2025 roku, zgin\u0119\u0142o dw\u00f3ch cz\u0142onk\u00f3w za\u0142ogi.&hellip;\n","protected":false},"author":2,"featured_media":178922,"comment_status":"","ping_status":"","sticky":false,"template":"","format":"standard","meta":{"footnotes":""},"categories":[14],"tags":[32,33,27,34,35,28,31,25,40,41,80,29,30,26,82,83,84],"class_list":{"0":"post-178921","1":"post","2":"type-post","3":"status-publish","4":"format-standard","5":"has-post-thumbnail","7":"category-swiat","8":"tag-breaking-news","9":"tag-breakingnews","10":"tag-headlines","11":"tag-latest-news","12":"tag-latestnews","13":"tag-naglowki","14":"tag-najwazniejsze-artykuly","15":"tag-news","16":"tag-polish","17":"tag-polski","18":"tag-swiat","19":"tag-top-stories","20":"tag-topstories","21":"tag-wiadomosci","22":"tag-world","23":"tag-world-news","24":"tag-worldnews"},"share_on_mastodon":{"url":"https:\/\/pubeurope.com\/@pl\/115810739461006192","error":""},"_links":{"self":[{"href":"https:\/\/www.europesays.com\/pl\/wp-json\/wp\/v2\/posts\/178921","targetHints":{"allow":["GET"]}}],"collection":[{"href":"https:\/\/www.europesays.com\/pl\/wp-json\/wp\/v2\/posts"}],"about":[{"href":"https:\/\/www.europesays.com\/pl\/wp-json\/wp\/v2\/types\/post"}],"author":[{"embeddable":true,"href":"https:\/\/www.europesays.com\/pl\/wp-json\/wp\/v2\/users\/2"}],"replies":[{"embeddable":true,"href":"https:\/\/www.europesays.com\/pl\/wp-json\/wp\/v2\/comments?post=178921"}],"version-history":[{"count":0,"href":"https:\/\/www.europesays.com\/pl\/wp-json\/wp\/v2\/posts\/178921\/revisions"}],"wp:featuredmedia":[{"embeddable":true,"href":"https:\/\/www.europesays.com\/pl\/wp-json\/wp\/v2\/media\/178922"}],"wp:attachment":[{"href":"https:\/\/www.europesays.com\/pl\/wp-json\/wp\/v2\/media?parent=178921"}],"wp:term":[{"taxonomy":"category","embeddable":true,"href":"https:\/\/www.europesays.com\/pl\/wp-json\/wp\/v2\/categories?post=178921"},{"taxonomy":"post_tag","embeddable":true,"href":"https:\/\/www.europesays.com\/pl\/wp-json\/wp\/v2\/tags?post=178921"}],"curies":[{"name":"wp","href":"https:\/\/api.w.org\/{rel}","templated":true}]}}