{"id":178944,"date":"2025-12-30T22:04:12","date_gmt":"2025-12-30T22:04:12","guid":{"rendered":"https:\/\/www.europesays.com\/pl\/178944\/"},"modified":"2025-12-30T22:04:12","modified_gmt":"2025-12-30T22:04:12","slug":"refren-tego-hitu-zna-niemal-kazdy-polak-gdyby-nie-zony-muzykow-mogl-zostac-w-szufladzie","status":"publish","type":"post","link":"https:\/\/www.europesays.com\/pl\/178944\/","title":{"rendered":"Refren tego hitu zna niemal ka\u017cdy Polak. Gdyby nie \u017cony muzyk\u00f3w, m\u00f3g\u0142 zosta\u0107 w szufladzie"},"content":{"rendered":"<ul class=\"list-summary__items summary\">\n<li>Jak \u017cony artyst\u00f3w wp\u0142yn\u0119\u0142y na powstanie hitu Budki Suflera.<\/li>\n<li>Dlaczego tekst piosenki budzi\u0142 w\u0105tpliwo\u015bci tw\u00f3rc\u00f3w.<\/li>\n<li>Co przyczyni\u0142o si\u0119 do sukcesu utworu 'Takie tango&#8217;.<\/li>\n<li>Kiedy zesp\u00f3\u0142 Budka Suflera powr\u00f3ci\u0142 po zako\u0144czeniu dzia\u0142alno\u015bci.<\/li>\n<\/ul>\n<p>    \t\t<a name=\"eztoc36382996_0_7\" id=\"eztoc36382996_0_7\"\/>Wielki hit m\u00f3g\u0142 trafi\u0107 do szuflady. \u017bony artyst\u00f3w uratowa\u0142y sytuacj\u0119<\/p>\n<p>Dzisiaj ten utw\u00f3r jest wielkim hitem, a jego tekst znaj\u0105 nie tylko starsi, ale tak\u017ce m\u0142odsi<br \/>\n<a href=\"https:\/\/wiadomosci.radiozet.pl\/tag\/kategoria\/polacy\" target=\"_self\" rel=\"dofollow noopener\">\u00a0Polacy<\/a>. Ma\u0142o brakowa\u0142o, a<br \/>\n<a href=\"https:\/\/wiadomosci.radiozet.pl\/tag\/kategoria\/piosenka\" target=\"_self\" rel=\"dofollow noopener\">\u00a0piosenka<\/a> nigdy nie ujrza\u0142aby \u015bwiat\u0142a dziennego. Wszystko zacz\u0119\u0142o si\u0119 od wydania albumu \u201eNoc\u201d, kt\u00f3ry m\u00f3wi\u0105c wprost, nie zachwyci\u0142 publiczno\u015b\u0107, co prze\u0142o\u017cy\u0142o si\u0119 na refleksje ze strony<br \/>\n<a href=\"https:\/\/wiadomosci.radiozet.pl\/tag\/kategoria\/muzycy\" target=\"_self\" rel=\"dofollow noopener\">muzyk\u00f3w<\/a>, kt\u00f3rzy zacz\u0119li zastanawia\u0107 si\u0119 nad przysz\u0142o\u015bci\u0105 zespo\u0142u.<\/p>\n<p>Rozwi\u0105\u017c muzyczny quiz. Tylko mistrz zdob\u0119dzie komplet punkt\u00f3w! Dalsz\u0105 cz\u0119\u015b\u0107 artyku\u0142u znajdziesz pod quizem&#8230;<\/p>\n<p>    Quiz: Do tej muzyki Polacy bawili si\u0119 w m\u0142odo\u015bci. Poznasz wszystkie hity?<\/p>\n<p>                                    <img decoding=\"async\" data-ot-ignore=\"\" src=\"https:\/\/www.europesays.com\/pl\/wp-content\/uploads\/2025\/12\/686e2365aece3d8985a48f48.jpg\" alt=\"Rutowska Gra\u017cyna\/Narodowe Archiwum Cyfrowe\"\/><\/p>\n<p>Romuald Lipko postanowi\u0142 spr\u00f3bowa\u0107 czego\u015b w nieco innym brzmieniu. Skomponowa\u0142<br \/>\n<a href=\"https:\/\/wiadomosci.radiozet.pl\/tag\/kategoria\/muzyka\" target=\"_self\" rel=\"dofollow noopener\">\u00a0muzyk\u0119<\/a> i poprosi\u0142 o pomoc Andrzeja Mogielnickiego. Ten stworzy\u0142 tekst, w kt\u00f3rym pojawia\u0142y si\u0119 s\u0142ynne s\u0142owa\u00a0\u201ebo do tanga trzeba dwojga\u201d. Piosenka jednak nie nawi\u0105zywa\u0142a do s\u0142ynnego ta\u0144ca.\u00a0Mogielnicki poprosi\u0142 o opini\u0119 \u017con\u0119, poniewa\u017c uzna\u0142, \u017ce tekst mo\u017ce nie by\u0107 sp\u00f3jny. \u201ePos\u0142uchaj, czy to ma co\u015b z tanga?\u201d &#8211; mia\u0142 zapyta\u0107. \u201eNa upartego mo\u017ce i ma\u201d- odpar\u0142a Urszula Mogielnicka.<\/p>\n<p><a name=\"eztoc36382996_0_8\" id=\"eztoc36382996_0_8\"\/>Podobne w\u0105tpliwo\u015bci mia\u0142 Romuald Lipko<\/p>\n<p>Podobne w\u0105tpliwo\u015bci mia\u0142 Romuald Lipko, kt\u00f3ry r\u00f3wnie\u017c zatrzyma\u0142 si\u0119 nad tekstem i swoimi w\u0105tpliwo\u015bciami podzieli\u0142 si\u0119 z \u017con\u0105. Ukochana przekona\u0142a go jednak, aby nie skre\u015bla\u0142 piosenki. Z pewno\u015bci\u0105 dzi\u0119ki postawie \u017conom muzyk\u00f3w, piosenka jest dzi\u015b wielkim przebojem i nie trafi\u0142a do szuflady.<\/p>\n<p>Utw\u00f3r zosta\u0142 wydany w 1997 roku i znalaz\u0142 si\u0119 na albumie\u00a0\u201eNic nie boli, tak jak \u017cycie\u201d. Piosenka zachwyci\u0142a publiczno\u015b\u0107 i sta\u0142a si\u0119 hitem, kt\u00f3ry mimo up\u0142ywu czasu wci\u0105\u017c jest\u00a0ch\u0119tnie s\u0142uchany i \u015bpiewany.<\/p>\n<p>\t\t\t\t\t\t    \t                                                \t<a name=\"eztoc36382996_0_9\" id=\"eztoc36382996_0_9\"\/>Budka Suflera legendarnym polskim zespo\u0142em<\/p>\n<p>Budka Suflera to kultowy polski zesp\u00f3\u0142 rockowy, kt\u00f3ry zosta\u0142 za\u0142o\u017cony w Lublinie w 1974 roku przez\u00a0Romualda Lipk\u0119, Krzysztofa Cugowskiego i Andrzeja Zi\u00f3\u0142kowskiego. Sk\u0142ad zespo\u0142u na przestrzeni lat ulega\u0142 zmianom. Zesp\u00f3\u0142 w swoim repertuarze ma wiele hit\u00f3w, kt\u00f3rych Polacy wci\u0105\u017c ch\u0119tnie s\u0142uchaj\u0105. Nale\u017c\u0105 do nich m.in.:\u00a0\u201eTakie tango\u201d, \u201eJest taki samotny dom\u201d, \u201eZa ostatni grosz\u201d, \u201eJolka, Jolka pami\u0119tasz\u201d, czy \u201eBal wszystkich \u015bwi\u0119tych\u201d.<\/p>\n<p>Budka Suflera w 2014 roku zorganizowa\u0142a po\u017cegnaln\u0105 tras\u0119 koncertow\u0105 i zako\u0144czy\u0142a dzia\u0142alno\u015b\u0107. Zesp\u00f3\u0142 powr\u00f3ci\u0142 i zosta\u0142 reaktywowany w 2019 roku, ale ju\u017c bez udzia\u0142u Krzysztofa Cugowskiego.<\/p>\n<p>\u0179r\u00f3d\u0142o: Radio ZET\/muzyka.interia.pl\/Wikipedia<\/p>\n<p>By\u0142e\u015b \u015bwiadkiem czego\u015b niespodziewanego? Masz temat, kt\u00f3rym powinni\u015bmy si\u0119 zaj\u0105\u0107?<\/p>\n<p>Zg\u0142o\u015b spraw\u0119 przez <a href=\"https:\/\/wiadomosci.radiozet.pl\/czerwony-telefon\" target=\"_blank\" title=\"Czerwony telefon Radia Zet\" rel=\"nofollow noopener\">Czerwony telefon Radia ZET<\/a><\/p>\n","protected":false},"excerpt":{"rendered":"Jak \u017cony artyst\u00f3w wp\u0142yn\u0119\u0142y na powstanie hitu Budki Suflera. Dlaczego tekst piosenki budzi\u0142 w\u0105tpliwo\u015bci tw\u00f3rc\u00f3w. Co przyczyni\u0142o si\u0119&hellip;\n","protected":false},"author":2,"featured_media":178945,"comment_status":"","ping_status":"","sticky":false,"template":"","format":"standard","meta":{"footnotes":"","_share_on_mastodon":"0"},"categories":[20],"tags":[8589,208,261,18185,1252,120,118,119,18186,42,367,38,40,39,41,116,114,115,121,117],"class_list":["post-178944","post","type-post","status-publish","format-standard","has-post-thumbnail","category-nauka-i-technika","tag-artysci","tag-ciekawostki","tag-kultura","tag-muzycy","tag-muzyka","tag-nauka","tag-nauka-i-technika","tag-naukatechnika","tag-piosenka","tag-pl","tag-polacy","tag-poland","tag-polish","tag-polska","tag-polski","tag-science","tag-science-and-technology","tag-sciencetechnology","tag-technika","tag-technology"],"share_on_mastodon":{"url":"https:\/\/pubeurope.com\/@pl\/115810786970934011","error":""},"_links":{"self":[{"href":"https:\/\/www.europesays.com\/pl\/wp-json\/wp\/v2\/posts\/178944","targetHints":{"allow":["GET"]}}],"collection":[{"href":"https:\/\/www.europesays.com\/pl\/wp-json\/wp\/v2\/posts"}],"about":[{"href":"https:\/\/www.europesays.com\/pl\/wp-json\/wp\/v2\/types\/post"}],"author":[{"embeddable":true,"href":"https:\/\/www.europesays.com\/pl\/wp-json\/wp\/v2\/users\/2"}],"replies":[{"embeddable":true,"href":"https:\/\/www.europesays.com\/pl\/wp-json\/wp\/v2\/comments?post=178944"}],"version-history":[{"count":0,"href":"https:\/\/www.europesays.com\/pl\/wp-json\/wp\/v2\/posts\/178944\/revisions"}],"wp:featuredmedia":[{"embeddable":true,"href":"https:\/\/www.europesays.com\/pl\/wp-json\/wp\/v2\/media\/178945"}],"wp:attachment":[{"href":"https:\/\/www.europesays.com\/pl\/wp-json\/wp\/v2\/media?parent=178944"}],"wp:term":[{"taxonomy":"category","embeddable":true,"href":"https:\/\/www.europesays.com\/pl\/wp-json\/wp\/v2\/categories?post=178944"},{"taxonomy":"post_tag","embeddable":true,"href":"https:\/\/www.europesays.com\/pl\/wp-json\/wp\/v2\/tags?post=178944"}],"curies":[{"name":"wp","href":"https:\/\/api.w.org\/{rel}","templated":true}]}}