{"id":179000,"date":"2025-12-30T22:43:08","date_gmt":"2025-12-30T22:43:08","guid":{"rendered":"https:\/\/www.europesays.com\/pl\/179000\/"},"modified":"2025-12-30T22:43:08","modified_gmt":"2025-12-30T22:43:08","slug":"jsw-bez-porozumienia-ze-zwiazkowcami-konflikt-o-koszty-pracy-narasta","status":"publish","type":"post","link":"https:\/\/www.europesays.com\/pl\/179000\/","title":{"rendered":"JSW bez porozumienia ze zwi\u0105zkowcami. Konflikt o koszty pracy narasta"},"content":{"rendered":"<p data-section=\"detail-body\">JSW poinformowa\u0142a w komunikacie prasowym, \u017ce rozmowy dotycz\u0105ce &#8222;konieczno\u015bci tymczasowego ograniczenia koszt\u00f3w pracy&#8221; zako\u0144czy\u0142y si\u0119 bez osi\u0105gni\u0119cia porozumienia. Zarz\u0105d sp\u00f3\u0142ki podkre\u015bli\u0142 determinacj\u0119 w kontynuowaniu dialogu, licz\u0105c na wypracowanie rozwi\u0105za\u0144, kt\u00f3re pozwol\u0105 na zabezpieczenie miejsc pracy i stabilno\u015b\u0107 funkcjonowania sp\u00f3\u0142ki. &#8222;Apelujemy do strony spo\u0142ecznej o odpowiedzialne podej\u015bcie i gotowo\u015b\u0107 do kompromisu&#8221; \u2014 zaznaczono.<\/p>\n<p class=\"article_p\" data-section=\"detail-body\">Dalsza cz\u0119\u015b\u0107 artyku\u0142u znajduje si\u0119 pod materia\u0142em video:<\/p>\n<p class=\"article_p\" data-section=\"detail-body\">Czytaj te\u017c:<a href=\"https:\/\/businessinsider.com.pl\/gospodarka\/protest-gornikow-w-pg-silesia-gwarancje-i-przyszlosc-kopalni-pod-znakiem-zapytania\/0hwshmd\" id=\"5e6ab041-4d45-47a6-a068-a8aee8f0b86c\" rel=\"nofollow noopener\" target=\"_blank\"> O co chodzi g\u00f3rnikom z Silesii? &#8222;To poczucie niesprawiedliwo\u015bci&#8221;<\/a><\/p>\n<p>        Zwi\u0105zkowcy: &#8222;Nie ma zgody na si\u0119ganie do kieszeni g\u00f3rnik\u00f3w&#8221;<\/p>\n<p class=\"article_p\" data-section=\"detail-body\">Strona zwi\u0105zkowa pozostaje jednak nieugi\u0119ta. Przewodnicz\u0105cy Solidarno\u015bci w JSW, S\u0142awomir Koz\u0142owski, w nagraniu opublikowanym w mediach spo\u0142eczno\u015bciowych zarzuci\u0142 zarz\u0105dowi, \u017ce ci\u0119\u017car ratowania sp\u00f3\u0142ki ma w 80 proc. spocz\u0105\u0107 na pracownikach. &#8222;To projekt, kt\u00f3ry ma ograbi\u0107 pracownik\u00f3w JSW&#8221; \u2014 oceni\u0142. Koz\u0142owski pyta\u0142 r\u00f3wnie\u017c o losy \u015brodk\u00f3w finansowych, kt\u00f3re sp\u00f3\u0142ka posiada\u0142a jeszcze na pocz\u0105tku 2024 r., w tym 5,7 mld z\u0142 zgromadzonych w funduszu stabilizacyjnym. &#8222;Gdzie i na co te pieni\u0105dze zosta\u0142y wydane?&#8221; \u2014 pyta\u0142 zwi\u0105zkowiec, podkre\u015blaj\u0105c, \u017ce pracownicy nie mog\u0105 ponosi\u0107 odpowiedzialno\u015bci za decyzje zarz\u0105du i w\u0142a\u015bciciela.<\/p>\n<p>            Czytaj tak\u017ce w BUSINESS INSIDER<\/p>\n<p class=\"article_p\" data-section=\"detail-body\">Na profilu zak\u0142adowej Solidarno\u015bci kopalni Pni\u00f3wek pojawi\u0142o si\u0119 r\u00f3wnie stanowcze o\u015bwiadczenie. &#8222;Nie ma i nie b\u0119dzie zgody na si\u0119ganie do kieszeni g\u00f3rnik\u00f3w pod pretekstem ratowania sp\u00f3\u0142ki&#8221; \u2014 napisano. Organizacja podkre\u015bli\u0142a, \u017ce ryzyko i ci\u0119\u017car trudnych decyzji od lat spoczywaj\u0105 na pracownikach, a obecne propozycje zarz\u0105du to &#8222;przerzucanie koszt\u00f3w z\u0142ego zarz\u0105dzania na najs\u0142abszych&#8221;.<\/p>\n<p>        Zarz\u0105d apeluje o odpowiedzialno\u015b\u0107<\/p>\n<p class=\"article_p\" data-section=\"detail-body\">Jeszcze przed wtorkowymi rozmowami zarz\u0105d JSW ostrzega\u0142, \u017ce ich wynik b\u0119dzie mia\u0142 kluczowe znaczenie dla przysz\u0142o\u015bci sp\u00f3\u0142ki i tysi\u0119cy miejsc pracy. &#8222;Nie mo\u017cna dalej funkcjonowa\u0107, gdy koszty przewy\u017cszaj\u0105 przychody&#8221; \u2014 wskazano w komunikacie. W\u0142adze sp\u00f3\u0142ki podkre\u015bli\u0142y, \u017ce optymalizacja koszt\u00f3w pracy jest niezb\u0119dnym warunkiem realizacji programu naprawczego. &#8222;Bez porozumienia ze stron\u0105 spo\u0142eczn\u0105 skuteczna restrukturyzacja nie b\u0119dzie mo\u017cliwa&#8221; \u2014 zaznaczy\u0142 zarz\u0105d.<\/p>\n<p class=\"article_p\" data-section=\"detail-body\">W\u0142adze JSW wskaza\u0142y r\u00f3wnie\u017c, \u017ce dotychczasowe dzia\u0142ania naprawcze zosta\u0142y ju\u017c wdro\u017cone lub s\u0105 na zaawansowanym etapie, jednak skala obecnych wyzwa\u0144 jest wi\u0119ksza ni\u017c w poprzednich okresach dekoniunktury. &#8222;Ka\u017cda ze stron musi wzi\u0105\u0107 wsp\u00f3\u0142odpowiedzialno\u015b\u0107 za przysz\u0142o\u015b\u0107 JSW&#8221; \u2014 apelowano.<\/p>\n<p>        Straty i plan restrukturyzacji<\/p>\n<p class=\"article_p\" data-section=\"detail-body\">W tle konfliktu s\u0105 dramatyczne wyniki finansowe sp\u00f3\u0142ki. Po trzech kwarta\u0142ach 2025 r. JSW odnotowa\u0142a strat\u0119 netto w wysoko\u015bci 2,9 mld z\u0142 przy przychodach ze sprzeda\u017cy wynosz\u0105cych 7 mld z\u0142. W samym trzecim kwartale strata netto wynios\u0142a 794 mln z\u0142.<\/p>\n<p class=\"article_p\" data-section=\"detail-body\">Plan restrukturyzacji, przedstawiony w listopadzie przez p.o. prezesa Bogus\u0142awa Oleksego, zak\u0142ada m.in. trwa\u0142\u0105 redukcj\u0119 koszt\u00f3w dzia\u0142alno\u015bci, restrukturyzacj\u0119 grupy kapita\u0142owej oraz pozyskanie finansowania z instytucji mi\u0119dzynarodowych i Funduszu Restrukturyzacji. Minister aktyw\u00f3w pa\u0144stwowych Wojciech Balczun poinformowa\u0142 w grudniu, \u017ce JSW potrzebuje oko\u0142o 3 mld z\u0142, by zapewni\u0107 p\u0142ynno\u015b\u0107 finansow\u0105 w 2026 r.<\/p>\n<p>        Co dalej?<\/p>\n<p class=\"article_p\" data-section=\"detail-body\">Zarz\u0105d JSW zapowiada kontynuacj\u0119 rozm\u00f3w ze stron\u0105 spo\u0142eczn\u0105, jednak brak porozumienia mo\u017ce op\u00f3\u017ani\u0107 wdro\u017cenie kluczowych dzia\u0142a\u0144 naprawczych. Tymczasem zwi\u0105zki zawodowe nie zamierzaj\u0105 ust\u0119powa\u0107, domagaj\u0105c si\u0119 wyja\u015bnie\u0144 i wi\u0119kszej odpowiedzialno\u015bci ze strony zarz\u0105du oraz w\u0142a\u015bciciela sp\u00f3\u0142ki. Konflikt, kt\u00f3ry nabiera na sile, mo\u017ce zawa\u017cy\u0107 na przysz\u0142o\u015bci jednego z najwi\u0119kszych pracodawc\u00f3w w regionie.<\/p>\n","protected":false},"excerpt":{"rendered":"JSW poinformowa\u0142a w komunikacie prasowym, \u017ce rozmowy dotycz\u0105ce &#8222;konieczno\u015bci tymczasowego ograniczenia koszt\u00f3w pracy&#8221; zako\u0144czy\u0142y si\u0119 bez osi\u0105gni\u0119cia porozumienia.&hellip;\n","protected":false},"author":2,"featured_media":179001,"comment_status":"","ping_status":"","sticky":false,"template":"","format":"standard","meta":{"footnotes":""},"categories":[5],"tags":[32,33,36,37,27,34,35,28,31,25,42,38,40,39,41,29,30,26],"class_list":{"0":"post-179000","1":"post","2":"type-post","3":"status-publish","4":"format-standard","5":"has-post-thumbnail","7":"category-naglowki","8":"tag-breaking-news","9":"tag-breakingnews","10":"tag-featured-news","11":"tag-featurednews","12":"tag-headlines","13":"tag-latest-news","14":"tag-latestnews","15":"tag-naglowki","16":"tag-najwazniejsze-artykuly","17":"tag-news","18":"tag-pl","19":"tag-poland","20":"tag-polish","21":"tag-polska","22":"tag-polski","23":"tag-top-stories","24":"tag-topstories","25":"tag-wiadomosci"},"share_on_mastodon":{"url":"https:\/\/pubeurope.com\/@pl\/115810939925317958","error":""},"_links":{"self":[{"href":"https:\/\/www.europesays.com\/pl\/wp-json\/wp\/v2\/posts\/179000","targetHints":{"allow":["GET"]}}],"collection":[{"href":"https:\/\/www.europesays.com\/pl\/wp-json\/wp\/v2\/posts"}],"about":[{"href":"https:\/\/www.europesays.com\/pl\/wp-json\/wp\/v2\/types\/post"}],"author":[{"embeddable":true,"href":"https:\/\/www.europesays.com\/pl\/wp-json\/wp\/v2\/users\/2"}],"replies":[{"embeddable":true,"href":"https:\/\/www.europesays.com\/pl\/wp-json\/wp\/v2\/comments?post=179000"}],"version-history":[{"count":0,"href":"https:\/\/www.europesays.com\/pl\/wp-json\/wp\/v2\/posts\/179000\/revisions"}],"wp:featuredmedia":[{"embeddable":true,"href":"https:\/\/www.europesays.com\/pl\/wp-json\/wp\/v2\/media\/179001"}],"wp:attachment":[{"href":"https:\/\/www.europesays.com\/pl\/wp-json\/wp\/v2\/media?parent=179000"}],"wp:term":[{"taxonomy":"category","embeddable":true,"href":"https:\/\/www.europesays.com\/pl\/wp-json\/wp\/v2\/categories?post=179000"},{"taxonomy":"post_tag","embeddable":true,"href":"https:\/\/www.europesays.com\/pl\/wp-json\/wp\/v2\/tags?post=179000"}],"curies":[{"name":"wp","href":"https:\/\/api.w.org\/{rel}","templated":true}]}}