{"id":179020,"date":"2025-12-30T22:56:11","date_gmt":"2025-12-30T22:56:11","guid":{"rendered":"https:\/\/www.europesays.com\/pl\/179020\/"},"modified":"2025-12-30T22:56:11","modified_gmt":"2025-12-30T22:56:11","slug":"ukraina-wyrazila-zgode-beda-kolejne-prace-ekshumacyjne-w-puznikach","status":"publish","type":"post","link":"https:\/\/www.europesays.com\/pl\/179020\/","title":{"rendered":"Ukraina wyrazi\u0142a zgod\u0119. B\u0119d\u0105 kolejne prace ekshumacyjne w Pu\u017anikach"},"content":{"rendered":"<p class=\"ods-c-paragraph \">\u2014 Jest zgoda na drug\u0105 cz\u0119\u015b\u0107 prac poszukiwawczych w Pu\u017anikach \u2014 poinformowa\u0142 stacj\u0119 Maciej Dancewicz, wiceprezes Fundacji Wolno\u015b\u0107 i Demokracja, kt\u00f3ra wnioskowa\u0142a o przeprowadzenie prac.<\/p>\n<p class=\"ods-c-paragraph \">Wed\u0142ug informacji RMF FM, w nieodkrytym dot\u0105d miejscu mog\u0105 znajdowa\u0107 si\u0119 szcz\u0105tki oko\u0142o 80 zamordowanych os\u00f3b. Stacja podkre\u015bla, \u017ce sama zgoda odnosi si\u0119 do&#8221;prac maj\u0105cych na celu odnalezienie drugiego do\u0142u ze szcz\u0105tkami ofiar, nie jest to jeszcze zgoda na sam\u0105 ekshumacj\u0119 \u2014 dodaje.<\/p>\n<p class=\"ods-c-paragraph \">\u2014 Dopiero w wyniku prac poszukiwawczych i odnalezieniu mogi\u0142y, czyli tego do\u0142u ze szcz\u0105tkami, (&#8230;) b\u0119dziemy mogli wyst\u0105pi\u0107 o zgod\u0119 na ekshumacje. Tak jest zgodnie z prawem ukrai\u0144skim \u2014 wyja\u015bnia Dancewicz.<\/p>\n<p>Dalszy ci\u0105g artyku\u0142u pod materia\u0142em wideo<\/p>\n<p> Kiedy rozpoczn\u0105 si\u0119 prace ekshumacyjne w Pu\u017anikach? <\/p>\n<p> Ile szcz\u0105tk\u00f3w mo\u017ce by\u0107 w nieodkrytym miejscu? <\/p>\n<p> Jakie prace nale\u017cy przeprowadzi\u0107 przed ekshumacj\u0105? <\/p>\n<p> Gdzie jeszcze planowane s\u0105 operacje poszukiwawcze? <\/p>\n<p>  Prace ekshumacyjne na terytorium Ukrainy<\/p>\n<p class=\"ods-c-paragraph \">To kolejne dzia\u0142ania dotycz\u0105ce ekshumacji ofiar wo\u0142y\u0144skich. <a href=\"https:\/\/wiadomosci.onet.pl\/swiat\/nowe-informacje-w-sprawie-ekshumacji-ofiar-wolynskich-ukraina-podala-date\/rjhfh99\" id=\"5dd1fe28-449e-4934-9d7f-c2e7d1a579fb\" rel=\"nofollow noopener\" target=\"_blank\">13 pa\u017adziernika 2025 r. Ukraina wyda\u0142a Polsce pozwolenie na przeprowadzenie operacji poszukiwawczych we wsi Ug\u0142y w obwodzie r\u00f3wie\u0144skim<\/a>. Poinformowa\u0142a te\u017c o gotowo\u015bci wyra\u017cenia zgody na przeprowadzenie podobnych operacji we wsi Huta Pieniacka w obwodzie lwowskim.<\/p>\n<p class=\"ods-c-paragraph \">Tymczasem <a href=\"https:\/\/www.onet.pl\/informacje\/onetwiadomosci\/po-wielkanocy-rusza-prace-ekshumacyjne-w-puznikach-ukraina-podala-date\/8v96eeh,79cfc278\" id=\"5b17b2e4-2705-418e-855a-ca8b273632d8\" rel=\"nofollow noopener\" target=\"_blank\">wiosn\u0105 2025 r. odby\u0142y si\u0119 pierwsze prace ekshumacyjne w Pu\u017anikach<\/a>. By\u0142y to pierwsze ekshumacje od czasu zniesienia przez stron\u0119 ukrai\u0144sk\u0105 zakazu poszukiwa\u0144 i ekshumacji polskich ofiar wojen i konflikt\u00f3w na terytorium tego kraju. Podczas trwaj\u0105cych od 23 kwietnia do 10 maja dzia\u0142a\u0144 odnalezione zosta\u0142y szcz\u0105tki co najmniej 42 ofiar rzezi wo\u0142y\u0144skiej.<\/p>\n","protected":false},"excerpt":{"rendered":"\u2014 Jest zgoda na drug\u0105 cz\u0119\u015b\u0107 prac poszukiwawczych w Pu\u017anikach \u2014 poinformowa\u0142 stacj\u0119 Maciej Dancewicz, wiceprezes Fundacji Wolno\u015b\u0107&hellip;\n","protected":false},"author":2,"featured_media":97591,"comment_status":"","ping_status":"","sticky":false,"template":"","format":"standard","meta":{"footnotes":""},"categories":[12],"tags":[32,33,12926,36,37,27,49,34,35,28,31,48,25,46,42,38,40,39,41,47,29,30,415,26,7659],"class_list":{"0":"post-179020","1":"post","2":"type-post","3":"status-publish","4":"format-standard","5":"has-post-thumbnail","7":"category-polska","8":"tag-breaking-news","9":"tag-breakingnews","10":"tag-ekshumacja","11":"tag-featured-news","12":"tag-featurednews","13":"tag-headlines","14":"tag-kraj","15":"tag-latest-news","16":"tag-latestnews","17":"tag-naglowki","18":"tag-najwazniejsze-artykuly","19":"tag-nat_styl","20":"tag-news","21":"tag-omp","22":"tag-pl","23":"tag-poland","24":"tag-polish","25":"tag-polska","26":"tag-polski","27":"tag-screening_general","28":"tag-top-stories","29":"tag-topstories","30":"tag-ukraina","31":"tag-wiadomosci","32":"tag-wolyn"},"share_on_mastodon":{"url":"https:\/\/pubeurope.com\/@pl\/115810991163261164","error":""},"_links":{"self":[{"href":"https:\/\/www.europesays.com\/pl\/wp-json\/wp\/v2\/posts\/179020","targetHints":{"allow":["GET"]}}],"collection":[{"href":"https:\/\/www.europesays.com\/pl\/wp-json\/wp\/v2\/posts"}],"about":[{"href":"https:\/\/www.europesays.com\/pl\/wp-json\/wp\/v2\/types\/post"}],"author":[{"embeddable":true,"href":"https:\/\/www.europesays.com\/pl\/wp-json\/wp\/v2\/users\/2"}],"replies":[{"embeddable":true,"href":"https:\/\/www.europesays.com\/pl\/wp-json\/wp\/v2\/comments?post=179020"}],"version-history":[{"count":0,"href":"https:\/\/www.europesays.com\/pl\/wp-json\/wp\/v2\/posts\/179020\/revisions"}],"wp:featuredmedia":[{"embeddable":true,"href":"https:\/\/www.europesays.com\/pl\/wp-json\/wp\/v2\/media\/97591"}],"wp:attachment":[{"href":"https:\/\/www.europesays.com\/pl\/wp-json\/wp\/v2\/media?parent=179020"}],"wp:term":[{"taxonomy":"category","embeddable":true,"href":"https:\/\/www.europesays.com\/pl\/wp-json\/wp\/v2\/categories?post=179020"},{"taxonomy":"post_tag","embeddable":true,"href":"https:\/\/www.europesays.com\/pl\/wp-json\/wp\/v2\/tags?post=179020"}],"curies":[{"name":"wp","href":"https:\/\/api.w.org\/{rel}","templated":true}]}}