{"id":179038,"date":"2025-12-30T23:07:08","date_gmt":"2025-12-30T23:07:08","guid":{"rendered":"https:\/\/www.europesays.com\/pl\/179038\/"},"modified":"2025-12-30T23:07:08","modified_gmt":"2025-12-30T23:07:08","slug":"iqoo-z11-turbo-jest-piekny-ma-wielka-baterie-i-procesor","status":"publish","type":"post","link":"https:\/\/www.europesays.com\/pl\/179038\/","title":{"rendered":"iQOO Z11 Turbo jest pi\u0119kny, ma wielk\u0105 bateri\u0119 i procesor"},"content":{"rendered":"<p class=\"lead\">iQOO Z11 Turbo wydawa\u0142 mi si\u0119 op\u0142acalnym, ale generycznym telefonem z wielk\u0105 bateri\u0105. Nie mia\u0142em racji \u2013 design si\u0119 broni, a specyfikacja to idea\u0142 sztuki kompromisu. Szkoda, \u017ce to cudo ominie Polsk\u0119.<\/p>\n<p>Seria Z od dawna jest synonimem op\u0142acalno\u015bci i niestety nie chodzi mi tu o sk\u0142adane Samsungi. <a href=\"https:\/\/www.gsmmaniak.pl\/1624575\/infinix-note-edge-specyfikacja-smukly-telefon-bateria-6500-mah\/\" rel=\"nofollow noopener\" target=\"_blank\">Podobnie jak Infinix<\/a>, teraz iQOO Z11 Turbo kpi sobie z wi\u0119kszej konkurencji. Ich op\u0142acalny super\u015bredniak zdradzi\u0142 w\u0142a\u015bnie design, specyfikacj\u0119, a nawet cen\u0119.<\/p>\n<p>iQOO Z11 Turbo to troch\u0119 Nothing, ale z lepsz\u0105 specyfikacj\u0105<\/p>\n<p>Nawi\u0105zaniem do \u015bredniak\u00f3w Nothinga jest aparat, kt\u00f3ry wybitnie kojarzy mi si\u0119 z modelem <a href=\"https:\/\/www.gsmmaniak.pl\/1474454\/nothing-phone-2a-test-recenzja-opinia-czy-warto\/\" rel=\"nofollow noopener\" target=\"_blank\">Phone 2a<\/a>. Z jakiego\u015b powodu dwa obiektywy zosta\u0142y ukryte w kwadratowej wyspie. Moim zdaniem wygl\u0105da\u0142oby to du\u017co lepiej, gdyby 200 MP matryca g\u0142\u00f3wna i 8 MP szeroki k\u0105t zajmoway\u0142y tylko tyle miejsca, ile wymusza ich fizyczna wielko\u015b\u0107.<\/p>\n<p><a href=\"https:\/\/www.gsmmaniak.pl\/wp-content\/uploads\/gsmmaniak\/2025\/12\/Zrzut-ekranu-2025-12-30-102310.jpg\" rel=\"lightbox-post4 nofollow noopener\" title=\"Galeria dla Zrzut ekranu 2025-12-30 102310\" target=\"_blank\"><img loading=\"lazy\" decoding=\"async\" aria-describedby=\"caption-attachment-1624863\" class=\"size-medium wp-image-1624863\" src=\"https:\/\/www.europesays.com\/pl\/wp-content\/uploads\/2025\/12\/Zrzut-ekranu-2025-12-30-102310-medium.jpg\" alt=\"iQOO Z11 Turbo\" width=\"500\" height=\"505\"   itemprop=\"image\" \/><\/a><\/p>\n<p id=\"caption-attachment-1624863\" class=\"wp-caption-text\">iQOO Z11 Turbo \/ fot. Sufiyan Technology<\/p>\n<p>Na froncie mamy ekran o przek\u0105tnej 6.59 cala, kt\u00f3ra to przek\u0105tna robi si\u0119 coraz bardziej popularna w\u015br\u00f3d chi\u0144skich super\u015bredniak\u00f3w. W tym przypadku mo\u017cemy liczy\u0107 na ramki tak cienkie jak we flagowcach. Dzi\u0119ki temu obs\u0142uga jedn\u0105 d\u0142oni\u0105 b\u0119dzie bezproblemowa, a ja doceniam te\u017c symetri\u0119. To w ko\u0144cu smartfon, kt\u00f3ry na premier\u0119 b\u0119dzie kosztowa\u0107 oko\u0142o 1200-1300 z\u0142otych.<\/p>\n<p>Tak naprawd\u0119 mocnym rywalem jest tylko POCO F8 Pro<\/p>\n<p>Nazwa iQOO Z11 Turbo nie wzi\u0119\u0142a si\u0119 znik\u0105d. Wydajno\u015b\u0107 stoi tu na pierwszym miejscu, a dowodem na to jest Snapdragon 8 Gen 5. W hierarchi Qualcomma stoi\u00a0 ontylko poni\u017cej SoC z serii Elite i w rzeczywisto\u015bci wydajno\u015bci\u0105 odpowiada eks-flagowcom. Przy pami\u0119ci UFS 4.1 nikt nie zauwa\u017cy r\u00f3\u017cnicy w codziennej pracy, a ka\u017cda nowa gra p\u00f3jdzie na najwy\u017cszych detalach.<\/p>\n<p><a href=\"https:\/\/www.gsmmaniak.pl\/wp-content\/uploads\/gsmmaniak\/2025\/12\/Zrzut-ekranu-2025-12-30-102322.png\" rel=\"lightbox-post4 nofollow noopener\" title=\"Galeria dla Zrzut ekranu 2025-12-30 102322\" target=\"_blank\"><img loading=\"lazy\" decoding=\"async\" aria-describedby=\"caption-attachment-1624864\" class=\"size-medium wp-image-1624864\" src=\"https:\/\/www.europesays.com\/pl\/wp-content\/uploads\/2025\/12\/Zrzut-ekranu-2025-12-30-102322-medium.png\" alt=\"iQOO Z11 Turbo\" width=\"500\" height=\"491\"   \/><\/a><\/p>\n<p id=\"caption-attachment-1624864\" class=\"wp-caption-text\">Specyfikacja iQOO Z11 Turbo \/ fot. Sufiyan Technology<\/p>\n<p>Kolejnymi elementami z p\u00f3\u0142ki\u00a0premium s\u0105 tu ultrad\u017awi\u0119kowy czytnuik linii papilarnych, norma wodoszczelno\u015bci IP68\/IP69 oraz metalowa ramka obudowy. Do tego pojawia si\u0119 masywna bateria o pojemno\u015bci 7600 mAh. Na papierze wygl\u0105da to jak najlepiej wyposa\u017cony telefon w tym rozmiarze.<\/p>\n<p>Na koniec pozostaje nam tylko \u017ca\u0142owa\u0107, \u017ce iQOO Z11 Turbo nie trafi do Polski. Na pocieszenie mamy <a href=\"https:\/\/www.gsmmaniak.pl\/1617676\/poco-f8-pro-test-recenzja-opinia\/\" rel=\"nofollow noopener\" target=\"_blank\">POCO F8 Pro<\/a>, kt\u00f3ry w tym samym rozmiarze oferuje niemal tak samo dobre wyposa\u017cenie.<\/p>\n<blockquote class=\"wp-embedded-content\" data-secret=\"QDXEEIWPbA\">\n<p><a href=\"https:\/\/www.gsmmaniak.pl\/1617676\/poco-f8-pro-test-recenzja-opinia\/\" rel=\"nofollow noopener\" target=\"_blank\">TEST | POCO F8 Pro jest mniejszy, a jednak wi\u0119kszy. Nie zapraszam do dyskusji, to najlepiej wyceniony telefon 2025 roku<\/a><\/p>\n<\/blockquote>\n<p>\u0179r\u00f3d\u0142o: via <a href=\"https:\/\/x.com\/RealSufiyanKhan\/status\/2005864512507801778\" rel=\"nofollow\">Sufiyan Technology<\/a>, opracowanie w\u0142asne<\/p>\n","protected":false},"excerpt":{"rendered":"iQOO Z11 Turbo wydawa\u0142 mi si\u0119 op\u0142acalnym, ale generycznym telefonem z wielk\u0105 bateri\u0105. Nie mia\u0142em racji \u2013 design&hellip;\n","protected":false},"author":2,"featured_media":42771,"comment_status":"","ping_status":"","sticky":false,"template":"","format":"standard","meta":{"footnotes":""},"categories":[20],"tags":[120,118,119,42,38,40,39,41,116,114,115,121,117],"class_list":{"0":"post-179038","1":"post","2":"type-post","3":"status-publish","4":"format-standard","5":"has-post-thumbnail","7":"category-nauka-i-technika","8":"tag-nauka","9":"tag-nauka-i-technika","10":"tag-naukatechnika","11":"tag-pl","12":"tag-poland","13":"tag-polish","14":"tag-polska","15":"tag-polski","16":"tag-science","17":"tag-science-and-technology","18":"tag-sciencetechnology","19":"tag-technika","20":"tag-technology"},"share_on_mastodon":{"url":"https:\/\/pubeurope.com\/@pl\/115811034254780076","error":""},"_links":{"self":[{"href":"https:\/\/www.europesays.com\/pl\/wp-json\/wp\/v2\/posts\/179038","targetHints":{"allow":["GET"]}}],"collection":[{"href":"https:\/\/www.europesays.com\/pl\/wp-json\/wp\/v2\/posts"}],"about":[{"href":"https:\/\/www.europesays.com\/pl\/wp-json\/wp\/v2\/types\/post"}],"author":[{"embeddable":true,"href":"https:\/\/www.europesays.com\/pl\/wp-json\/wp\/v2\/users\/2"}],"replies":[{"embeddable":true,"href":"https:\/\/www.europesays.com\/pl\/wp-json\/wp\/v2\/comments?post=179038"}],"version-history":[{"count":0,"href":"https:\/\/www.europesays.com\/pl\/wp-json\/wp\/v2\/posts\/179038\/revisions"}],"wp:featuredmedia":[{"embeddable":true,"href":"https:\/\/www.europesays.com\/pl\/wp-json\/wp\/v2\/media\/42771"}],"wp:attachment":[{"href":"https:\/\/www.europesays.com\/pl\/wp-json\/wp\/v2\/media?parent=179038"}],"wp:term":[{"taxonomy":"category","embeddable":true,"href":"https:\/\/www.europesays.com\/pl\/wp-json\/wp\/v2\/categories?post=179038"},{"taxonomy":"post_tag","embeddable":true,"href":"https:\/\/www.europesays.com\/pl\/wp-json\/wp\/v2\/tags?post=179038"}],"curies":[{"name":"wp","href":"https:\/\/api.w.org\/{rel}","templated":true}]}}