{"id":179041,"date":"2025-12-30T23:10:10","date_gmt":"2025-12-30T23:10:10","guid":{"rendered":"https:\/\/www.europesays.com\/pl\/179041\/"},"modified":"2025-12-30T23:10:10","modified_gmt":"2025-12-30T23:10:10","slug":"raport-nt-zamordowanych-kaplanow-i-misjonarzy-bolesne-dane-z-polski","status":"publish","type":"post","link":"https:\/\/www.europesays.com\/pl\/179041\/","title":{"rendered":"Raport nt. zamordowanych kap\u0142an\u00f3w i misjonarzy. Bolesne dane z Polski"},"content":{"rendered":"<p>Agencja Fides opublikowa\u0142a doroczny raport, dotycz\u0105cy kap\u0142an\u00f3w i os\u00f3b zaanga\u017cowanych w duszpasterstwo, zamordowanych w ko\u0144cz\u0105cym si\u0119 roku. Wymienia on w sumie 17 ofiar: kap\u0142an\u00f3w, os\u00f3b zakonnych, seminarzyst\u00f3w oraz \u015bwieckich. Jedynym, odnotowanym przypadkiem w Europie, jest zab\u00f3jstwo polskiego kap\u0142ana, ks. Grzegorza Dymka z archidiecezji cz\u0119stochowskiej.<\/p>\n<p>Dorota Abdelmoula-Viet<\/p>\n<p>17 zamordowanych, w\u015br\u00f3d nich: Polak<\/p>\n<p>Jak wynika z raportu, przygotowanego na podstawie danych, zebranych przez Agencj\u0119 Fides, nale\u017c\u0105c\u0105 do Papieskich Dzie\u0142 Misyjnych, najwi\u0119cej, bo a\u017c 10 misjonarzy, zosta\u0142o zamordowanych w Afryce. Zgin\u0119\u0142o tam 6 kap\u0142an\u00f3w, 2 seminarzyst\u00f3w oraz 2 katechet\u00f3w. Na obu kontynentach ameryka\u0144skich \u017cycie odda\u0142o 2 kap\u0142an\u00f3w oraz 2 siostry zakonne. Jeden kap\u0142an i jedna osoba \u015bwiecka ponios\u0142y \u015bmier\u0107 w Azji. Za\u015b jedynym kap\u0142anem, zamordowanym w Europie jest Polak, ks. Grzegorz Dymek z parafii MB Fatimskiej w K\u0142obucku, w archidiecezji cz\u0119stochowskiej, kt\u00f3ry zosta\u0142 zamordowany na plebanii 13 lutego br. Z kolei najwi\u0119cej, bo a\u017c 5 os\u00f3b, zosta\u0142o pozbawionych \u017cycia w Nigerii.\u00a0<\/p>\n<p>Ponad 600 ofiar od pocz\u0105tku stulecia<\/p>\n<p>Autorzy dokumentu przypominaj\u0105, \u017ce od roku 2000 na \u015bwiecie zamordowanych zosta\u0142o a\u017c 626 misjonarzy i os\u00f3b zaanga\u017cowanych w duszpasterstwo. Przypominaj\u0105, \u017ce terminem \u201emisjonarz\u201d obejmuj\u0105 nie tylko pos\u0142uguj\u0105cych na terenach misyjnych, ale szerzej: wszystkich ochrzczonych, zaanga\u017cowanych w dzie\u0142a apostolskie. Po\u015br\u00f3d tegorocznych ofiar jest 10 ksi\u0119\u017cy diecezjalnych, dw\u00f3ch seminarzyst\u00f3w, dwie siostry zakonne i troje \u015bwieckich.\u00a0<\/p>\n<p>      <a href=\"https:\/\/www.vaticannews.va\/pl\/swiat\/news\/2025-12\/usa-od-1991-r-zamknieto-70-proc-klinik-aborcyjnych.html\" title=\"USA: od 1991 r. zamkni\u0119to 70 proc. klinik aborcyjnych\" rel=\"nofollow noopener\" target=\"_blank\"><\/p>\n<p>         <img decoding=\"async\" src=\"data:image\/gif;base64,R0lGODlhAQABAIAAAAAAAP\/\/\/yH5BAEAAAAALAAAAAABAAEAAAIBRAA7\" data-original=\"https:\/\/www.vaticannews.va\/content\/dam\/vaticannews\/multimedia\/2021\/02\/26\/AdobeStock_232378407.jpg\/_jcr_content\/renditions\/cq5dam.thumbnail.cropped.500.281.jpeg\" alt=\"USA: od 1991 r. zamkni\u0119to 70 proc. klinik aborcyjnych\"\/><\/p>\n<p>       <\/a><\/p>\n<p>\n       Jak wynika z najnowszego raportu Operation Rescue, tylko w mijaj\u0105cym roku zamkni\u0119to w Stanach Zjednoczonych 54 plac\u00f3wki, wykonuj\u0105ce aborcje. To najwi\u0119ksza liczba od 2022 r., kt\u00f3ra &#8230;\n      <\/p>\n<p> <\/p>\n","protected":false},"excerpt":{"rendered":"Agencja Fides opublikowa\u0142a doroczny raport, dotycz\u0105cy kap\u0142an\u00f3w i os\u00f3b zaanga\u017cowanych w duszpasterstwo, zamordowanych w ko\u0144cz\u0105cym si\u0119 roku. Wymienia&hellip;\n","protected":false},"author":2,"featured_media":179042,"comment_status":"","ping_status":"","sticky":false,"template":"","format":"standard","meta":{"footnotes":""},"categories":[12],"tags":[32,33,11187,36,37,27,2707,34,35,28,31,25,42,38,40,39,41,1665,29,30,26],"class_list":{"0":"post-179041","1":"post","2":"type-post","3":"status-publish","4":"format-standard","5":"has-post-thumbnail","7":"category-polska","8":"tag-breaking-news","9":"tag-breakingnews","10":"tag-chiesa-cattolica","11":"tag-featured-news","12":"tag-featurednews","13":"tag-headlines","14":"tag-kosciol","15":"tag-latest-news","16":"tag-latestnews","17":"tag-naglowki","18":"tag-najwazniejsze-artykuly","19":"tag-news","20":"tag-pl","21":"tag-poland","22":"tag-polish","23":"tag-polska","24":"tag-polski","25":"tag-przemoc","26":"tag-top-stories","27":"tag-topstories","28":"tag-wiadomosci"},"share_on_mastodon":{"url":"https:\/\/pubeurope.com\/@pl\/115811046186848897","error":""},"_links":{"self":[{"href":"https:\/\/www.europesays.com\/pl\/wp-json\/wp\/v2\/posts\/179041","targetHints":{"allow":["GET"]}}],"collection":[{"href":"https:\/\/www.europesays.com\/pl\/wp-json\/wp\/v2\/posts"}],"about":[{"href":"https:\/\/www.europesays.com\/pl\/wp-json\/wp\/v2\/types\/post"}],"author":[{"embeddable":true,"href":"https:\/\/www.europesays.com\/pl\/wp-json\/wp\/v2\/users\/2"}],"replies":[{"embeddable":true,"href":"https:\/\/www.europesays.com\/pl\/wp-json\/wp\/v2\/comments?post=179041"}],"version-history":[{"count":0,"href":"https:\/\/www.europesays.com\/pl\/wp-json\/wp\/v2\/posts\/179041\/revisions"}],"wp:featuredmedia":[{"embeddable":true,"href":"https:\/\/www.europesays.com\/pl\/wp-json\/wp\/v2\/media\/179042"}],"wp:attachment":[{"href":"https:\/\/www.europesays.com\/pl\/wp-json\/wp\/v2\/media?parent=179041"}],"wp:term":[{"taxonomy":"category","embeddable":true,"href":"https:\/\/www.europesays.com\/pl\/wp-json\/wp\/v2\/categories?post=179041"},{"taxonomy":"post_tag","embeddable":true,"href":"https:\/\/www.europesays.com\/pl\/wp-json\/wp\/v2\/tags?post=179041"}],"curies":[{"name":"wp","href":"https:\/\/api.w.org\/{rel}","templated":true}]}}