{"id":179054,"date":"2025-12-30T23:18:11","date_gmt":"2025-12-30T23:18:11","guid":{"rendered":"https:\/\/www.europesays.com\/pl\/179054\/"},"modified":"2025-12-30T23:18:11","modified_gmt":"2025-12-30T23:18:11","slug":"radzewo-kobieta-i-dziecko-w-stanie-krytycznym-wpadli-do-stawu","status":"publish","type":"post","link":"https:\/\/www.europesays.com\/pl\/179054\/","title":{"rendered":"Radzewo. Kobieta i dziecko w stanie krytycznym. Wpadli do stawu"},"content":{"rendered":"<p>W skr\u00f3cie<\/p>\n<ul class=\"typography ids-typeset-body ids-typeset-body--preset-large list ids-list ids-list--unordered ids-list--size-large \" datatype=\"disc\">\n<li class=\"ids-list-item\">\n<p>Kobieta i siedmioletnie dziecko wpadli do zamarzni\u0119tego stawu w miejscowo\u015bci Radzewo.<\/p>\n<\/li>\n<li class=\"ids-list-item\">\n<p>Obie osoby zosta\u0142y wydobyte z wody przez s\u0142u\u017cby ratunkowe i przewiezione do szpitala w stanie krytycznym.<\/p>\n<\/li>\n<li class=\"ids-list-item\">\n<p>Na miejscu interweniowa\u0142y liczne s\u0142u\u017cby ratunkowe, w tym stra\u017cacy ze specjalistycznej grupy ratownictwa wodno-nurkowego.<\/p>\n<\/li>\n<li class=\"ids-list-item\"><\/li>\n<\/ul>\n<p class=\"typography ids-typeset-body ids-typeset-body--preset-large link paragraph ids-paragraph ids-paragraph--default\">S\u0142u\u017cby odebra\u0142y zg\u0142oszenie o zdarzeniu we wtorek wieczorem.<\/p>\n<p class=\"typography ids-typeset-body ids-typeset-body--preset-large link paragraph ids-paragraph ids-paragraph--default\">&#8211; Obie poszukiwane osoby uda\u0142o si\u0119 odnale\u017a\u0107 i wydoby\u0107 z wody. S\u0142u\u017cby na miejscu podj\u0119\u0142y resuscytacj\u0119 kr\u0105\u017ceniowo-oddechow\u0105 poszkodowanych. Nast\u0119pnie zostali przewiezieni do szpitala &#8211; powiedzia\u0142 w rozmowie z Interi\u0105 rzecznik prasowy Wielkopolskiego Komendanta Wojew\u00f3dzkiego PSP m\u0142. asp. Martin Halasz.<\/p>\n<p class=\"typography ids-typeset-body ids-typeset-body--preset-large link paragraph ids-paragraph ids-paragraph--default\">Stra\u017cak doda\u0142, \u017ce ch\u0142opiec i kobieta s\u0105 w stanie krytycznym. Do szpitala zosta\u0142 przewieziony tak\u017ce ojciec dziecka, kt\u00f3ry nie znalaz\u0142 si\u0119 pod lodem.<\/p>\n<p>Radzewo. Kobieta i dziecko w stanie krytycznym. Wpadli do stawu<\/p>\n<p class=\"typography ids-typeset-body ids-typeset-body--preset-large link paragraph ids-paragraph ids-paragraph--default\">&#8211; Oko\u0142o godz. 18:30 otrzymali\u015bmy zg\u0142oszenie, \u017ce w miejscowo\u015bci Radzewo w pow. pozna\u0144skim dwie osoby znajduj\u0105 si\u0119 w stawie, pod lodem. Kobieta zosta\u0142a podj\u0119ta z wody i przekazana pogotowiu ratunkowemu &#8211; powiedzia\u0142 wcze\u015bniej Halasz w rozmowie z PAP.<\/p>\n<p class=\"typography ids-typeset-body ids-typeset-body--preset-large link paragraph ids-paragraph ids-paragraph--default\">Doda\u0142, \u017ce drug\u0105 poszukiwan\u0105 osob\u0105 by\u0142 ch\u0142opiec w wieku siedmiu lat. Po pewnym czasie uda\u0142o si\u0119 odnale\u017a\u0107 i wyci\u0105gn\u0105\u0107 z wody tak\u017ce dziecko.<\/p>\n<p class=\"typography ids-typeset-body ids-typeset-body--preset-large link paragraph ids-paragraph ids-paragraph--default\">Na miejscu akcj\u0119 prowadzi\u0142o\u00a011 zast\u0119p\u00f3w stra\u017cy po\u017carnej i pi\u0119\u0107 jednostek p\u0142ywaj\u0105cych, w tym specjalistyczna grupa ratownictwa wodno-nurkowego z <a href=\"https:\/\/wydarzenia.interia.pl\/tematy-poznan,gsbi,3526\" rel=\"nofollow noopener\" target=\"_blank\">Poznania<\/a>.<\/p>\n<p class=\"typography ids-typeset-body ids-typeset-body--preset-large link paragraph ids-paragraph ids-paragraph--default\">Policja przekaza\u0142a, \u017ce kobieta i dziecko wpadli do stawu na prywatnej posesji.<\/p>\n<p>Brutalny atak na staruszk\u0119. Sprawca zosta\u0142 zatrzymanyPolsat News<\/p>\n<p><a class=\"ids-undecorated-link source ids-page-info--source__link\" href=\"https:\/\/p.iplsc.com\/-\/000L0SCEGA4O3ESS.pdf\" rel=\"nofollow noopener\" target=\"_blank\"><img decoding=\"async\" class=\"ids-image-holder__img\" loading=\"lazy\" alt=\"\" title=\"\" height=\"24px\" src=\"https:\/\/www.europesays.com\/pl\/wp-content\/uploads\/2025\/12\/1766553730_818_0009A6098CYXTC6T-C202-F4.webp.webp\"\/><\/a><a class=\"ids-undecorated-link source ids-page-info--source__link\" href=\"https:\/\/www.interia.pl\" rel=\"nofollow noopener\" target=\"_blank\"><img decoding=\"async\" class=\"ids-image-holder__img\" loading=\"lazy\" alt=\"\" title=\"\" height=\"24px\" src=\"https:\/\/www.europesays.com\/pl\/wp-content\/uploads\/2025\/12\/1767114070_952_0009A60QQ5I2TYF7-C202-F4.webp.webp\"\/><\/a><\/p>\n<p>Masz sugestie, uwagi albo widzisz b\u0142\u0105d? Napisz do nas<\/p>\n","protected":false},"excerpt":{"rendered":"W skr\u00f3cie Kobieta i siedmioletnie dziecko wpadli do zamarzni\u0119tego stawu w miejscowo\u015bci Radzewo. Obie osoby zosta\u0142y wydobyte z&hellip;\n","protected":false},"author":2,"featured_media":179055,"comment_status":"","ping_status":"","sticky":false,"template":"","format":"standard","meta":{"footnotes":""},"categories":[5],"tags":[32,33,36,37,27,34,35,28,31,25,42,38,40,39,41,29,30,26],"class_list":{"0":"post-179054","1":"post","2":"type-post","3":"status-publish","4":"format-standard","5":"has-post-thumbnail","7":"category-naglowki","8":"tag-breaking-news","9":"tag-breakingnews","10":"tag-featured-news","11":"tag-featurednews","12":"tag-headlines","13":"tag-latest-news","14":"tag-latestnews","15":"tag-naglowki","16":"tag-najwazniejsze-artykuly","17":"tag-news","18":"tag-pl","19":"tag-poland","20":"tag-polish","21":"tag-polska","22":"tag-polski","23":"tag-top-stories","24":"tag-topstories","25":"tag-wiadomosci"},"share_on_mastodon":{"url":"https:\/\/pubeurope.com\/@pl\/115811077845368561","error":""},"_links":{"self":[{"href":"https:\/\/www.europesays.com\/pl\/wp-json\/wp\/v2\/posts\/179054","targetHints":{"allow":["GET"]}}],"collection":[{"href":"https:\/\/www.europesays.com\/pl\/wp-json\/wp\/v2\/posts"}],"about":[{"href":"https:\/\/www.europesays.com\/pl\/wp-json\/wp\/v2\/types\/post"}],"author":[{"embeddable":true,"href":"https:\/\/www.europesays.com\/pl\/wp-json\/wp\/v2\/users\/2"}],"replies":[{"embeddable":true,"href":"https:\/\/www.europesays.com\/pl\/wp-json\/wp\/v2\/comments?post=179054"}],"version-history":[{"count":0,"href":"https:\/\/www.europesays.com\/pl\/wp-json\/wp\/v2\/posts\/179054\/revisions"}],"wp:featuredmedia":[{"embeddable":true,"href":"https:\/\/www.europesays.com\/pl\/wp-json\/wp\/v2\/media\/179055"}],"wp:attachment":[{"href":"https:\/\/www.europesays.com\/pl\/wp-json\/wp\/v2\/media?parent=179054"}],"wp:term":[{"taxonomy":"category","embeddable":true,"href":"https:\/\/www.europesays.com\/pl\/wp-json\/wp\/v2\/categories?post=179054"},{"taxonomy":"post_tag","embeddable":true,"href":"https:\/\/www.europesays.com\/pl\/wp-json\/wp\/v2\/tags?post=179054"}],"curies":[{"name":"wp","href":"https:\/\/api.w.org\/{rel}","templated":true}]}}