{"id":179056,"date":"2025-12-30T23:19:09","date_gmt":"2025-12-30T23:19:09","guid":{"rendered":"https:\/\/www.europesays.com\/pl\/179056\/"},"modified":"2025-12-30T23:19:09","modified_gmt":"2025-12-30T23:19:09","slug":"surowa-kara-dla-trenera-w-serie-a-wiadomo-co-nawywijal","status":"publish","type":"post","link":"https:\/\/www.europesays.com\/pl\/179056\/","title":{"rendered":"Surowa kara dla trenera w Serie A. Wiadomo, co nawywija\u0142"},"content":{"rendered":"\n<p class=\"contentpart contentpart--default contentpart--text\" data-position=\"0\"><a href=\"https:\/\/sportowefakty.wp.pl\/pilka-nozna\/eusebio-di-francesco\" rel=\"nofollow noopener\" target=\"_blank\">Eusebio Di Francesco<\/a>\u00a0z <a href=\"https:\/\/sportowefakty.wp.pl\/pilka-nozna\/us-lecce\" rel=\"nofollow noopener\" target=\"_blank\">US Lecce<\/a>\u00a0nie poprowadzi zespo\u0142u w konfrontacjach przeciwko <a href=\"https:\/\/sportowefakty.wp.pl\/pilka-nozna\/juventus-fc\" rel=\"nofollow noopener\" target=\"_blank\">Juventusowi FC<\/a>\u00a0w <a href=\"https:\/\/sportowefakty.wp.pl\/wlochy\/turyn\" rel=\"nofollow noopener\" target=\"_blank\">Turynie<\/a>\u00a0i <a href=\"https:\/\/sportowefakty.wp.pl\/pilka-nozna\/roma\" rel=\"nofollow noopener\" target=\"_blank\">AS Romie<\/a>\u00a0na <a href=\"https:\/\/sportowefakty.wp.pl\/areny\/stadio-del-mare-w-lecce\" rel=\"nofollow noopener\" target=\"_blank\">Stadio Via del Mare<\/a>. Nieobecno\u015b\u0107 szkoleniowca nie u\u0142atwi zadania nisko notowanej w tabeli <a href=\"https:\/\/sportowefakty.wp.pl\/pilka-nozna\/serie-a\" rel=\"nofollow noopener\" target=\"_blank\">Serie A<\/a>\u00a0dru\u017cynie w starciach z przeciwnikami z czo\u0142\u00f3wki.<\/p>\n<p class=\"contentpart contentpart--default contentpart--text\" data-position=\"1\">Komisja Dyscyplinarna wymierzy\u0142a surow\u0105 kar\u0119 za u\u017cycie obra\u017aliwych s\u0142\u00f3w pod adresem s\u0119dziego w czasie przegranego 0:3 meczu przeciwko <a href=\"https:\/\/sportowefakty.wp.pl\/pilka-nozna\/calcio-como\" rel=\"nofollow noopener\" target=\"_blank\">Como 1907<\/a>.<\/p>\n<p> <img role=\"presentation\" src=\"https:\/\/std.wpcdn.pl\/images\/adv\/placeholder_wp.svg\" loading=\"lazy\" alt=\"\" decoding=\"async\"\/>  <\/p>\n<p class=\"contentpart contentpart--default contentpart--text\" data-position=\"2\">Trener US Lecce nie ograniczy\u0142 si\u0119 do obra\u017aliwych uwag przed zobaczeniem czerwonej kartki od s\u0119dziego <a href=\"https:\/\/sportowefakty.wp.pl\/pilka-nozna\/marco-piccinini\" rel=\"nofollow noopener\" target=\"_blank\">Marco Piccininiego<\/a>. Kontynuowa\u0142 swoje protesty ju\u017c po opuszczeniu \u0142awki. Prowokacje trwa\u0142y pod szatniami.<\/p>\n<p class=\"contentpart contentpart--default contentpart--text\" data-position=\"3\">ZOBACZ WIDEO: #dziejesiewsporcie: Gol z po\u0142owy boiska. Mo\u017cna ogl\u0105da\u0107 i ogl\u0105da\u0107<\/p>\n<p class=\"contentpart contentpart--default contentpart--text\" data-position=\"5\">Dlatego te\u017c trener zosta\u0142 zdyskwalifikowany nie na jedn\u0105, a na dwie kolejki. Najpewniej wr\u00f3ci w zaplanowanym na 11 stycznia meczu domowym przeciwko <a href=\"https:\/\/sportowefakty.wp.pl\/pilka-nozna\/parma-calcio-1913\" rel=\"nofollow noopener\" target=\"_blank\">Parmie<\/a>.<\/p>\n<p class=\"contentpart contentpart--default contentpart--text\" data-position=\"6\">Eusebio Di Francesco zosta\u0142 trenerem US Lecce w czerwcu 2025 roku, a jego kontrakt, obowi\u0105zuj\u0105cy do czerwca 2026 roku, zawiera opcj\u0119 automatycznego przed\u0142u\u017cenia w razie utrzymania klubu w Serie A. Szkoleniowiec wr\u00f3ci\u0142 do <a href=\"https:\/\/sportowefakty.wp.pl\/wlochy\/lecce\" rel=\"nofollow noopener\" target=\"_blank\">Lecce<\/a>, w kt\u00f3rym pracowa\u0142 ju\u017c w 2011 roku.<\/p>\n<p> <img role=\"presentation\" src=\"https:\/\/std.wpcdn.pl\/images\/adv\/placeholder_wp.svg\" loading=\"lazy\" alt=\"\" decoding=\"async\"\/>  <\/p>\n<p class=\"contentpart contentpart--default contentpart--text\" data-position=\"7\">Aktualnie jednym z podopiecznych Eusebio Di Francesco jest kontuzjowany <a href=\"https:\/\/sportowefakty.wp.pl\/pilka-nozna\/filip-marchwinski\" rel=\"nofollow noopener\" target=\"_blank\">Filip Marchwi\u0144ski<\/a>. W przesz\u0142o\u015bci,\u00a0w innych klubach Serie A, trener wsp\u00f3\u0142pracowa\u0142 z innymi polskimi pi\u0142karzami: <a href=\"https:\/\/sportowefakty.wp.pl\/pilka-nozna\/lukasz-skorupski\" rel=\"nofollow noopener\" target=\"_blank\">\u0141ukaszem Skorupskim<\/a>\u00a0w AS Romie, <a href=\"https:\/\/sportowefakty.wp.pl\/pilka-nozna\/karol-linetty\" rel=\"nofollow noopener\" target=\"_blank\">Karolem Linettym<\/a>\u00a0i <a href=\"https:\/\/sportowefakty.wp.pl\/pilka-nozna\/bartosz-bereszynski\" rel=\"nofollow noopener\" target=\"_blank\">Bartoszem Bereszy\u0144skim<\/a>\u00a0w <a href=\"https:\/\/sportowefakty.wp.pl\/pilka-nozna\/sampdoria-genua\" rel=\"nofollow noopener\" target=\"_blank\">UC Sampdorii<\/a>, <a href=\"https:\/\/sportowefakty.wp.pl\/pilka-nozna\/sebastian-walukiewicz\" rel=\"nofollow noopener\" target=\"_blank\">Sebastianem Walukiewiczem<\/a>\u00a0w <a href=\"https:\/\/sportowefakty.wp.pl\/pilka-nozna\/cagliari-calcio\" rel=\"nofollow noopener\" target=\"_blank\">Cagliari Calcio<\/a>\u00a0czy <a href=\"https:\/\/sportowefakty.wp.pl\/pilka-nozna\/pawel-dawidowicz\" rel=\"nofollow noopener\" target=\"_blank\">Paw\u0142em Dawidowiczem<\/a>\u00a0w <a href=\"https:\/\/sportowefakty.wp.pl\/pilka-nozna\/hellas-werona\" rel=\"nofollow noopener\" target=\"_blank\">Hellasie Werona<\/a>.\u00a0W wi\u0119kszo\u015bci byli to pi\u0142karze graj\u0105cy regularnie w obronie lub \u015brodku pola.<\/p>\n","protected":false},"excerpt":{"rendered":"Eusebio Di Francesco\u00a0z US Lecce\u00a0nie poprowadzi zespo\u0142u w konfrontacjach przeciwko Juventusowi FC\u00a0w Turynie\u00a0i AS Romie\u00a0na Stadio Via del&hellip;\n","protected":false},"author":2,"featured_media":179057,"comment_status":"","ping_status":"","sticky":false,"template":"","format":"standard","meta":{"footnotes":""},"categories":[24],"tags":[35113,34926,269,2821,278,42,38,40,39,41,3539,127,126,17182,898],"class_list":{"0":"post-179056","1":"post","2":"type-post","3":"status-publish","4":"format-standard","5":"has-post-thumbnail","7":"category-sport","8":"tag-eusebio-di-francesco","9":"tag-lecce","10":"tag-pilka-nozna","11":"tag-pilka-nozna-we-wloszech","12":"tag-pilka-w-europie","13":"tag-pl","14":"tag-poland","15":"tag-polish","16":"tag-polska","17":"tag-polski","18":"tag-serie-a","19":"tag-sport","20":"tag-sports","21":"tag-us-lecce","22":"tag-wlochy"},"share_on_mastodon":{"url":"https:\/\/pubeurope.com\/@pl\/115811081515271456","error":""},"_links":{"self":[{"href":"https:\/\/www.europesays.com\/pl\/wp-json\/wp\/v2\/posts\/179056","targetHints":{"allow":["GET"]}}],"collection":[{"href":"https:\/\/www.europesays.com\/pl\/wp-json\/wp\/v2\/posts"}],"about":[{"href":"https:\/\/www.europesays.com\/pl\/wp-json\/wp\/v2\/types\/post"}],"author":[{"embeddable":true,"href":"https:\/\/www.europesays.com\/pl\/wp-json\/wp\/v2\/users\/2"}],"replies":[{"embeddable":true,"href":"https:\/\/www.europesays.com\/pl\/wp-json\/wp\/v2\/comments?post=179056"}],"version-history":[{"count":0,"href":"https:\/\/www.europesays.com\/pl\/wp-json\/wp\/v2\/posts\/179056\/revisions"}],"wp:featuredmedia":[{"embeddable":true,"href":"https:\/\/www.europesays.com\/pl\/wp-json\/wp\/v2\/media\/179057"}],"wp:attachment":[{"href":"https:\/\/www.europesays.com\/pl\/wp-json\/wp\/v2\/media?parent=179056"}],"wp:term":[{"taxonomy":"category","embeddable":true,"href":"https:\/\/www.europesays.com\/pl\/wp-json\/wp\/v2\/categories?post=179056"},{"taxonomy":"post_tag","embeddable":true,"href":"https:\/\/www.europesays.com\/pl\/wp-json\/wp\/v2\/tags?post=179056"}],"curies":[{"name":"wp","href":"https:\/\/api.w.org\/{rel}","templated":true}]}}