{"id":179066,"date":"2025-12-30T23:25:08","date_gmt":"2025-12-30T23:25:08","guid":{"rendered":"https:\/\/www.europesays.com\/pl\/179066\/"},"modified":"2025-12-30T23:25:08","modified_gmt":"2025-12-30T23:25:08","slug":"dramat-w-wielkopolsce-kobieta-i-dziecko-wpadli-do-zamarznietego-stawu","status":"publish","type":"post","link":"https:\/\/www.europesays.com\/pl\/179066\/","title":{"rendered":"Dramat w Wielkopolsce. Kobieta i dziecko wpadli do zamarzni\u0119tego stawu"},"content":{"rendered":"<p>Tragiczne zdarzenie mia\u0142o miejsce we wtorek wieczorem. &#8211;\u00a0Oko\u0142o godz. 18.30 otrzymali\u015bmy zg\u0142oszenie, \u017ce w\u00a0miejscowo\u015bci Radzewo w\u00a0powiecie pozna\u0144skim dwie osoby znajduj\u0105 si\u0119 w\u00a0stawie, pod lodem. Kobieta zosta\u0142a podj\u0119ta z\u00a0wody i\u00a0przekazana pogotowiu ratunkowemu &#8211;\u00a0powiedzia\u0142 PAP rzecznik prasowy wielkopolskiego komendanta wojew\u00f3dzkiego PSP m\u0142. asp. Martin Halasz.<\/p>\n<p>Wideo ze\u00a0Stegny. Ludzie uciekali w\u00a0pop\u0142ochu <\/p>\n<p>Tragiczne zdarzenie w\u00a0Wielkopolsce. Kobieta i\u00a0dziecko wpadli do\u00a0stawu  <\/p>\n<p>Drug\u0105 osob\u0105 by\u0142o dziecko. 7-latka tak\u017ce uda\u0142o si\u0119 wyci\u0105gn\u0105\u0107 z\u00a0wody. Jeszcze na miejscu ratownicy prowadzili resuscytacj\u0119 kr\u0105\u017ceniowo-oddechow\u0105 oko\u0142o 50-letniej kobiety i\u00a0ch\u0142opca. <\/p>\n<p>Przed godzin\u0105 21.00 Halasz poinformowa\u0142, \u017ce oboje zostali przewiezieni do szpitali w\u00a0Poznaniu, a\u00a0ich stan jest krytyczny.<\/p>\n<p>Na miejscu akcj\u0119 prowadzi\u0142o 11 zast\u0119p\u00f3w stra\u017cy po\u017carnej i\u00a0pi\u0119\u0107 jednostek p\u0142ywaj\u0105cych, w\u00a0tym specjalistyczna grupa ratownictwa wodno-nurkowego z\u00a0Poznania.<\/p>\n","protected":false},"excerpt":{"rendered":"Tragiczne zdarzenie mia\u0142o miejsce we wtorek wieczorem. &#8211;\u00a0Oko\u0142o godz. 18.30 otrzymali\u015bmy zg\u0142oszenie, \u017ce w\u00a0miejscowo\u015bci Radzewo w\u00a0powiecie pozna\u0144skim dwie&hellip;\n","protected":false},"author":2,"featured_media":179067,"comment_status":"","ping_status":"","sticky":false,"template":"","format":"standard","meta":{"footnotes":""},"categories":[5],"tags":[32,33,36,37,27,34,35,28,31,25,42,38,40,39,41,29,30,26],"class_list":{"0":"post-179066","1":"post","2":"type-post","3":"status-publish","4":"format-standard","5":"has-post-thumbnail","7":"category-naglowki","8":"tag-breaking-news","9":"tag-breakingnews","10":"tag-featured-news","11":"tag-featurednews","12":"tag-headlines","13":"tag-latest-news","14":"tag-latestnews","15":"tag-naglowki","16":"tag-najwazniejsze-artykuly","17":"tag-news","18":"tag-pl","19":"tag-poland","20":"tag-polish","21":"tag-polska","22":"tag-polski","23":"tag-top-stories","24":"tag-topstories","25":"tag-wiadomosci"},"share_on_mastodon":{"url":"https:\/\/pubeurope.com\/@pl\/115811105117530590","error":""},"_links":{"self":[{"href":"https:\/\/www.europesays.com\/pl\/wp-json\/wp\/v2\/posts\/179066","targetHints":{"allow":["GET"]}}],"collection":[{"href":"https:\/\/www.europesays.com\/pl\/wp-json\/wp\/v2\/posts"}],"about":[{"href":"https:\/\/www.europesays.com\/pl\/wp-json\/wp\/v2\/types\/post"}],"author":[{"embeddable":true,"href":"https:\/\/www.europesays.com\/pl\/wp-json\/wp\/v2\/users\/2"}],"replies":[{"embeddable":true,"href":"https:\/\/www.europesays.com\/pl\/wp-json\/wp\/v2\/comments?post=179066"}],"version-history":[{"count":0,"href":"https:\/\/www.europesays.com\/pl\/wp-json\/wp\/v2\/posts\/179066\/revisions"}],"wp:featuredmedia":[{"embeddable":true,"href":"https:\/\/www.europesays.com\/pl\/wp-json\/wp\/v2\/media\/179067"}],"wp:attachment":[{"href":"https:\/\/www.europesays.com\/pl\/wp-json\/wp\/v2\/media?parent=179066"}],"wp:term":[{"taxonomy":"category","embeddable":true,"href":"https:\/\/www.europesays.com\/pl\/wp-json\/wp\/v2\/categories?post=179066"},{"taxonomy":"post_tag","embeddable":true,"href":"https:\/\/www.europesays.com\/pl\/wp-json\/wp\/v2\/tags?post=179066"}],"curies":[{"name":"wp","href":"https:\/\/api.w.org\/{rel}","templated":true}]}}