{"id":179086,"date":"2025-12-30T23:38:15","date_gmt":"2025-12-30T23:38:15","guid":{"rendered":"https:\/\/www.europesays.com\/pl\/179086\/"},"modified":"2025-12-30T23:38:15","modified_gmt":"2025-12-30T23:38:15","slug":"miejskie-linie-nocne-wiecej-kursow-i-wieksza-czestotliwosc-od-nocy-z-1-na-2-stycznia-2026","status":"publish","type":"post","link":"https:\/\/www.europesays.com\/pl\/179086\/","title":{"rendered":"Miejskie linie nocne \u2013 wi\u0119cej kurs\u00f3w i wi\u0119ksza cz\u0119stotliwo\u015b\u0107 od nocy z 1 na 2 stycznia 2026"},"content":{"rendered":"<p>Dobra wiadomo\u015b\u0107 dla pasa\u017cer\u00f3w korzystaj\u0105cych z miejskich linii nocnych. Od nocy z 1 na 2 stycznia b\u0119dzie mo\u017cna \u0142atwiej skorzysta\u0107 z kurs\u00f3w, poniewa\u017c b\u0119d\u0105 one cz\u0119stsze. Przyk\u0142adowo, na linach numer 215 i 218 autobusy b\u0119d\u0105 kursowa\u0142y co 30 minut.<\/p>\n<p>Zwi\u0119kszenie cz\u0119stotliwo\u015bci kurs\u00f3w wp\u0142ynie na ich wi\u0119ksz\u0105 dost\u0119pno\u015b\u0107. Zw\u0142aszcza na g\u0142\u00f3wnym przystanku przesiadkowym pomi\u0119dzy rondem Kaponiera a mostem Teatralnym w newralgicznych godzinach 23:30 i 0:30. O tych porach na komunikacj\u0119 nocn\u0105 jest du\u017ce zapotrzebowanie, zar\u00f3wno je\u015bli chodzi o powroty z centrum na peryferia oraz w celu przesiadki na po\u0142\u0105czenia kolejowe podczas powrotu z pracy. Z kolei cz\u0119stsze kursy od godziny 3:30 powinny znacz\u0105co poprawi\u0107 sytuacj\u0119 pasa\u017cer\u00f3w doje\u017cd\u017caj\u0105cych bardzo wcze\u015bnie do pracy.<\/p>\n<p>Kursy na nocnych liniach autobusowych od 1 na stycznia 2026 r. b\u0119d\u0105 si\u0119 odbywa\u0142y si\u0119 we wszystkie dni tygodnia z cz\u0119stotliwo\u015bci\u0105 jak w noce z pi\u0105tku na sobot\u0119, czyli odpowiednio co 30 lub 60 minut. B\u0119dzie to oznacza\u0107, \u017ce na liniach numer 215 i 218 autobusy b\u0119d\u0105 podje\u017cd\u017ca\u0107 na przystanki co 30 minut (dotychczas co godzin\u0119).<\/p>\n<p>Na liniach numer 212, 213, 214, 216, 220, 221, 222, 223, 224, 226, 227 i nowej linii 217 kursy b\u0119d\u0105 wykonywane co 60 minut (dotychczas co 120 minut). Warto jednak przypomnie\u0107, \u017ce linie te maj\u0105 parami tak u\u0142o\u017cone trasy, \u017ce du\u017ca cz\u0119\u015b\u0107 podr\u00f3\u017cy odbywa si\u0119 na takim samym odcinku. To oznacza, \u017ce na wsp\u00f3lnych cz\u0119\u015bciach tras dla linii nr: 212\/222, 213\/223, 214\/224, 216\/226 i 217\/227 cz\u0119stotliwo\u015b\u0107 b\u0119dzie wynosi\u0142a co 30 minut.<\/p>\n<p>W ramach zmian wybrane kursy linii nr 212 we wszystkie noce b\u0119d\u0105 wyd\u0142u\u017cone do p\u0119tli Franowo, zostan\u0105 te\u017c wprowadzone nast\u0119puj\u0105ce korekty:<\/p>\n<p>\u2013 uruchomiona zostanie nowa linia nr 217, kt\u00f3ra zast\u0105pi zawieszan\u0105 lini\u0119 nr 211. Autobusy linii nr 217 na odcinku od p\u0119tli Staro\u0142\u0119ka PKM do ronda Rataje b\u0119d\u0105 kursowa\u0107 tras\u0105 linii nr 211, a na odcinku od ronda Rataje do p\u0119tli G\u0142\u00f3wna tras\u0105 linii nr 227. Na linii nr 217 dodatkowo wykonywanie b\u0119d\u0105 wjazdy \u201ekieszeniowe\u201d przez przystanek Rondo Minikowo (dotychczas realizowane w ramach linii nr 211).<\/p>\n<p>Linia nr 217 \u2013 trasa nowego po\u0142\u0105czenia, kt\u00f3re zast\u0105pi lini\u0119 nr 211<\/p>\n<p>G\u0141\u00d3WNA \u2013 G\u0142\u00f3wna \u2013 Zawady \u2013 Podwale \u2013 Jana Paw\u0142a II \u2013 Zamenhofa \u2013 Orla \u2013 Pawia \u2013 Inflancka \u2013 \u017begrze \u2013 Unii Lubelskiej \u2013 Obodrzycka \u2013 Forteczna \u2013 Staro\u0142\u0119cka \u2013 STARO\u0141\u0118KA PKM <\/p>\n<p>\u2013 zwi\u0119kszona zostanie liczba kurs\u00f3w na linii nr 220,<\/p>\n<p>\u2013 skorygowany zostanie rozk\u0142ad jazdy linii nr 221,<\/p>\n<p>\u2013 przywr\u00f3cone zostaje funkcjonowanie linii nr 226 we wszystkie noce.<\/p>\n<p>Cz\u0119stotliwo\u015b\u0107 kurs\u00f3w wariantowych (obs\u0142uga podpozna\u0144skich gmin) na liniach numer 215, 224 i 227 pozostanie bez zmian.<\/p>\n<p>Jednocze\u015bnie ze zwi\u0119kszeniem cz\u0119stotliwo\u015bci i liczby kurs\u00f3w na liniach nocnych, zostan\u0105 wprowadzone korekty na p\u00f3\u017anowieczornych kursach wybranych linii dziennych nr: 153, 154, 158, 159, 162, 167, 168, 175, 189 i 196.<\/p>\n","protected":false},"excerpt":{"rendered":"Dobra wiadomo\u015b\u0107 dla pasa\u017cer\u00f3w korzystaj\u0105cych z miejskich linii nocnych. Od nocy z 1 na 2 stycznia b\u0119dzie mo\u017cna&hellip;\n","protected":false},"author":2,"featured_media":159746,"comment_status":"","ping_status":"","sticky":false,"template":"","format":"standard","meta":{"footnotes":""},"categories":[12],"tags":[32,33,36,37,27,34,35,28,31,25,42,38,40,39,41,29,30,26],"class_list":{"0":"post-179086","1":"post","2":"type-post","3":"status-publish","4":"format-standard","5":"has-post-thumbnail","7":"category-polska","8":"tag-breaking-news","9":"tag-breakingnews","10":"tag-featured-news","11":"tag-featurednews","12":"tag-headlines","13":"tag-latest-news","14":"tag-latestnews","15":"tag-naglowki","16":"tag-najwazniejsze-artykuly","17":"tag-news","18":"tag-pl","19":"tag-poland","20":"tag-polish","21":"tag-polska","22":"tag-polski","23":"tag-top-stories","24":"tag-topstories","25":"tag-wiadomosci"},"share_on_mastodon":{"url":"https:\/\/pubeurope.com\/@pl\/115811156189764397","error":""},"_links":{"self":[{"href":"https:\/\/www.europesays.com\/pl\/wp-json\/wp\/v2\/posts\/179086","targetHints":{"allow":["GET"]}}],"collection":[{"href":"https:\/\/www.europesays.com\/pl\/wp-json\/wp\/v2\/posts"}],"about":[{"href":"https:\/\/www.europesays.com\/pl\/wp-json\/wp\/v2\/types\/post"}],"author":[{"embeddable":true,"href":"https:\/\/www.europesays.com\/pl\/wp-json\/wp\/v2\/users\/2"}],"replies":[{"embeddable":true,"href":"https:\/\/www.europesays.com\/pl\/wp-json\/wp\/v2\/comments?post=179086"}],"version-history":[{"count":0,"href":"https:\/\/www.europesays.com\/pl\/wp-json\/wp\/v2\/posts\/179086\/revisions"}],"wp:featuredmedia":[{"embeddable":true,"href":"https:\/\/www.europesays.com\/pl\/wp-json\/wp\/v2\/media\/159746"}],"wp:attachment":[{"href":"https:\/\/www.europesays.com\/pl\/wp-json\/wp\/v2\/media?parent=179086"}],"wp:term":[{"taxonomy":"category","embeddable":true,"href":"https:\/\/www.europesays.com\/pl\/wp-json\/wp\/v2\/categories?post=179086"},{"taxonomy":"post_tag","embeddable":true,"href":"https:\/\/www.europesays.com\/pl\/wp-json\/wp\/v2\/tags?post=179086"}],"curies":[{"name":"wp","href":"https:\/\/api.w.org\/{rel}","templated":true}]}}