{"id":179087,"date":"2025-12-30T23:39:04","date_gmt":"2025-12-30T23:39:04","guid":{"rendered":"https:\/\/www.europesays.com\/pl\/179087\/"},"modified":"2025-12-30T23:39:04","modified_gmt":"2025-12-30T23:39:04","slug":"zagrozenie-powodziowe-w-elblagu-kolejne-ulice-zablokowane-wp-wiadomosci","status":"publish","type":"post","link":"https:\/\/www.europesays.com\/pl\/179087\/","title":{"rendered":"Zagro\u017cenie powodziowe w Elbl\u0105gu. Kolejne ulice zablokowane &#8211; WP Wiadomo\u015bci"},"content":{"rendered":"<ol>\n<li><a href=\"https:\/\/news.google.com\/rss\/articles\/CBMiogFBVV95cUxQZjhwVkU1amJmOXdyaHMwaG01WENUVzVJTXRVaUxOcjNTZlFpYjlXeFlwS3k1cDMwSkM4ZDk3UkxRZ2ZDNlpWeWV1cUdhc1h3bFYtTi1uY0VlcG1zanhJbUpqeUxyQnZtY2xhMDJLNFJQZG1FdVQ5bkd2cklnUnJmOC1GTGYxV3VLYThydGlEVHBkaTZ1LU5lVVNmcURkTW9FSlE?oc=5\" target=\"_blank\" rel=\"nofollow noopener\">Zagro\u017cenie powodziowe w Elbl\u0105gu. Kolejne ulice zablokowane<\/a>&nbsp;&nbsp;WP Wiadomo\u015bci<\/li>\n<li><a href=\"https:\/\/news.google.com\/rss\/articles\/CBMipgFBVV95cUxQNWtxck9aUXBVSE9aZWxfTkFXZlV3X0xLTVUwelVETTRlcGE3YkV5R0dueDc4ZjhuNDN6SVVEZzZTeGhoUTItMnZGZlJZaWVWOG1uSVlFdnptQlI0enhnbzJ5Y2pGU0Z4VTRuRUt3bHQyNTlac2JvSElkbjdWbzNYSGpOS2dpc0lZcVRmaTAwU3FhX2kwWm1kM05BMkgzQkMydFVrN3R3?oc=5\" target=\"_blank\" rel=\"nofollow noopener\">Woda z Zalewu Wi\u015blanego zalewa Frombork. Trwa akcja stra\u017cak\u00f3w<\/a>&nbsp;&nbsp;Onet Wiadomo\u015bci<\/li>\n<li><a href=\"https:\/\/news.google.com\/rss\/articles\/CBMipAFBVV95cUxNa0lkSXo3enBPRnhtZkhaT213WmVWNjh0b0NjSldvRWFINDBncVdZMFNjX1NzTHY4aEkyOHVWell2aEZCN3JmNmpiWHBKMElQOWhoUWxTelFIamRNOEYtZnpYQnM3T3JDSkdPbHNZd1RINldDVk5RbjdhRFRkQ19CYmx1MUtxY3lnWldCSFU1eEthYXQ1US1HNmlGQ0M4MkFoNVNsUQ?oc=5\" target=\"_blank\" rel=\"nofollow noopener\">Cofka na p\u00f3\u0142nocy Polski. Czym jest to niebezpieczne zjawisko<\/a>&nbsp;&nbsp;TVN24<\/li>\n<li><a href=\"https:\/\/news.google.com\/rss\/articles\/CBMimgFBVV95cUxNTV9IVkZmV2VPNEdKVWQ1SVVOTVNsNkdkQmxSUzIwV3FpbjV3aDdEQkNLWl85VjJyV25hWTlaNVlWVHZMamF6d3ZjR2xRRkdQNEFyNFozelY0LUFpQ3lST2otcDVDNmNSZVE1Y2FzQ2ZxV0VDOXJ0SGowTFBuQ1JMY1ZBNTZ5ZGd3OURrekRMeXMtMWRBQmd4cXRR?oc=5\" target=\"_blank\" rel=\"nofollow noopener\">&#8222;Odwo\u0142ujemy sylwestra&#8221;. Prezydent Elbl\u0105ga poda\u0142 powody<\/a>&nbsp;&nbsp;WP Wiadomo\u015bci<\/li>\n<li><a href=\"https:\/\/news.google.com\/rss\/articles\/CBMixgFBVV95cUxOZXRzS1VPUUJ4TUVWLWZvVTlOaXR1ZWRMLUNTc2F4Z2V2emE3bjNUcHQyNXY5UW05U1RYVDAwd0lhS0s3bEd1WVhjdlhoNTZwVWdhUUk0LWFVd1YtNXZwUnNlX2paY3FjWE5NdS1zXzNvb1EydjFteEVKSEhTT251THBXYWwwQXlQMEdjcnJtUVVmdGlBblZBQWp6S1h2cVVuMUJTX3VDRkFNWmdYcmx0TjV4aTNtUE9tOThzM3FOZVA0YXVIZGc?oc=5\" target=\"_blank\" rel=\"nofollow noopener\">Stra\u017c uk\u0142ada worki z piaskiem we Fromborku. Woda wdziera si\u0119 do miasta<\/a>&nbsp;&nbsp;Wydarzenia w INTERIA.PL<\/li>\n<\/ol>\n","protected":false},"excerpt":{"rendered":"Zagro\u017cenie powodziowe w Elbl\u0105gu. Kolejne ulice zablokowane&nbsp;&nbsp;WP Wiadomo\u015bci Woda z Zalewu Wi\u015blanego zalewa Frombork. Trwa akcja stra\u017cak\u00f3w&nbsp;&nbsp;Onet Wiadomo\u015bci&hellip;\n","protected":false},"author":2,"featured_media":179088,"comment_status":"","ping_status":"","sticky":false,"template":"","format":"standard","meta":{"footnotes":""},"categories":[5],"tags":[32,33,36,37,27,34,35,28,31,25,42,38,40,39,41,29,30,26],"class_list":{"0":"post-179087","1":"post","2":"type-post","3":"status-publish","4":"format-standard","5":"has-post-thumbnail","7":"category-naglowki","8":"tag-breaking-news","9":"tag-breakingnews","10":"tag-featured-news","11":"tag-featurednews","12":"tag-headlines","13":"tag-latest-news","14":"tag-latestnews","15":"tag-naglowki","16":"tag-najwazniejsze-artykuly","17":"tag-news","18":"tag-pl","19":"tag-poland","20":"tag-polish","21":"tag-polska","22":"tag-polski","23":"tag-top-stories","24":"tag-topstories","25":"tag-wiadomosci"},"share_on_mastodon":{"url":"https:\/\/pubeurope.com\/@pl\/115811160483976897","error":""},"_links":{"self":[{"href":"https:\/\/www.europesays.com\/pl\/wp-json\/wp\/v2\/posts\/179087","targetHints":{"allow":["GET"]}}],"collection":[{"href":"https:\/\/www.europesays.com\/pl\/wp-json\/wp\/v2\/posts"}],"about":[{"href":"https:\/\/www.europesays.com\/pl\/wp-json\/wp\/v2\/types\/post"}],"author":[{"embeddable":true,"href":"https:\/\/www.europesays.com\/pl\/wp-json\/wp\/v2\/users\/2"}],"replies":[{"embeddable":true,"href":"https:\/\/www.europesays.com\/pl\/wp-json\/wp\/v2\/comments?post=179087"}],"version-history":[{"count":0,"href":"https:\/\/www.europesays.com\/pl\/wp-json\/wp\/v2\/posts\/179087\/revisions"}],"wp:featuredmedia":[{"embeddable":true,"href":"https:\/\/www.europesays.com\/pl\/wp-json\/wp\/v2\/media\/179088"}],"wp:attachment":[{"href":"https:\/\/www.europesays.com\/pl\/wp-json\/wp\/v2\/media?parent=179087"}],"wp:term":[{"taxonomy":"category","embeddable":true,"href":"https:\/\/www.europesays.com\/pl\/wp-json\/wp\/v2\/categories?post=179087"},{"taxonomy":"post_tag","embeddable":true,"href":"https:\/\/www.europesays.com\/pl\/wp-json\/wp\/v2\/tags?post=179087"}],"curies":[{"name":"wp","href":"https:\/\/api.w.org\/{rel}","templated":true}]}}