{"id":179104,"date":"2025-12-30T23:58:18","date_gmt":"2025-12-30T23:58:18","guid":{"rendered":"https:\/\/www.europesays.com\/pl\/179104\/"},"modified":"2025-12-30T23:58:18","modified_gmt":"2025-12-30T23:58:18","slug":"julia-wieniawa-odslonila-sylwetke-po-swietach-tak-obecnie-wyglada","status":"publish","type":"post","link":"https:\/\/www.europesays.com\/pl\/179104\/","title":{"rendered":"Julia Wieniawa ods\u0142oni\u0142a sylwetk\u0119 po \u015awi\u0119tach. Tak obecnie wygl\u0105da"},"content":{"rendered":"<p>Julia Wieniawa prezentuje r\u00f3\u017cne oblicza w\u00a0mediach spo\u0142eczno\u015bciowych. Z\u00a0jednej strony epatuje bogactwem, ochoczo wymachuj\u0105c <a href=\"https:\/\/www.pudelek.pl\/julia-wieniawa-chwali-sie-torebka-za-prawie-140-tysiecy-zlotych-warta-swojej-ceny-foto-7233461998557696a\" rel=\"noopener noreferrer nofollow\" target=\"_blank\">ob\u0142\u0119dnie drogimi torebkami<\/a>, kt\u00f3rych warto\u015b\u0107 przekracza roczn\u0105 pensj\u0119 statystycznego Polaka. Czasami, te\u017c pokazuje sw\u0105 odbiegaj\u0105c\u0105 od perfekcji ods\u0142on\u0119, kt\u00f3r\u0105 znamy z\u00a0bran\u017cowych imprez i\u00a0nagra\u0144 program\u00f3w telewizyjnych, pr\u00f3buj\u0105c zjednoczy\u0107 si\u0119 w\u00a0ten spos\u00f3b ze swoimi obserwatorkami. Niedawno <a href=\"https:\/\/www.pudelek.pl\/julia-wieniawa-chwali-sie-torebka-za-prawie-140-tysiecy-zlotych-warta-swojej-ceny-foto-7233461998557696a\" rel=\"noopener noreferrer nofollow\" target=\"_blank\">zaprezentowa\u0142a swe w\u00a0pe\u0142ni naturalne lico<\/a>.<\/p>\n<p>W minionym tygodniu jurorka show &#8222;Mam talent!&#8221; dzieli\u0142a si\u0119 z\u00a0nami wideorelacjami z\u00a0<a href=\"https:\/\/www.pudelek.pl\/kuba-karas-tez-wpadl-na-urodziny-julii-wieniawy-milosc-kwitnie-foto-7235581160954368a\" rel=\"noopener noreferrer nofollow\" target=\"_blank\">obchod\u00f3w swoich 27., urodzin<\/a> oraz kadrami zza \u015bwi\u0105tecznego sto\u0142u. Czas celebracji dobieg\u0142 jednak ko\u0144ca, w\u00a0zwi\u0105zku z\u00a0czym Wieniawa postanowi\u0142a pozby\u0107 si\u0119 nadmiaru kalorii. Koniec tygodnia up\u0142yn\u0105\u0142 jej pod znakiem aktywno\u015bci fizycznych.<\/p>\n<p>Julia Wieniawa kupi\u0142a sobie dom w\u00a0rezerwacie przyrody w\u00a0\u015brodku lasu. Dlaczego wybra\u0142a las zamiast domu w\u00a0Hiszpanii? <\/p>\n<p>S\u0142yn\u0105cej z\u00a0licznych zobowi\u0105za\u0144 zawodowych aktorce i\u00a0wokalistce uda\u0142o si\u0119 wygospodarowa\u0107 woln\u0105 niedziel\u0119 w\u00a0kalendarzu. Nie zamierza\u0142a jednak bezczynnie zalega\u0107 na kanapie, podziwiaj\u0105c zimowy krajobraz zza okien swojej le\u015bnej chatki. Wr\u0119cz przeciwnie najpierw przyst\u0105pi\u0142a do treningu na orbitreku, a\u00a0nast\u0119pnie zacisn\u0119\u0142a z\u0119by, zanurzaj\u0105c cia\u0142o w\u00a0specjalnej wannie do morsowania.<\/p>\n<p>&#8211; podsumowa\u0142a swe wczorajsze aktywno\u015bci.<\/p>\n<p>Julia Wieniawa pokaza\u0142a si\u0119 jedynie w\u00a0bikini i\u00a0fioletowej czapce zimowej. Pomimo ma\u0142o dogodnych warunk\u00f3w pos\u0142a\u0142a promienny u\u015bmiech w\u00a0stron\u0119 telefonu. Jak wida\u0107 na za\u0142\u0105czonych obrazkach, kilka pierog\u00f3w i\u00a0kawa\u0142k\u00f3w makowca w\u00a0\u017caden spos\u00f3b nie wp\u0142yn\u0119\u0142o na jej zgrabn\u0105 figur\u0119.<\/p>\n","protected":false},"excerpt":{"rendered":"Julia Wieniawa prezentuje r\u00f3\u017cne oblicza w\u00a0mediach spo\u0142eczno\u015bciowych. Z\u00a0jednej strony epatuje bogactwem, ochoczo wymachuj\u0105c ob\u0142\u0119dnie drogimi torebkami, kt\u00f3rych warto\u015b\u0107&hellip;\n","protected":false},"author":2,"featured_media":179105,"comment_status":"","ping_status":"","sticky":false,"template":"","format":"standard","meta":{"footnotes":""},"categories":[14],"tags":[32,33,27,34,35,28,31,25,40,41,80,29,30,26,82,83,84],"class_list":{"0":"post-179104","1":"post","2":"type-post","3":"status-publish","4":"format-standard","5":"has-post-thumbnail","7":"category-swiat","8":"tag-breaking-news","9":"tag-breakingnews","10":"tag-headlines","11":"tag-latest-news","12":"tag-latestnews","13":"tag-naglowki","14":"tag-najwazniejsze-artykuly","15":"tag-news","16":"tag-polish","17":"tag-polski","18":"tag-swiat","19":"tag-top-stories","20":"tag-topstories","21":"tag-wiadomosci","22":"tag-world","23":"tag-world-news","24":"tag-worldnews"},"share_on_mastodon":{"url":"https:\/\/pubeurope.com\/@pl\/115811234959446091","error":""},"_links":{"self":[{"href":"https:\/\/www.europesays.com\/pl\/wp-json\/wp\/v2\/posts\/179104","targetHints":{"allow":["GET"]}}],"collection":[{"href":"https:\/\/www.europesays.com\/pl\/wp-json\/wp\/v2\/posts"}],"about":[{"href":"https:\/\/www.europesays.com\/pl\/wp-json\/wp\/v2\/types\/post"}],"author":[{"embeddable":true,"href":"https:\/\/www.europesays.com\/pl\/wp-json\/wp\/v2\/users\/2"}],"replies":[{"embeddable":true,"href":"https:\/\/www.europesays.com\/pl\/wp-json\/wp\/v2\/comments?post=179104"}],"version-history":[{"count":0,"href":"https:\/\/www.europesays.com\/pl\/wp-json\/wp\/v2\/posts\/179104\/revisions"}],"wp:featuredmedia":[{"embeddable":true,"href":"https:\/\/www.europesays.com\/pl\/wp-json\/wp\/v2\/media\/179105"}],"wp:attachment":[{"href":"https:\/\/www.europesays.com\/pl\/wp-json\/wp\/v2\/media?parent=179104"}],"wp:term":[{"taxonomy":"category","embeddable":true,"href":"https:\/\/www.europesays.com\/pl\/wp-json\/wp\/v2\/categories?post=179104"},{"taxonomy":"post_tag","embeddable":true,"href":"https:\/\/www.europesays.com\/pl\/wp-json\/wp\/v2\/tags?post=179104"}],"curies":[{"name":"wp","href":"https:\/\/api.w.org\/{rel}","templated":true}]}}