{"id":179106,"date":"2025-12-30T23:59:08","date_gmt":"2025-12-30T23:59:08","guid":{"rendered":"https:\/\/www.europesays.com\/pl\/179106\/"},"modified":"2025-12-30T23:59:08","modified_gmt":"2025-12-30T23:59:08","slug":"kobieta-z-dzieckiem-wpadla-do-stawu-trwa-dramatyczna-akcja-ratunkowa","status":"publish","type":"post","link":"https:\/\/www.europesays.com\/pl\/179106\/","title":{"rendered":"kobieta z dzieckiem wpad\u0142a do stawu. Trwa dramatyczna akcja ratunkowa"},"content":{"rendered":"<p class=\"article-p\" data-section=\"detail-body\">We wtorek 30 grudnia w miejscowo\u015bci Radzew w Wielkopolsce dosz\u0142o do niebezpiecznego wypadku. O godzinie 18:30 s\u0142u\u017cby dosta\u0142y zg\u0142oszenie o kobiecie, kt\u00f3ra wpad\u0142a do stawu wraz z dzieckiem.<\/p>\n<p class=\"article-p\" data-section=\"detail-body\">Po przybyciu na miejsce zdarzenia przy ul. Kaszubskiej okaza\u0142o si\u0119, \u017ce na terenie prywatnej posesji znajduje si\u0119 staw z przer\u0119blem. Na jego powierzchni widoczna by\u0142a kobieta. Stra\u017cacy jednostek ochrony przeciwpo\u017carowej natychmiast wy\u0142owili 48-latk\u0119 z wody. Chwil\u0119 p\u00f3\u017aniej nurek ze specjalistycznej grupy wodno-nurkowej podj\u0105\u0142 z dna zbiornika 7-letnie dziecko<\/p>\n<p class=\"article-p\" data-section=\"detail-body\">\u2014 informuje &#8222;Fakt&#8221; m\u0142. asp. Martin Halasz, rzecznik prasowy wielkopolskiej stra\u017cy po\u017carnej.<\/p>\n<p class=\"article-p\" data-section=\"detail-body\">Nast\u0119pnie matka wraz z synem zostali przekazani zespo\u0142owi ratownictwa medycznego. Po przeprowadzeniu resuscytacji kr\u0105\u017ceniowo-oddechowej zostali przewiezieni do pozna\u0144skiego szpitala. Trafi\u0142 tam r\u00f3wnie\u017c 58-letni ojciec. Mia\u0142o to zwi\u0105zek z silnym stresem. To on poinformowa\u0142 s\u0142u\u017cby o zdarzeniu.<\/p>\n<p class=\"article-p\" data-section=\"detail-body\">Stra\u017cacy podejrzewaj\u0105, \u017ce matka wraz z synkiem mogli wej\u015b\u0107 na zamro\u017con\u0105 tafl\u0119 stawu. Prawdopodobnie w pewnym momencie za\u0142ama\u0142 si\u0119 pod nimi l\u00f3d.<\/p>\n<p class=\"article-p\" data-section=\"detail-body\">Na miejscu obecnych by\u0142o 11 zast\u0119p\u00f3w stra\u017cy po\u017carnej. <\/p>\n<p class=\"article-p\" data-section=\"detail-body\"><a href=\"https:\/\/www.fakt.pl\/wydarzenia\/polska\/lublin\/13-latka-wpadla-do-rzeki-we-wlodawie-alkohol-mroz-i-akcja-ratunkowa\/5jlp5g4\" id=\"514353d5-3d3a-44be-9e6f-48eee9889da1\" rel=\"nofollow noopener\" target=\"_blank\">Dramat nad rzek\u0105 W\u0142odawk\u0105. Policja ujawnia nowe szczeg\u00f3\u0142y sprawy 13-latki<\/a><\/p>\n<p class=\"article-p\" data-section=\"detail-body\"><a href=\"https:\/\/www.fakt.pl\/wydarzenia\/polska\/warszawa\/warszawa-pijani-przy-wraku-dodgea-swiateczna-noc-zakonczona-zatrzymaniem\/55vv0v2\" id=\"448ea5c9-7d24-436f-8bc3-a59ffed45fc0\" rel=\"nofollow noopener\" target=\"_blank\">Pijane ma\u0142\u017ce\u0144stwo zatrzymane po kraksie. Nowe szczeg\u00f3\u0142y \u015bwi\u0105tecznego incydentu<\/a><\/p>\n<p class=\"article-p\" data-section=\"detail-body\"><a href=\"https:\/\/www.fakt.pl\/wydarzenia\/swiat\/wypadek-kolejki-linowej-w-alpach-ewakuowano-blisko-100-osob\/x3e0y1h\" id=\"356ff180-2cd2-498a-9e3d-22e0bb0a7f7c\" rel=\"nofollow noopener\" target=\"_blank\">Dramatyczny wypadek w Alpach. Pasa\u017cerowie kolejki linowej utkn\u0119li na wysoko\u015bci<\/a><\/p>\n","protected":false},"excerpt":{"rendered":"We wtorek 30 grudnia w miejscowo\u015bci Radzew w Wielkopolsce dosz\u0142o do niebezpiecznego wypadku. O godzinie 18:30 s\u0142u\u017cby dosta\u0142y&hellip;\n","protected":false},"author":2,"featured_media":179107,"comment_status":"","ping_status":"","sticky":false,"template":"","format":"standard","meta":{"footnotes":""},"categories":[12],"tags":[32,33,36,37,27,34,35,28,31,25,42,38,40,39,41,29,30,26],"class_list":{"0":"post-179106","1":"post","2":"type-post","3":"status-publish","4":"format-standard","5":"has-post-thumbnail","7":"category-polska","8":"tag-breaking-news","9":"tag-breakingnews","10":"tag-featured-news","11":"tag-featurednews","12":"tag-headlines","13":"tag-latest-news","14":"tag-latestnews","15":"tag-naglowki","16":"tag-najwazniejsze-artykuly","17":"tag-news","18":"tag-pl","19":"tag-poland","20":"tag-polish","21":"tag-polska","22":"tag-polski","23":"tag-top-stories","24":"tag-topstories","25":"tag-wiadomosci"},"share_on_mastodon":{"url":"https:\/\/pubeurope.com\/@pl\/115811238708950902","error":""},"_links":{"self":[{"href":"https:\/\/www.europesays.com\/pl\/wp-json\/wp\/v2\/posts\/179106","targetHints":{"allow":["GET"]}}],"collection":[{"href":"https:\/\/www.europesays.com\/pl\/wp-json\/wp\/v2\/posts"}],"about":[{"href":"https:\/\/www.europesays.com\/pl\/wp-json\/wp\/v2\/types\/post"}],"author":[{"embeddable":true,"href":"https:\/\/www.europesays.com\/pl\/wp-json\/wp\/v2\/users\/2"}],"replies":[{"embeddable":true,"href":"https:\/\/www.europesays.com\/pl\/wp-json\/wp\/v2\/comments?post=179106"}],"version-history":[{"count":0,"href":"https:\/\/www.europesays.com\/pl\/wp-json\/wp\/v2\/posts\/179106\/revisions"}],"wp:featuredmedia":[{"embeddable":true,"href":"https:\/\/www.europesays.com\/pl\/wp-json\/wp\/v2\/media\/179107"}],"wp:attachment":[{"href":"https:\/\/www.europesays.com\/pl\/wp-json\/wp\/v2\/media?parent=179106"}],"wp:term":[{"taxonomy":"category","embeddable":true,"href":"https:\/\/www.europesays.com\/pl\/wp-json\/wp\/v2\/categories?post=179106"},{"taxonomy":"post_tag","embeddable":true,"href":"https:\/\/www.europesays.com\/pl\/wp-json\/wp\/v2\/tags?post=179106"}],"curies":[{"name":"wp","href":"https:\/\/api.w.org\/{rel}","templated":true}]}}