{"id":179114,"date":"2025-12-31T00:06:13","date_gmt":"2025-12-31T00:06:13","guid":{"rendered":"https:\/\/www.europesays.com\/pl\/179114\/"},"modified":"2025-12-31T00:06:13","modified_gmt":"2025-12-31T00:06:13","slug":"samochody-i-plugi-utknely-w-zaspach-ludzi-ratowali-rolnicy-polska","status":"publish","type":"post","link":"https:\/\/www.europesays.com\/pl\/179114\/","title":{"rendered":"Samochody i p\u0142ugi utkn\u0119\u0142y w zaspach. Ludzi ratowali rolnicy &#8211; Polska"},"content":{"rendered":"<p>Kierowcy utkn\u0119li w zaspach na drodze w Tylicach<\/p>\n<p>M\u0142. bryg. Kamil Szczech, rzecznik Komendy Powiatowej Pa\u0144stwowej Stra\u017cy Po\u017carnej w Nowym Mie\u015bcie Lubawskim poinformowa\u0142 nas, \u017ce utkn\u0119li przede wszystkim mieszka\u0144cy pobliskich miejscowo\u015bci &#8211; Tylice, Kuligi, Linowiec czy Grodziczno. &#8211; Wszyscy za wszelk\u0105 cen\u0119 chcieli dojecha\u0107 do swoich domostw &#8211; s\u0142yszymy.<\/p>\n<p> <img decoding=\"async\" src=\"https:\/\/www.europesays.com\/pl\/wp-content\/uploads\/2025\/12\/65e41b5c-d0e4-4af9-aa4e-1650b00092dd.jpg\" alt=\"Ludzie byli uwi\u0119zieni w samochodach\"\/>    Ludzie byli uwi\u0119zieni w samochodach    <\/p>\n<p>Pomogli rolnicy, kt\u00f3rzy przyjechali ci\u0105gnikami i przewie\u017ali uwi\u0119zione w samochodach osoby. &#8211; Apelujemy do wszystkich w regionie, by nie wyje\u017cd\u017cali, je\u015bli nie musz\u0105 &#8211; powiedzia\u0142 m\u0142. bryg. Kamil Szczech.<\/p>\n<p>Na miejscu dzia\u0142aj\u0105 s\u0142u\u017cby porz\u0105dkowa, a tak\u017ce policjanci. Sytuacja jest na bie\u017c\u0105co monitorowana.<\/p>\n<p>Alerty RCB i IMGW dla pi\u0119ciu wojew\u00f3dztw<\/p>\n<p><a href=\"https:\/\/polskieradio24.pl\/artykul\/3627443,alert-rcb-dla-pieciu-wojewodztw-ostrzezenie-przed-zamieciami-snieznymi\" rel=\"nofollow noopener\" target=\"_blank\">Rz\u0105dowe Centrum Bezpiecze\u0144stwa (RCB) wyda\u0142o alerty dla mieszka\u0144c\u00f3w pi\u0119ciu wojew\u00f3dztw<\/a>: warmi\u0144sko-mazurskiego, pomorskiego, podlaskiego, kujawsko-pomorskiego i mazowieckiego. Ostrze\u017cenia dotycz\u0105 zawiei, zamieci \u015bnie\u017cnych i silnego wiatru, kt\u00f3re mog\u0105 powodowa\u0107 trudne warunki na drogach oraz przerwy w dostawie pr\u0105du.<\/p>\n<p>Co wi\u0119cej, <a href=\"https:\/\/polskieradio24.pl\/artykul\/3627656,sniezyce-i-wichury-czerwone-alerty-imgw\" rel=\"nofollow noopener\" target=\"_blank\">Instytut Meteorologii i Gospodarki Wodnej (IMGW) og\u0142osi\u0142 najwy\u017cszy, trzeci stopie\u0144 zagro\u017cenia<\/a>\u00a0dla wybranych powiat\u00f3w wojew\u00f3dztw pomorskiego i warmi\u0144sko-mazurskiego. Ostrze\u017cenie obowi\u0105zuje od przedpo\u0142udnia do po\u0142udnia w \u015brod\u0119 31 grudnia i dotyczy intensywnych opad\u00f3w \u015bniegu, kt\u00f3re mog\u0105 utrudnia\u0107 podr\u00f3\u017cowanie i stwarza\u0107 zagro\u017cenie dla kierowc\u00f3w.<\/p>\n<p>Czytaj tak\u017ce:<\/p>\n<ul class=\"ArticleContent_articleUlList__sA7TW\">&#13;<\/p>\n<li><a href=\"https:\/\/polskieradio24.pl\/artykul\/3627608,uderzenie-zimy-w-sylwestra-meteorolodzy-nawet-15c\" rel=\"nofollow noopener\" target=\"_blank\">Uderzenie zimy w Sylwestra. Meteorolodzy: nawet -15\u00b0C<\/a><\/li>\n<p>&#13;<\/p>\n<li><a href=\"https:\/\/polskieradio24.pl\/artykul\/3627649,wypadek-w-sniezycy-na-s7-trzy-samochody-i-laweta\" rel=\"nofollow noopener\" target=\"_blank\">Wypadek w \u015bnie\u017cycy na S7. Trzy samochody i laweta<\/a><\/li>\n<p>&#13;\n<\/ul>\n<p>\u0179r\u00f3d\u0142a: PolskieRadio24.pl\/tw<\/p>\n","protected":false},"excerpt":{"rendered":"Kierowcy utkn\u0119li w zaspach na drodze w Tylicach M\u0142. bryg. Kamil Szczech, rzecznik Komendy Powiatowej Pa\u0144stwowej Stra\u017cy Po\u017carnej&hellip;\n","protected":false},"author":2,"featured_media":179115,"comment_status":"","ping_status":"","sticky":false,"template":"","format":"standard","meta":{"footnotes":""},"categories":[12],"tags":[32,33,36,37,27,34,35,28,31,25,42,38,40,39,41,29,30,26],"class_list":{"0":"post-179114","1":"post","2":"type-post","3":"status-publish","4":"format-standard","5":"has-post-thumbnail","7":"category-polska","8":"tag-breaking-news","9":"tag-breakingnews","10":"tag-featured-news","11":"tag-featurednews","12":"tag-headlines","13":"tag-latest-news","14":"tag-latestnews","15":"tag-naglowki","16":"tag-najwazniejsze-artykuly","17":"tag-news","18":"tag-pl","19":"tag-poland","20":"tag-polish","21":"tag-polska","22":"tag-polski","23":"tag-top-stories","24":"tag-topstories","25":"tag-wiadomosci"},"share_on_mastodon":{"url":"https:\/\/pubeurope.com\/@pl\/115811266251870201","error":""},"_links":{"self":[{"href":"https:\/\/www.europesays.com\/pl\/wp-json\/wp\/v2\/posts\/179114","targetHints":{"allow":["GET"]}}],"collection":[{"href":"https:\/\/www.europesays.com\/pl\/wp-json\/wp\/v2\/posts"}],"about":[{"href":"https:\/\/www.europesays.com\/pl\/wp-json\/wp\/v2\/types\/post"}],"author":[{"embeddable":true,"href":"https:\/\/www.europesays.com\/pl\/wp-json\/wp\/v2\/users\/2"}],"replies":[{"embeddable":true,"href":"https:\/\/www.europesays.com\/pl\/wp-json\/wp\/v2\/comments?post=179114"}],"version-history":[{"count":0,"href":"https:\/\/www.europesays.com\/pl\/wp-json\/wp\/v2\/posts\/179114\/revisions"}],"wp:featuredmedia":[{"embeddable":true,"href":"https:\/\/www.europesays.com\/pl\/wp-json\/wp\/v2\/media\/179115"}],"wp:attachment":[{"href":"https:\/\/www.europesays.com\/pl\/wp-json\/wp\/v2\/media?parent=179114"}],"wp:term":[{"taxonomy":"category","embeddable":true,"href":"https:\/\/www.europesays.com\/pl\/wp-json\/wp\/v2\/categories?post=179114"},{"taxonomy":"post_tag","embeddable":true,"href":"https:\/\/www.europesays.com\/pl\/wp-json\/wp\/v2\/tags?post=179114"}],"curies":[{"name":"wp","href":"https:\/\/api.w.org\/{rel}","templated":true}]}}