{"id":179118,"date":"2025-12-31T00:09:11","date_gmt":"2025-12-31T00:09:11","guid":{"rendered":"https:\/\/www.europesays.com\/pl\/179118\/"},"modified":"2025-12-31T00:09:11","modified_gmt":"2025-12-31T00:09:11","slug":"viki-gabor-i-giovanni-trojanek-zamieszkali-razem-przed-nimi-pieciodniowe-wesele","status":"publish","type":"post","link":"https:\/\/www.europesays.com\/pl\/179118\/","title":{"rendered":"Viki Gabor i Giovanni Trojanek zamieszkali razem. Przed nimi pi\u0119ciodniowe wesele"},"content":{"rendered":"<p>Tradycyjny \u015blub i plany na pi\u0119ciodniowe wesele<\/p>\n<p class=\"ods-c-paragraph \">Cho\u0107 ceremonia mia\u0142a charakter symboliczny i wpisywa\u0142a si\u0119 w wielopokoleniowe zwyczaje spo\u0142eczno\u015bci romskiej, para nie zawar\u0142a jeszcze \u015blubu cywilnego. Zgodnie z informacjami przekazanymi przez Bogdana Trojanka, huczne, pi\u0119ciodniowe wesele dopiero przed nimi.<\/p>\n<p> Gdzie Viki Gabor i Giovanni Trojanek zamieszkali razem? <\/p>\n<p> Jakie plany maj\u0105 Viki Gabor i Giovanni Trojanek na wesele? <\/p>\n<p> Jak\u0105 tradycj\u0119 przestrzegano podczas \u015blubu Viki Gabor? <\/p>\n<p> Co powiedzia\u0142 Bogdan Trojanek o mi\u0142o\u015bci Viki i Giovanniego? <\/p>\n<p class=\"ods-c-paragraph \">&#8222;To jest fenomen, \u017ce artystka XXI w., tak znana i lubiana przez nas wszystkich, przestrzega to prawo romanipen. To by\u0142o pi\u0119kne dla mnie, \u017ce tak si\u0119 wydarzy\u0142o&#8221; \u2014 podkre\u015bli\u0142 Bogdan Trojanek w rozmowie z &#8222;Dzie\u0144 dobry TVN&#8221;. Muzyk zapowiedzia\u0142 r\u00f3wnie\u017c, \u017ce przed m\u0142od\u0105 par\u0105 jeszcze tradycyjne, pi\u0119ciodniowe <a href=\"https:\/\/kobieta.onet.pl\/slub\/wesele\" id=\"b89ddc37-a86e-42ce-841f-fb2bdcf14dd1\" rel=\"nofollow noopener\" target=\"_blank\">wesele<\/a>.<\/p>\n<p>   \u017bycie prywatne Viki Gabor wci\u0105\u017c owiane tajemnic\u0105<\/p>\n<p class=\"ods-c-paragraph \">Pomimo medialnego szumu wok\u00f3\u0142 za\u015blubin, Viki Gabor konsekwentnie chroni swoj\u0105 prywatno\u015b\u0107. Artystka rzadko dzieli si\u0119 szczeg\u00f3\u0142ami dotycz\u0105cymi \u017cycia osobistego. &#8222;Zamieszkali razem. Nie b\u0119d\u0119 zdradza\u0142 do ko\u0144ca wszystkiego, bo te\u017c ta magia cyga\u0144ska musi by\u0107 zachowana. Mnie si\u0119 bardzo spodoba\u0142o, \u017ce m\u00f3j wnuk Giovani nie pokocha\u0142 artystk\u0119 Viki Gabor, tylko pokocha\u0142 skromn\u0105, romsk\u0105 dziewczyn\u0119. W drug\u0105 stron\u0119 tak samo. Viki nie pokocha\u0142a wnuka Bogdana Trojanka, kt\u00f3ry w \u015bwiecie romskim jest osob\u0105 do\u015b\u0107 wp\u0142ywow\u0105. Pokocha\u0142a m\u0142odego ch\u0142opaka. To jest ta magia, to jest ta mi\u0142o\u015b\u0107, to jest to co\u015b&#8221; \u2014 zdradzi\u0142 Bogdan Trojanek.<\/p>\n<p class=\"ods-c-paragraph \">Przeczytaj r\u00f3wnie\u017c:<\/p>\n","protected":false},"excerpt":{"rendered":"Tradycyjny \u015blub i plany na pi\u0119ciodniowe wesele Cho\u0107 ceremonia mia\u0142a charakter symboliczny i wpisywa\u0142a si\u0119 w wielopokoleniowe zwyczaje&hellip;\n","protected":false},"author":2,"featured_media":179119,"comment_status":"","ping_status":"","sticky":false,"template":"","format":"standard","meta":{"footnotes":""},"categories":[22],"tags":[34189,1942,2954,122,48,46,42,38,40,39,41,123,47,2027,4871],"class_list":{"0":"post-179118","1":"post","2":"type-post","3":"status-publish","4":"format-standard","5":"has-post-thumbnail","7":"category-rozrywka","8":"tag-bogdan_trojanek","9":"tag-celebryci","10":"tag-dzien_dobry_tvn","11":"tag-entertainment","12":"tag-nat_styl","13":"tag-omp","14":"tag-pl","15":"tag-poland","16":"tag-polish","17":"tag-polska","18":"tag-polski","19":"tag-rozrywka","20":"tag-screening_general","21":"tag-viki_gabor","22":"tag-wesele"},"share_on_mastodon":{"url":"https:\/\/pubeurope.com\/@pl\/115811278210595681","error":""},"_links":{"self":[{"href":"https:\/\/www.europesays.com\/pl\/wp-json\/wp\/v2\/posts\/179118","targetHints":{"allow":["GET"]}}],"collection":[{"href":"https:\/\/www.europesays.com\/pl\/wp-json\/wp\/v2\/posts"}],"about":[{"href":"https:\/\/www.europesays.com\/pl\/wp-json\/wp\/v2\/types\/post"}],"author":[{"embeddable":true,"href":"https:\/\/www.europesays.com\/pl\/wp-json\/wp\/v2\/users\/2"}],"replies":[{"embeddable":true,"href":"https:\/\/www.europesays.com\/pl\/wp-json\/wp\/v2\/comments?post=179118"}],"version-history":[{"count":0,"href":"https:\/\/www.europesays.com\/pl\/wp-json\/wp\/v2\/posts\/179118\/revisions"}],"wp:featuredmedia":[{"embeddable":true,"href":"https:\/\/www.europesays.com\/pl\/wp-json\/wp\/v2\/media\/179119"}],"wp:attachment":[{"href":"https:\/\/www.europesays.com\/pl\/wp-json\/wp\/v2\/media?parent=179118"}],"wp:term":[{"taxonomy":"category","embeddable":true,"href":"https:\/\/www.europesays.com\/pl\/wp-json\/wp\/v2\/categories?post=179118"},{"taxonomy":"post_tag","embeddable":true,"href":"https:\/\/www.europesays.com\/pl\/wp-json\/wp\/v2\/tags?post=179118"}],"curies":[{"name":"wp","href":"https:\/\/api.w.org\/{rel}","templated":true}]}}