{"id":179132,"date":"2025-12-31T00:23:10","date_gmt":"2025-12-31T00:23:10","guid":{"rendered":"https:\/\/www.europesays.com\/pl\/179132\/"},"modified":"2025-12-31T00:23:10","modified_gmt":"2025-12-31T00:23:10","slug":"joanna-kolaczkowska-tomasz-jakubiak-agnieszka-maciag-ich-pozegnalismy-w-2025-roku","status":"publish","type":"post","link":"https:\/\/www.europesays.com\/pl\/179132\/","title":{"rendered":"Joanna Ko\u0142aczkowska, Tomasz Jakubiak, Agnieszka Maci\u0105g. Ich po\u017cegnali\u015bmy w 2025 roku"},"content":{"rendered":"<p><a class=\"atomsListingArticleTileWithSeparatedLink__img atomsListingArticleTileWithSeparatedLink__img--withVideo\" href=\"https:\/\/stronazdrowia.pl\/zmarli-z-powodu-nowotworu-w-ostatnich-latach-rak-nie-oszczedza-nikogo-wsrod-nich-joanna-kolaczkowska-tomasz-jakubiak-i-jacek-zielinski\/ar\/c14p2-27789633\" title=\"Zmarli z powodu nowotworu w ostatnich latach. Rak nie oszcz&#x119;dza nikogo. W&#x15B;r&#xF3;d nich Joanna Ko&#x142;aczkowska, Tomasz Jakubiak i Jacek Zieli&#x144;ski\" data-icon-variant=\"withVideo\" data-event-name=\"atomsListingArticleTileWithSeparatedLink\" data-event-type=\"click\" data-event-position-el=\"link\" aria-hidden=\"true\" focusable=\"false\" tabindex=\"-1\" rel=\"nofollow noopener\" target=\"_blank\"><img decoding=\"async\" class=\"atomsListingArticleTileWithSeparatedLink__tileImg\" loading=\"lazy\" src=\"https:\/\/www.europesays.com\/pl\/wp-content\/uploads\/2025\/12\/il20250717_923632569_medium.jpg\" data-image-type=\"articles\" alt=\"Zmarli z powodu nowotworu w ostatnich latach. Rak nie oszcz&#x119;dza nikogo. W&#x15B;r&#xF3;d nich Joanna Ko&#x142;aczkowska, Tomasz Jakubiak i Jacek Zieli&#x144;ski\"\/><\/a><a class=\"atomsListingArticleTileWithSeparatedLink__titleLink\" href=\"https:\/\/stronazdrowia.pl\/zmarli-z-powodu-nowotworu-w-ostatnich-latach-rak-nie-oszczedza-nikogo-wsrod-nich-joanna-kolaczkowska-tomasz-jakubiak-i-jacek-zielinski\/ar\/c14p2-27789633\" title=\"Zmarli z powodu nowotworu w ostatnich latach. Rak nie oszcz&#x119;dza nikogo. W&#x15B;r&#xF3;d nich Joanna Ko&#x142;aczkowska, Tomasz Jakubiak i Jacek Zieli&#x144;ski\" data-event-name=\"atomsListingArticleTileWithSeparatedLink\" data-event-type=\"click\" data-event-position-el=\"link\" data-event-params=\"url=%2Fzmarli-z-powodu-nowotworu-w-ostatnich-latach-rak-nie-oszczedza-nikogo-wsrod-nich-joanna-kolaczkowska-tomasz-jakubiak-i-jacek-zielinski%2Far%2Fc14p2-27789633\" rel=\"nofollow noopener\" target=\"_blank\">Zmarli z powodu nowotworu w ostatnich latach. Rak nie oszcz\u0119dza nikogo. W\u015br\u00f3d nich Joanna Ko\u0142aczkowska, Tomasz Jakubiak i Jacek Zieli\u0144ski<\/a><\/p>\n<p class=\"atomsListingArticleTileWithSeparatedLink__lead\">\u015amier\u0107 Joanny Ko\u0142aczkowskiej to bolesny cios dla fan\u00f3w jej talentu i charakterystycznego poczucia humoru. Niestety, w latach 2024-2025 na raka zmar\u0142o wi\u0119cej&#8230;<\/p>\n<p>\n            17 lipca 2025, 15:03\n          <\/p>\n<p><a class=\"atomsListingArticleTileWithSeparatedLink__img atomsListingArticleTileWithSeparatedLink__img--withVideo\" href=\"https:\/\/stronazdrowia.pl\/na-co-chorowala-joanna-kolaczkowska-pierwsze-objawy-tego-nowotworu-latwo-przeoczyc\/ar\/c14p2-27792713\" title=\"Na co chorowa&#x142;a Joanna Ko&#x142;aczkowska? Pierwsze objawy tego nowotworu &#x142;atwo przeoczy&#x107;\" data-icon-variant=\"withVideo\" data-event-name=\"atomsListingArticleTileWithSeparatedLink\" data-event-type=\"click\" data-event-position-el=\"link\" aria-hidden=\"true\" focusable=\"false\" tabindex=\"-1\" rel=\"nofollow noopener\" target=\"_blank\"><img decoding=\"async\" class=\"atomsListingArticleTileWithSeparatedLink__tileImg\" loading=\"lazy\" src=\"https:\/\/www.europesays.com\/pl\/wp-content\/uploads\/2025\/12\/il20250718_923783327_medium.jpg\" data-image-type=\"articles\" alt=\"Na co chorowa&#x142;a Joanna Ko&#x142;aczkowska? Pierwsze objawy tego nowotworu &#x142;atwo przeoczy&#x107;\"\/><\/a><a class=\"atomsListingArticleTileWithSeparatedLink__titleLink\" href=\"https:\/\/stronazdrowia.pl\/na-co-chorowala-joanna-kolaczkowska-pierwsze-objawy-tego-nowotworu-latwo-przeoczyc\/ar\/c14p2-27792713\" title=\"Na co chorowa&#x142;a Joanna Ko&#x142;aczkowska? Pierwsze objawy tego nowotworu &#x142;atwo przeoczy&#x107;\" data-event-name=\"atomsListingArticleTileWithSeparatedLink\" data-event-type=\"click\" data-event-position-el=\"link\" data-event-params=\"url=%2Fna-co-chorowala-joanna-kolaczkowska-pierwsze-objawy-tego-nowotworu-latwo-przeoczyc%2Far%2Fc14p2-27792713\" rel=\"nofollow noopener\" target=\"_blank\">Na co chorowa\u0142a Joanna Ko\u0142aczkowska? Pierwsze objawy tego nowotworu \u0142atwo przeoczy\u0107<\/a><\/p>\n<p class=\"atomsListingArticleTileWithSeparatedLink__lead\">17 lipca dowiedzieli\u015bmy si\u0119 o \u015bmierci uwielbianej aktorki i artystki kabaretowej, Joanny Ko\u0142aczkowskiej. Tragiczna wiadomo\u015b\u0107 poruszy\u0142a fan\u00f3w Kabaretu Hrabi oraz&#8230;<\/p>\n<p>\n            18 lipca 2025, 11:37\n          <\/p>\n<p><a class=\"atomsListingArticleTileWithSeparatedLink__img\" href=\"https:\/\/stronazdrowia.pl\/pierwszy-objaw-choroby-joanny-kolaczkowskiej-dariusz-kamys-zdradza-co-go-zaniepokoilo\/ar\/c14p2-28237065\" title=\"Pierwszy objaw choroby Joanny Ko&#x142;aczkowskiej. Dariusz Kamys zdradza, co go zaniepokoi&#x142;o\" data-event-name=\"atomsListingArticleTileWithSeparatedLink\" data-event-type=\"click\" data-event-position-el=\"link\" aria-hidden=\"true\" focusable=\"false\" tabindex=\"-1\" rel=\"nofollow noopener\" target=\"_blank\"><img decoding=\"async\" class=\"atomsListingArticleTileWithSeparatedLink__tileImg\" loading=\"lazy\" src=\"https:\/\/www.europesays.com\/pl\/wp-content\/uploads\/2025\/12\/il20251204_951613379_medium.jpg\" data-image-type=\"articles\" alt=\"Pierwszy objaw choroby Joanny Ko&#x142;aczkowskiej. Dariusz Kamys zdradza, co go zaniepokoi&#x142;o\"\/><\/a><a class=\"atomsListingArticleTileWithSeparatedLink__titleLink\" href=\"https:\/\/stronazdrowia.pl\/pierwszy-objaw-choroby-joanny-kolaczkowskiej-dariusz-kamys-zdradza-co-go-zaniepokoilo\/ar\/c14p2-28237065\" title=\"Pierwszy objaw choroby Joanny Ko&#x142;aczkowskiej. Dariusz Kamys zdradza, co go zaniepokoi&#x142;o\" data-event-name=\"atomsListingArticleTileWithSeparatedLink\" data-event-type=\"click\" data-event-position-el=\"link\" data-event-params=\"url=%2Fpierwszy-objaw-choroby-joanny-kolaczkowskiej-dariusz-kamys-zdradza-co-go-zaniepokoilo%2Far%2Fc14p2-28237065\" rel=\"nofollow noopener\" target=\"_blank\">Pierwszy objaw choroby Joanny Ko\u0142aczkowskiej. Dariusz Kamys zdradza, co go zaniepokoi\u0142o<\/a><\/p>\n<p class=\"atomsListingArticleTileWithSeparatedLink__lead\">Joanna Ko\u0142aczkowska zmar\u0142a na nowotw\u00f3r m\u00f3zgu w lipcu 2025 roku. Choroba aktorki post\u0119powa\u0142a w dramatycznie szybkim tempie, zaskakuj\u0105c j\u0105 sam\u0105, bliskich,&#8230;<\/p>\n<p>\n            4 grudnia 2025, 12:00\n          <\/p>\n<p><a class=\"atomsListingArticleTileWithSeparatedLink__img atomsListingArticleTileWithSeparatedLink__img--withVideo\" href=\"https:\/\/stronazdrowia.pl\/joanna-kolaczkowska-jane-fonda-stan-borys-i-inni-znane-osoby-ktore-chorowaly-na-raka-skory\/ar\/c14-17521957\" title=\"Joanna Ko&#x142;aczkowska, Jane Fonda, Stan Borys i inni. Znane osoby, kt&#xF3;re chorowa&#x142;y na raka sk&#xF3;ry\" data-icon-variant=\"withVideo\" data-event-name=\"atomsListingArticleTileWithSeparatedLink\" data-event-type=\"click\" data-event-position-el=\"link\" aria-hidden=\"true\" focusable=\"false\" tabindex=\"-1\" rel=\"nofollow noopener\" target=\"_blank\"><img decoding=\"async\" class=\"atomsListingArticleTileWithSeparatedLink__tileImg\" loading=\"lazy\" src=\"https:\/\/d-art.ppstatic.pl\/kadry\/k\/r\/1\/f7\/8f\/6821a68e85325_o_medium.jpg\" data-image-type=\"articles\" alt=\"Joanna Ko&#x142;aczkowska, Jane Fonda, Stan Borys i inni. Znane osoby, kt&#xF3;re chorowa&#x142;y na raka sk&#xF3;ry\"\/><\/a><a class=\"atomsListingArticleTileWithSeparatedLink__titleLink\" href=\"https:\/\/stronazdrowia.pl\/joanna-kolaczkowska-jane-fonda-stan-borys-i-inni-znane-osoby-ktore-chorowaly-na-raka-skory\/ar\/c14-17521957\" title=\"Joanna Ko&#x142;aczkowska, Jane Fonda, Stan Borys i inni. Znane osoby, kt&#xF3;re chorowa&#x142;y na raka sk&#xF3;ry\" data-event-name=\"atomsListingArticleTileWithSeparatedLink\" data-event-type=\"click\" data-event-position-el=\"link\" data-event-params=\"url=%2Fjoanna-kolaczkowska-jane-fonda-stan-borys-i-inni-znane-osoby-ktore-chorowaly-na-raka-skory%2Far%2Fc14-17521957\" rel=\"nofollow noopener\" target=\"_blank\">Joanna Ko\u0142aczkowska, Jane Fonda, Stan Borys i inni. Znane osoby, kt\u00f3re chorowa\u0142y na raka sk\u00f3ry<\/a><\/p>\n<p class=\"atomsListingArticleTileWithSeparatedLink__lead\">Rak sk\u00f3ry mo\u017ce dotkn\u0105\u0107 ka\u017cdego \u2013 tak\u017ce osoby znane. Joanna Ko\u0142aczkowska, Jane Fonda czy Stan Borys publicznie opowiadali o swoich zmaganiach z t\u0105 chorob\u0105&#8230;.<\/p>\n<p>\n            17 lipca 2025, 8:26\n          <\/p>\n<p><a class=\"atomsListingArticleTileWithSeparatedLink__img atomsListingArticleTileWithSeparatedLink__img--withVideo\" href=\"https:\/\/stronazdrowia.pl\/joanna-kolaczkowska-odczuwala-ciagla-obawe-przed-rakiem-czym-jest-kancerofobia-na-ktora-cierpiala-artystka\/ar\/c14p2-27789817\" title=\"Joanna Ko&#x142;aczkowska odczuwa&#x142;a ci&#x105;g&#x142;&#x105; obaw&#x119; przed rakiem. Czym jest kancerofobia, na kt&#xF3;r&#x105; cierpia&#x142;a artystka? \" data-icon-variant=\"withVideo\" data-event-name=\"atomsListingArticleTileWithSeparatedLink\" data-event-type=\"click\" data-event-position-el=\"link\" aria-hidden=\"true\" focusable=\"false\" tabindex=\"-1\" rel=\"nofollow noopener\" target=\"_blank\"><img decoding=\"async\" class=\"atomsListingArticleTileWithSeparatedLink__tileImg\" loading=\"lazy\" src=\"https:\/\/www.europesays.com\/pl\/wp-content\/uploads\/2025\/12\/il20250717_923625221_medium.jpg\" data-image-type=\"articles\" alt=\"Joanna Ko&#x142;aczkowska odczuwa&#x142;a ci&#x105;g&#x142;&#x105; obaw&#x119; przed rakiem. Czym jest kancerofobia, na kt&#xF3;r&#x105; cierpia&#x142;a artystka? \"\/><\/a><a class=\"atomsListingArticleTileWithSeparatedLink__titleLink\" href=\"https:\/\/stronazdrowia.pl\/joanna-kolaczkowska-odczuwala-ciagla-obawe-przed-rakiem-czym-jest-kancerofobia-na-ktora-cierpiala-artystka\/ar\/c14p2-27789817\" title=\"Joanna Ko&#x142;aczkowska odczuwa&#x142;a ci&#x105;g&#x142;&#x105; obaw&#x119; przed rakiem. Czym jest kancerofobia, na kt&#xF3;r&#x105; cierpia&#x142;a artystka? \" data-event-name=\"atomsListingArticleTileWithSeparatedLink\" data-event-type=\"click\" data-event-position-el=\"link\" data-event-params=\"url=%2Fjoanna-kolaczkowska-odczuwala-ciagla-obawe-przed-rakiem-czym-jest-kancerofobia-na-ktora-cierpiala-artystka%2Far%2Fc14p2-27789817\" rel=\"nofollow noopener\" target=\"_blank\">Joanna Ko\u0142aczkowska odczuwa\u0142a ci\u0105g\u0142\u0105 obaw\u0119 przed rakiem. Czym jest kancerofobia, na kt\u00f3r\u0105 cierpia\u0142a artystka? <\/a><\/p>\n<p class=\"atomsListingArticleTileWithSeparatedLink__lead\">Zmar\u0142a uwielbiana przez polsk\u0105 publiczno\u015b\u0107 aktorka i artystka kabaretowa Joanna Ko\u0142aczkowska z Kabaretu Hrabi. Cho\u0107 na scenie rozbraja\u0142a widz\u00f3w humorem i&#8230;<\/p>\n<p>\n            17 lipca 2025, 12:54\n          <\/p>\n<p><a class=\"atomsListingArticleTileWithSeparatedLink__img atomsListingArticleTileWithSeparatedLink__img--withVideo\" href=\"https:\/\/stronazdrowia.pl\/joanna-kolaczkowska-z-kabaretu-hrabi-walczy-z-powazna-choroba-jej-zdrowie-teraz-wymaga-calej-uwagi-i-troski\/ar\/c14p2-27499915\" title=\"Joanna Ko&#x142;aczkowska z kabaretu Hrabi walczy z powa&#x17C;n&#x105; chorob&#x105;. &#x201E;Jej zdrowie teraz wymaga ca&#x142;ej uwagi i troski&#x201D;\" data-icon-variant=\"withVideo\" data-event-name=\"atomsListingArticleTileWithSeparatedLink\" data-event-type=\"click\" data-event-position-el=\"link\" aria-hidden=\"true\" focusable=\"false\" tabindex=\"-1\" rel=\"nofollow noopener\" target=\"_blank\"><img decoding=\"async\" class=\"atomsListingArticleTileWithSeparatedLink__tileImg\" loading=\"lazy\" src=\"https:\/\/www.europesays.com\/pl\/wp-content\/uploads\/2025\/12\/il20250424_907817277_medium.jpg\" data-image-type=\"articles\" alt=\"Joanna Ko&#x142;aczkowska z kabaretu Hrabi walczy z powa&#x17C;n&#x105; chorob&#x105;. &#x201E;Jej zdrowie teraz wymaga ca&#x142;ej uwagi i troski&#x201D;\"\/><\/a><a class=\"atomsListingArticleTileWithSeparatedLink__titleLink\" href=\"https:\/\/stronazdrowia.pl\/joanna-kolaczkowska-z-kabaretu-hrabi-walczy-z-powazna-choroba-jej-zdrowie-teraz-wymaga-calej-uwagi-i-troski\/ar\/c14p2-27499915\" title=\"Joanna Ko&#x142;aczkowska z kabaretu Hrabi walczy z powa&#x17C;n&#x105; chorob&#x105;. &#x201E;Jej zdrowie teraz wymaga ca&#x142;ej uwagi i troski&#x201D;\" data-event-name=\"atomsListingArticleTileWithSeparatedLink\" data-event-type=\"click\" data-event-position-el=\"link\" data-event-params=\"url=%2Fjoanna-kolaczkowska-z-kabaretu-hrabi-walczy-z-powazna-choroba-jej-zdrowie-teraz-wymaga-calej-uwagi-i-troski%2Far%2Fc14p2-27499915\" rel=\"nofollow noopener\" target=\"_blank\">Joanna Ko\u0142aczkowska z kabaretu Hrabi walczy z powa\u017cn\u0105 chorob\u0105. \u201eJej zdrowie teraz wymaga ca\u0142ej uwagi i troski\u201d<\/a><\/p>\n<p class=\"atomsListingArticleTileWithSeparatedLink__lead\">Joanna Ko\u0142aczkowska zmaga si\u0119 z powa\u017cn\u0105 chorob\u0105. Kabaret Hrabi poinformowa\u0142 za po\u015brednictwem Facebooka, \u017ce artystka nie we\u017amie udzia\u0142u w najbli\u017cszych wyst\u0119pach&#8230;<\/p>\n<p>\n            24 kwietnia 2025, 13:43\n          <\/p>\n","protected":false},"excerpt":{"rendered":"Zmarli z powodu nowotworu w ostatnich latach. Rak nie oszcz\u0119dza nikogo. W\u015br\u00f3d nich Joanna Ko\u0142aczkowska, Tomasz Jakubiak i&hellip;\n","protected":false},"author":2,"featured_media":179133,"comment_status":"","ping_status":"","sticky":false,"template":"","format":"standard","meta":{"footnotes":""},"categories":[22],"tags":[35131,122,2722,35133,35132,42,38,40,39,41,123,35130,35129],"class_list":{"0":"post-179132","1":"post","2":"type-post","3":"status-publish","4":"format-standard","5":"has-post-thumbnail","7":"category-rozrywka","8":"tag-agnieszka-maciag","9":"tag-entertainment","10":"tag-joanna-kolaczkowska","11":"tag-katarzyna-stoparczyk","12":"tag-magda-umer","13":"tag-pl","14":"tag-poland","15":"tag-polish","16":"tag-polska","17":"tag-polski","18":"tag-rozrywka","19":"tag-tomasz-jakubiak","20":"tag-zmarli-w-2025"},"share_on_mastodon":{"url":"https:\/\/pubeurope.com\/@pl\/115811333179722339","error":""},"_links":{"self":[{"href":"https:\/\/www.europesays.com\/pl\/wp-json\/wp\/v2\/posts\/179132","targetHints":{"allow":["GET"]}}],"collection":[{"href":"https:\/\/www.europesays.com\/pl\/wp-json\/wp\/v2\/posts"}],"about":[{"href":"https:\/\/www.europesays.com\/pl\/wp-json\/wp\/v2\/types\/post"}],"author":[{"embeddable":true,"href":"https:\/\/www.europesays.com\/pl\/wp-json\/wp\/v2\/users\/2"}],"replies":[{"embeddable":true,"href":"https:\/\/www.europesays.com\/pl\/wp-json\/wp\/v2\/comments?post=179132"}],"version-history":[{"count":0,"href":"https:\/\/www.europesays.com\/pl\/wp-json\/wp\/v2\/posts\/179132\/revisions"}],"wp:featuredmedia":[{"embeddable":true,"href":"https:\/\/www.europesays.com\/pl\/wp-json\/wp\/v2\/media\/179133"}],"wp:attachment":[{"href":"https:\/\/www.europesays.com\/pl\/wp-json\/wp\/v2\/media?parent=179132"}],"wp:term":[{"taxonomy":"category","embeddable":true,"href":"https:\/\/www.europesays.com\/pl\/wp-json\/wp\/v2\/categories?post=179132"},{"taxonomy":"post_tag","embeddable":true,"href":"https:\/\/www.europesays.com\/pl\/wp-json\/wp\/v2\/tags?post=179132"}],"curies":[{"name":"wp","href":"https:\/\/api.w.org\/{rel}","templated":true}]}}