{"id":179134,"date":"2025-12-31T00:26:04","date_gmt":"2025-12-31T00:26:04","guid":{"rendered":"https:\/\/www.europesays.com\/pl\/179134\/"},"modified":"2025-12-31T00:26:04","modified_gmt":"2025-12-31T00:26:04","slug":"stany-zjednoczone-cofnieto-sankcje-na-osoby-powiazane-z-kremlem","status":"publish","type":"post","link":"https:\/\/www.europesays.com\/pl\/179134\/","title":{"rendered":"Stany Zjednoczone. Cofni\u0119to sankcje na osoby powi\u0105zane z Kremlem"},"content":{"rendered":"<p>Jak podano w obwieszczeniu Urz\u0119du ds. Kontroli Aktyw\u00f3w Zagranicznych (OFAC), z listy sankcyjnej wycofano we wtorek trzy osoby, na kt\u00f3re administracja Joe Bidena na\u0142o\u017cy\u0142a sankcje w zwi\u0105zku z dzia\u0142aniami przeciwko osobom zamieszanym w sprzedawanie pa\u0144stwom autorytarnym komercyjnego oprogramowania do inwigilacji Predator.<\/p>\n<p>\u00a0<\/p>\n<p>S\u0105 to: Izraelczyk Merom Harpaz, Szwajcarka Andrea Gambazzi oraz Sara Aleksandra Hamou, okre\u015blana przez w\u0142adze USA jako g\u0142\u00f3wna partnerka izraelskiego architekta Predatora, Tala Diliana. Ca\u0142a tr\u00f3jka by\u0142a zwi\u0105zana z zarejestrowanym na Cyprze konsorcjum Intellexa nale\u017c\u0105cym do Diliana, izraelskiego biznesmena i by\u0142ego dow\u00f3dcy Si\u0142 Obrony Izraela. Sam Dilian pozostaje nadal obj\u0119ty sankcjami.<\/p>\n<p>USA zdejmuj\u0105 sankcje z trzech os\u00f3b. Odpowiada\u0142y za &#8222;Predatora&#8221;<\/p>\n<p>Pow\u00f3d wycofania sankcji przeciwko wymienionym osobom nie zosta\u0142 podany w komunikacie.\u00a0<\/p>\n<p>\u00a0<\/p>\n<p>Dzia\u0142aj\u0105ca na Cyprze Hamou zosta\u0142a okre\u015blona przez resort finans\u00f3w USA jako specjalistka ds. offshoringu korporacyjnego (tj. przenoszenia prawnej rezydencji firm do kraj\u00f3w o korzystniejszych regulacjach) pe\u0142ni\u0105ca funkcje kierownicze w szeregu sp\u00f3\u0142ek nale\u017c\u0105cych do Diliana. Wed\u0142ug \u015bledztwa Mi\u0119dzynarodowego Konsorcjum Dziennikarzy \u015aledczych (ICIJ) Homou, \u017cona i kluczowa wsp\u00f3lniczka Diliana w tworzeniu &#8222;globalnego imperium inwigilacji&#8221;, zajmowa\u0142a si\u0119 kwestiami prawnymi program\u00f3w inwigilacji w Europie, na Bliskim Wschodzie i w Azji oraz ukrywaniem rzeczywistych dzia\u0142a\u0144 firmy.<\/p>\n<p>\u00a0<\/p>\n<p>ZOBACZ: <a href=\"https:\/\/www.polsatnews.pl\/wiadomosc\/2025-10-28\/lukoil-reaguje-na-sankcje-spolka-chce-wyprzedac-zagraniczne-aktywa\/\" rel=\"nofollow noopener\" target=\"_blank\">\u0141ukoil reaguje na sankcje. Sp\u00f3\u0142ka chce wyprzeda\u0107 zagraniczne aktywa<\/a><\/p>\n<p>\u00a0<\/p>\n<p>O Predatorze sta\u0142o si\u0119 g\u0142o\u015bno przede wszystkim z powodu afery szpiegowskiej w Grecji w 2022 r., kiedy za pomoc\u0105 oprogramowania inwigilowani mieli by\u0107 czo\u0142owi politycy i dziennikarze w kraju. Program mia\u0142 by\u0107 r\u00f3wnie\u017c u\u017cywany przez egipskie w\u0142adze przeciwko opozycjonistom oraz przez Wietnam przeciwko ameryka\u0144skim kongresmenom. Firmy Diliana by\u0142y zarejestrowane na Cyprze, w Macedonii P\u00f3\u0142nocnej i na W\u0119grzech, a \u015blady u\u017cywania oprogramowania znaleziono co najmniej w 25 krajach w Europie, na Bliskim Wschodzie, w Afryce i Azji.<\/p>\n<p>\u00a0<\/p>\n<p>Sankcje wobec producent\u00f3w Predatora by\u0142y elementem szerszej kampanii administracji Bidena przeciwko firmom tej samej bran\u017cy, kt\u00f3rej najbardziej znanym przyk\u0142adem by\u0142 Pegasus stworzony przez izraelski koncern NSO.<\/p>\n<p>USA. Departament finans\u00f3w zdj\u0105\u0142 sankcje z b. prezes Sbierbanku<\/p>\n<p>Departament finans\u00f3w USA poinformowa\u0142 we wtorek o usuni\u0119ciu z listy obj\u0119tych sankcjami r\u00f3wnie\u017c by\u0142ej dyrektorki rosyjskiego Sbierbanku Aleksandry Buriko. Kobieta by\u0142a w grupie cz\u0142onk\u00f3w zarz\u0105du tego pa\u0144stwowego banku, kt\u00f3rzy odeszli z pracy nied\u0142ugo po obj\u0119ciu instytucji ameryka\u0144skimi sankcjami.<\/p>\n<p>\u00a0<\/p>\n<p>Urz\u0105d ds. Kontroli Aktyw\u00f3w Zagranicznych (OFAC) nie poda\u0142 przyczyny zdj\u0119cia sankcji z Buriko. By\u0142a to jedyna obywatelka Rosji, kt\u00f3ra zosta\u0142a usuni\u0119ta z listy w tym tygodniu.<\/p>\n<p>\u00a0<\/p>\n<p>Buriko, kt\u00f3ra pe\u0142ni\u0142a funkcj\u0119 dyrektorki finansowej oraz wiceprezeski jednego z najwi\u0119kszych rosyjskich bank\u00f3w, zosta\u0142a obj\u0119ta sankcjami w maju 2022 r. w ramach szerokich restrykcji przeciwko rosyjskim instytucjom finansowym w zwi\u0105zku z inwazj\u0105 Rosji na Ukrain\u0119. Nieco ponad tydzie\u0144 p\u00f3\u017aniej wraz z szeregiem innych cz\u0142onk\u00f3w zarz\u0105du zrezygnowa\u0142a ze swojej funkcji.<\/p>\n<p>\u00a0<\/p>\n<p>ZOBACZ: <a href=\"https:\/\/www.polsatnews.pl\/wiadomosc\/2025-10-28\/rosyjska-flota-cieni-omijala-sankcje-media-wspieraly-ja-firmy-z-panstw-baltyckich\/\" rel=\"nofollow noopener\" target=\"_blank\">Rosyjska flota cieni omija\u0142a sankcje. Media: Wspiera\u0142y j\u0105 firmy z pa\u0144stw ba\u0142tyckich<\/a><\/p>\n<p>\u00a0<\/p>\n<p>Agencja Interfax podawa\u0142a w\u00f3wczas, \u017ce zmiany nast\u0105pi\u0142y w ramach &#8222;transformacji modelu zarz\u0105dzania i nowej strategii&#8221; Sbierbanku.<\/p>\n<p>\u00a0<\/p>\n<p>Przed swoj\u0105 rol\u0105 w Sbierbanku Buriko pe\u0142ni\u0142a funkcj\u0119 dyrektora wielkiego koncernu aluminiowego Rusal, nale\u017c\u0105cego do oligarchy Olega Deripaski. Z tamtego stanowiska r\u00f3wnie\u017c odesz\u0142a w zwi\u0105zku z nak\u0142adanymi sankcjami na t\u0119 firm\u0119.<\/p>\n<p>\u00a0<\/p>\n<p>Widzia\u0142e\u015b co\u015b wa\u017cnego? Przy\u015blij zdj\u0119cie, film lub napisz, co si\u0119 sta\u0142o. Skorzystaj z naszej <a href=\"https:\/\/www.polsatnews.pl\/platforma-widzow\/\" target=\"_blank\" rel=\"noopener noreferrer nofollow\">Wrzutni<\/a><\/p>\n<p>                <img decoding=\"async\" src=\"https:\/\/www.europesays.com\/pl\/wp-content\/uploads\/2025\/12\/rkmy4hyuwc4wpn38vcok1bt9jrroymdg.jpg\" alt=\"\" itemprop=\"contentUrl\" style=\"position:absolute; width: 100%; max-height: 100%;\"\/><video controls=\"\" controlslist=\"nodownload\" poster=\"https:\/\/www.europesays.com\/pl\/wp-content\/uploads\/2025\/12\/rkmy4hyuwc4wpn38vcok1bt9jrroymdg.jpg\" class=\"videoPlayer player6856112 news__video\" data-id=\"6856112\">Twoja przegl\u0105darka nie wspiera odtwarzacza wideo&#8230;<\/video><\/p>\n<p>                <a class=\"news__read-more-button\" href=\"https:\/\/www.polsatnews.pl\/\" rel=\"nofollow noopener\" target=\"_blank\">Czytaj wi\u0119cej<\/a><\/p>\n","protected":false},"excerpt":{"rendered":"Jak podano w obwieszczeniu Urz\u0119du ds. Kontroli Aktyw\u00f3w Zagranicznych (OFAC), z listy sankcyjnej wycofano we wtorek trzy osoby,&hellip;\n","protected":false},"author":2,"featured_media":179135,"comment_status":"","ping_status":"","sticky":false,"template":"","format":"standard","meta":{"footnotes":""},"categories":[14],"tags":[32,33,27,34,35,28,31,25,40,41,80,29,30,26,82,83,84],"class_list":{"0":"post-179134","1":"post","2":"type-post","3":"status-publish","4":"format-standard","5":"has-post-thumbnail","7":"category-swiat","8":"tag-breaking-news","9":"tag-breakingnews","10":"tag-headlines","11":"tag-latest-news","12":"tag-latestnews","13":"tag-naglowki","14":"tag-najwazniejsze-artykuly","15":"tag-news","16":"tag-polish","17":"tag-polski","18":"tag-swiat","19":"tag-top-stories","20":"tag-topstories","21":"tag-wiadomosci","22":"tag-world","23":"tag-world-news","24":"tag-worldnews"},"share_on_mastodon":{"url":"https:\/\/pubeurope.com\/@pl\/115811344893630351","error":""},"_links":{"self":[{"href":"https:\/\/www.europesays.com\/pl\/wp-json\/wp\/v2\/posts\/179134","targetHints":{"allow":["GET"]}}],"collection":[{"href":"https:\/\/www.europesays.com\/pl\/wp-json\/wp\/v2\/posts"}],"about":[{"href":"https:\/\/www.europesays.com\/pl\/wp-json\/wp\/v2\/types\/post"}],"author":[{"embeddable":true,"href":"https:\/\/www.europesays.com\/pl\/wp-json\/wp\/v2\/users\/2"}],"replies":[{"embeddable":true,"href":"https:\/\/www.europesays.com\/pl\/wp-json\/wp\/v2\/comments?post=179134"}],"version-history":[{"count":0,"href":"https:\/\/www.europesays.com\/pl\/wp-json\/wp\/v2\/posts\/179134\/revisions"}],"wp:featuredmedia":[{"embeddable":true,"href":"https:\/\/www.europesays.com\/pl\/wp-json\/wp\/v2\/media\/179135"}],"wp:attachment":[{"href":"https:\/\/www.europesays.com\/pl\/wp-json\/wp\/v2\/media?parent=179134"}],"wp:term":[{"taxonomy":"category","embeddable":true,"href":"https:\/\/www.europesays.com\/pl\/wp-json\/wp\/v2\/categories?post=179134"},{"taxonomy":"post_tag","embeddable":true,"href":"https:\/\/www.europesays.com\/pl\/wp-json\/wp\/v2\/tags?post=179134"}],"curies":[{"name":"wp","href":"https:\/\/api.w.org\/{rel}","templated":true}]}}