{"id":179144,"date":"2025-12-31T00:39:07","date_gmt":"2025-12-31T00:39:07","guid":{"rendered":"https:\/\/www.europesays.com\/pl\/179144\/"},"modified":"2025-12-31T00:39:07","modified_gmt":"2025-12-31T00:39:07","slug":"ekstremalna-pogoda-stanal-pociag-w-mlawie","status":"publish","type":"post","link":"https:\/\/www.europesays.com\/pl\/179144\/","title":{"rendered":"Ekstremalna pogoda. Stan\u0105\u0142 poci\u0105g w M\u0142awie"},"content":{"rendered":"<p>Szczepa\u0144ski wskaza\u0142, \u017ce poci\u0105g, kt\u00f3ry uleg\u0142 awarii w\u00a0M\u0142awie stoi na stacji od godziny 18.11. &#8211;\u00a0Na miejsce wysy\u0142any jest sk\u0142ad, kt\u00f3ry odblokuje sytuacj\u0119 &#8211;\u00a0podkre\u015bli\u0142 wiceminister. <\/p>\n<p>Punkt informacji drogowej GDDKiA w\u00a0Olsztynie poinformowa\u0142, \u017ce ci\u0119\u017car\u00f3wki blokuj\u0105 oba pasy ruchu zar\u00f3wno w\u00a0kierunku Warszawy, jak i\u00a0w\u00a0kierunku Gda\u0144ska.<\/p>\n<p>Wesz\u0142a na\u00a0l\u00f3d z\u00a0w\u00f3zkiem dzieci\u0119cym. Nagranie z\u00a0Czech <\/p>\n<p>&#8222;Uwaga kierowcy jad\u0105cy tras\u0105 S7 z\u00a0Gda\u0144ska w\u00a0kierunku Warszawy w\u00a0powiecie ostr\u00f3dzkim. Apelujemy do kierowc\u00f3w pojazd\u00f3w osobowych o\u00a0to, aby wykorzystali utworzony korytarz i\u00a0powoli, ostro\u017cnie si\u0119 nim poruszali&#8221; &#8211;\u00a0podaje policja. <\/p>\n<p>Samochody tkwi\u0105 tam w\u00a0du\u017cych korkach, ze zdj\u0119\u0107 internaut\u00f3w wynika, \u017ce tworz\u0105 si\u0119 tam zaspy.<\/p>\n<p>Nie tylko trasa S7 jest zablokowana. Rzecznik prasowy warmi\u0144sko-mazurskiej stra\u017cy po\u017carnej m\u0142. bryg. Grzegorz R\u00f3\u017ca\u0144ski poinformowa\u0142, \u017ce droga wojew\u00f3dzka 544 Dzia\u0142dowo \u2013\u00a0Uzdowo w\u00a0powiecie dzia\u0142dowskim jest zablokowana w\u00a0kilku miejscach. Podobnie trasa 538 Wierzbowo \u2013\u00a0Uzdowo w\u00a0powiecie nidzickim oraz droga 544 we wsi Wlewsk. Wszystkie utrudnienia spowodowane s\u0105 \u015bnie\u017cycami i\u00a0silnym wiatrem, kt\u00f3ry nawiewa przy drogach zaspy. \u015aniegu jest tak du\u017co, \u017ce kierowcy nie widz\u0105, gdzie jest droga, a\u00a0gdzie pobocze.<\/p>\n<p>W Warmi\u0144sko-Mazurskim z\u00a0powodu bardzo trudnych warunk\u00f3w drogowych dosz\u0142o do wielu utrudnie\u0144 \u2013\u00a0m.in. w\u00a0Kadynach autobus wywr\u00f3ci\u0142 si\u0119 i\u00a0utkn\u0105\u0142 w\u00a0rowie, a\u00a0w\u00a0okolicach wsi Tylice w\u00a0korku tkwi od trzech godzin ponad 40 aut.<\/p>\n","protected":false},"excerpt":{"rendered":"Szczepa\u0144ski wskaza\u0142, \u017ce poci\u0105g, kt\u00f3ry uleg\u0142 awarii w\u00a0M\u0142awie stoi na stacji od godziny 18.11. &#8211;\u00a0Na miejsce wysy\u0142any jest&hellip;\n","protected":false},"author":2,"featured_media":179145,"comment_status":"","ping_status":"","sticky":false,"template":"","format":"standard","meta":{"footnotes":""},"categories":[16],"tags":[113,112,42,38,40,39,41],"class_list":{"0":"post-179144","1":"post","2":"type-post","3":"status-publish","4":"format-standard","5":"has-post-thumbnail","7":"category-biznes","8":"tag-biznes","9":"tag-business","10":"tag-pl","11":"tag-poland","12":"tag-polish","13":"tag-polska","14":"tag-polski"},"share_on_mastodon":{"url":"https:\/\/pubeurope.com\/@pl\/115811396018282104","error":""},"_links":{"self":[{"href":"https:\/\/www.europesays.com\/pl\/wp-json\/wp\/v2\/posts\/179144","targetHints":{"allow":["GET"]}}],"collection":[{"href":"https:\/\/www.europesays.com\/pl\/wp-json\/wp\/v2\/posts"}],"about":[{"href":"https:\/\/www.europesays.com\/pl\/wp-json\/wp\/v2\/types\/post"}],"author":[{"embeddable":true,"href":"https:\/\/www.europesays.com\/pl\/wp-json\/wp\/v2\/users\/2"}],"replies":[{"embeddable":true,"href":"https:\/\/www.europesays.com\/pl\/wp-json\/wp\/v2\/comments?post=179144"}],"version-history":[{"count":0,"href":"https:\/\/www.europesays.com\/pl\/wp-json\/wp\/v2\/posts\/179144\/revisions"}],"wp:featuredmedia":[{"embeddable":true,"href":"https:\/\/www.europesays.com\/pl\/wp-json\/wp\/v2\/media\/179145"}],"wp:attachment":[{"href":"https:\/\/www.europesays.com\/pl\/wp-json\/wp\/v2\/media?parent=179144"}],"wp:term":[{"taxonomy":"category","embeddable":true,"href":"https:\/\/www.europesays.com\/pl\/wp-json\/wp\/v2\/categories?post=179144"},{"taxonomy":"post_tag","embeddable":true,"href":"https:\/\/www.europesays.com\/pl\/wp-json\/wp\/v2\/tags?post=179144"}],"curies":[{"name":"wp","href":"https:\/\/api.w.org\/{rel}","templated":true}]}}