{"id":179146,"date":"2025-12-31T00:43:12","date_gmt":"2025-12-31T00:43:12","guid":{"rendered":"https:\/\/www.europesays.com\/pl\/179146\/"},"modified":"2025-12-31T00:43:12","modified_gmt":"2025-12-31T00:43:12","slug":"siatkowka-asseco-resovia-rzeszow-rozbila-aluron-warte-zawiercie","status":"publish","type":"post","link":"https:\/\/www.europesays.com\/pl\/179146\/","title":{"rendered":"Siatk\u00f3wka. Asseco Resovia Rzesz\u00f3w rozbi\u0142a Aluron Wart\u0119 Zawiercie"},"content":{"rendered":"<p class=\"typography ids-typeset-body ids-typeset-body--preset-large link paragraph ids-paragraph ids-paragraph--default\">Dla siatkarzy Aluron CMC Warty Zawiercie spotkanie TAURON Pucharu Polski by\u0142o pierwszym po powrocie z Brazylii. Klubowe Mistrzostwa \u015awiata zako\u0144czyli z br\u0105zowym medalem, ale i <a href=\"https:\/\/sport.interia.pl\/siatkowka\/news-skandal-po-sukcesie-polakow-gwiazdor-grbicia-musial-przepras,nId,22502742\" target=\"_self\" rel=\"nofollow noopener\">zamieszaniem zwi\u0105zanym z jednym z filmik\u00f3w<\/a> zamieszczonych w mediach spo\u0142eczno\u015bciowych.<\/p>\n<p class=\"typography ids-typeset-body ids-typeset-body--preset-large link paragraph ids-paragraph ids-paragraph--default\">Po drugiej stronie stan\u0119\u0142a Asseco Resovia bez dw\u00f3ch zawodnik\u00f3w &#8211; Jakuba Buckiego i Yacine&#8217;a Louatiego, kt\u00f3rzy zmagaj\u0105 si\u0119 z problemami mi\u0119\u015bniowymi. W takiej sytuacji trener Massimo Botti zdecydowa\u0142 si\u0119 na zaskakuj\u0105c\u0105 zmian\u0119: na pozycj\u0119 libero wr\u00f3ci\u0142 Pawe\u0142 Zatorski, dot\u0105d pomagaj\u0105cy w roli przyjmuj\u0105cego. Do gry na tej pozycji byli za\u015b gotowi&#8230; dwaj dotychczasowi libero, czyli Micha\u0142 Potera i Erik Shoji.<\/p>\n<p class=\"typography ids-typeset-body ids-typeset-body--preset-large link paragraph ids-paragraph ids-paragraph--default\">Pierwszy set \u0107wier\u0107fina\u0142u w Zawierciu przyni\u00f3s\u0142 wielkie emocje. Zacz\u0119\u0142o si\u0119 dobrze dla gospodarzy, kt\u00f3rzy po asie serwisowym Bartosza Kwolka prowadzili 4:1. Po stronie rywali tym samym odpowiedzia\u0142 \u015bwietnie dysponowany Artur Szalpuk, a bloki przy atakach Bart\u0142omieja Bo\u0142\u0105dzia da\u0142y go\u015bciom prowadzenie 12:9.<\/p>\n<p class=\"typography ids-typeset-body ids-typeset-body--preset-large link paragraph ids-paragraph ids-paragraph--default\">Ich przewaga wzros\u0142a do czterech punkt\u00f3w, ale blok Kwolka przy ataku Karola Butryna zmniejszy\u0142 r\u00f3\u017cnic\u0119 do jednego &#8222;oczka&#8221;. Wprowadzony z \u0142awki za Bo\u0142\u0105dzia Kyle Ensing da\u0142 Warcie remis 22:22. Ale po chwili Resovii pomog\u0142a zagrywka Klemena Cebulja i to ona triumfowa\u0142a w pierwszym secie.<\/p>\n<p>Siatk\u00f3wka. Nerwy w drugim secie, niesamowity powr\u00f3t Asseco Resovii Rzesz\u00f3w<\/p>\n<p class=\"typography ids-typeset-body ids-typeset-body--preset-large link paragraph ids-paragraph ids-paragraph--default\">W drugim secie trener Aluron CMC Warty Micha\u0142 Winiarski nie czeka\u0142 ju\u017c na Bo\u0142\u0105dzia, kt\u00f3rego rywale w pierwszej partii zablokowali a\u017c trzy razy. Od razu postawi\u0142 na Ensinga, a po zagraniu Kwolka zawiercianie prowadzili 9:6.<\/p>\n<p class=\"typography ids-typeset-body ids-typeset-body--preset-large link paragraph ids-paragraph ids-paragraph--default\">Po chwili przy linii bocznej rozp\u0119ta\u0142y si\u0119 dyskusje, bo do s\u0119dziego ruszy\u0142 Winiarski i jego siatkarze, kt\u00f3rzy domagali si\u0119 zmiany decyzji na ich korzy\u015b\u0107 po challenge&#8217;u. Zamieszanie nie przeszkodzi\u0142o jednak gospodarzom &#8211; gdy zatrzymali atakiem Szalpuka, wygrywali ju\u017c sze\u015bcioma punktami.<\/p>\n<p class=\"typography ids-typeset-body ids-typeset-body--preset-large link paragraph ids-paragraph ids-paragraph--default\">Asseco Resovia potrafi\u0142a jednak pod\u017awign\u0105\u0107 si\u0119 nawet z takiej sytuacji. Do remisu 21:21 doprowadzi\u0142 Butryn, a pi\u0142k\u0119 setow\u0105 go\u015bciom da\u0142a zaskakuj\u0105ca zagrywka \u015brodkowego Mateusza Por\u0119by. W grze na przewagi to oni okazali si\u0119 lepsi &#8211; decyduj\u0105cy cios wyprowadzi\u0142 Szalpuk, jego zesp\u00f3\u0142 zwyci\u0119\u017cy\u0142 27:25.<\/p>\n<p>Medali\u015bci Klubowych Mistrzostw \u015awiata za burt\u0105 Pucharu Polski. Koniec marze\u0144 Warty Zawiercie<\/p>\n<p class=\"typography ids-typeset-body ids-typeset-body--preset-large link paragraph ids-paragraph ids-paragraph--default\">W trzecim secie w Zawierciu trwa\u0142a wyr\u00f3wnana walka. W ko\u0144cu wy\u0142oni\u0142a si\u0119 z niej trzypunktowa przewaga gospodarzy &#8211; gdy w ataku pomyli\u0142 si\u0119 Cebulj, prowadzili 16:13.<\/p>\n<p class=\"typography ids-typeset-body ids-typeset-body--preset-large link paragraph ids-paragraph ids-paragraph--default\">Tyle \u017ce za spraw\u0105 zagrywek Marcina Janusza i dobrej gry Cebulja rzeszowianie b\u0142yskawicznie wyr\u00f3wnali, a po chwili prowadzili. Po bloku Janusza mieli trzy punkty zapasu. Zawiercianie jeszcze si\u0119 zerwali, mieli nawet pi\u0142k\u0119 setow\u0105. Przed pierwsz\u0105 pi\u0142k\u0105 meczow\u0105 dla Resovii w hali&#8230; zgas\u0142o \u015bwiat\u0142o. Ostatecznie rzeszowianie wyrwali zwyci\u0119stwo 27:25 i awans do p\u00f3\u0142fina\u0142u.<\/p>\n<p class=\"typography ids-typeset-body ids-typeset-body--preset-large link paragraph ids-paragraph ids-paragraph--default\">Pora\u017cka zawiercian sprawia, \u017ce z szansami na trofeum \u017cegna s\u0119 triumfator z 2024 r. i finalista z 2025 r. Stawk\u0119 uczestnik\u00f3w turnieju fina\u0142owego TAURON Pucharu Polski tym razem uzupe\u0142ni\u0142a Asseco Resovia. 10 stycznia zagra w Krakowie z PGE Projektem Warszawa. Drug\u0105 par\u0119 stworz\u0105 Indykpol AZS Olsztyn i Bogdanka LUK Lublin.<\/p>\n<p class=\"typography ids-typeset-body ids-typeset-body--preset-large link paragraph ids-paragraph ids-paragraph--default\">Aluron CMC Warta Zawiercie: Bo\u0142\u0105d\u017a, Bieniek, Kwolek, Tavares, Gladyr, Russell &#8211; Popiwczak (libero) oraz Ensing, \u0141aba, Zniszczo\u0142<\/p>\n<p class=\"typography ids-typeset-body ids-typeset-body--preset-large link paragraph ids-paragraph ids-paragraph--default\">Asseco Resovia Rzesz\u00f3w: Butryn, Demyanenko, Cebulj, Janusz, Por\u0119ba, Szalpuk &#8211; Zatorski (libero) oraz Potera, Shoji, Nowak<\/p>\n<p>Lublin now\u0105 stolic\u0105 siatk\u00f3wki? &#8222;Pami\u0119tam takie czasy&#8230;&#8221;. WIDEOPolsat SportPolsat Sport<\/p>\n<p><img decoding=\"async\" class=\"ids-image-holder__img\" loading=\"lazy\" alt=\"Siatkarz w \u017c\u00f3\u0142to-zielonym stroju sportowym z numerem 55 stoi na boisku, w tle widoczne niewyra\u017ane trybuny i kibice.\" title=\"Kyle Ensing w barwach Aluron CMC Warty Zawiercie\" width=\"5398\" height=\"3599\" src=\"https:\/\/www.europesays.com\/pl\/wp-content\/uploads\/2025\/12\/000LL5QPYIML62SR-C323-F4.webp.webp\"\/><\/p>\n<p>Kyle Ensing w barwach Aluron CMC Warty ZawiercieMarcin GolbaAFP<\/p>\n<p><img decoding=\"async\" class=\"ids-image-holder__img\" loading=\"lazy\" alt=\"Trzech siatkarzy w strojach dru\u017cyny Asseco Resovia podczas meczu na hali sportowej, z emocjonaln\u0105 reakcj\u0105 jednego z zawodnik\u00f3w oraz widoczn\u0105 siatk\u0105 i fragmentem boiska.\" title=\"Siatkarze Asseco Resovii, od lewej Mateusz Por\u0119ba, Erik Shoji i Karol Butryn\" width=\"2000\" height=\"1333\" src=\"https:\/\/www.europesays.com\/pl\/wp-content\/uploads\/2025\/12\/000M2MKTYY183RNW-C323-F4.webp.webp\"\/><\/p>\n<p>Siatkarze Asseco Resovii, od lewej Mateusz Por\u0119ba, Erik Shoji i Karol ButrynGrzegorz Wajda\/REPORTER East News<\/p>\n<p><img decoding=\"async\" class=\"ids-image-holder__img\" loading=\"lazy\" alt=\"M\u0119\u017cczyzna w szarej koszulce polo z logo firmy Orlen i Kempa stoi na tle rozmytej publiczno\u015bci, trzymaj\u0105c co\u015b w r\u0119ce, prawdopodobnie d\u0142ugopis lub pisak, z wyra\u017ceniem skupienia na twarzy.\" title=\"Micha\u0142 Winiarski, trener Aluron CMC Warty Zawiercie\" width=\"1280\" height=\"853\" src=\"https:\/\/www.europesays.com\/pl\/wp-content\/uploads\/2025\/12\/000M3UR70XS8OT1P-C323-F4.webp.webp\"\/><\/p>\n<p>Micha\u0142 Winiarski, trener Aluron CMC Warty Zawiercievolleyballworld.commateria\u0142y prasowe<\/p>\n<p><a class=\"ids-undecorated-link source ids-page-info--source__link\" href=\"https:\/\/www.interia.pl\" rel=\"nofollow noopener\" target=\"_blank\"><img decoding=\"async\" class=\"ids-image-holder__img\" loading=\"lazy\" alt=\"\" title=\"\" height=\"24px\" src=\"https:\/\/www.europesays.com\/pl\/wp-content\/uploads\/2025\/12\/1767114070_952_0009A60QQ5I2TYF7-C202-F4.webp.webp\"\/><\/a><\/p>\n<p>Masz sugestie, uwagi albo widzisz b\u0142\u0105d? Napisz do nas<\/p>\n","protected":false},"excerpt":{"rendered":"Dla siatkarzy Aluron CMC Warty Zawiercie spotkanie TAURON Pucharu Polski by\u0142o pierwszym po powrocie z Brazylii. Klubowe Mistrzostwa&hellip;\n","protected":false},"author":2,"featured_media":179147,"comment_status":"","ping_status":"","sticky":false,"template":"","format":"standard","meta":{"footnotes":""},"categories":[24],"tags":[42,38,40,39,41,127,126],"class_list":{"0":"post-179146","1":"post","2":"type-post","3":"status-publish","4":"format-standard","5":"has-post-thumbnail","7":"category-sport","8":"tag-pl","9":"tag-poland","10":"tag-polish","11":"tag-polska","12":"tag-polski","13":"tag-sport","14":"tag-sports"},"share_on_mastodon":{"url":"https:\/\/pubeurope.com\/@pl\/115811412134869799","error":""},"_links":{"self":[{"href":"https:\/\/www.europesays.com\/pl\/wp-json\/wp\/v2\/posts\/179146","targetHints":{"allow":["GET"]}}],"collection":[{"href":"https:\/\/www.europesays.com\/pl\/wp-json\/wp\/v2\/posts"}],"about":[{"href":"https:\/\/www.europesays.com\/pl\/wp-json\/wp\/v2\/types\/post"}],"author":[{"embeddable":true,"href":"https:\/\/www.europesays.com\/pl\/wp-json\/wp\/v2\/users\/2"}],"replies":[{"embeddable":true,"href":"https:\/\/www.europesays.com\/pl\/wp-json\/wp\/v2\/comments?post=179146"}],"version-history":[{"count":0,"href":"https:\/\/www.europesays.com\/pl\/wp-json\/wp\/v2\/posts\/179146\/revisions"}],"wp:featuredmedia":[{"embeddable":true,"href":"https:\/\/www.europesays.com\/pl\/wp-json\/wp\/v2\/media\/179147"}],"wp:attachment":[{"href":"https:\/\/www.europesays.com\/pl\/wp-json\/wp\/v2\/media?parent=179146"}],"wp:term":[{"taxonomy":"category","embeddable":true,"href":"https:\/\/www.europesays.com\/pl\/wp-json\/wp\/v2\/categories?post=179146"},{"taxonomy":"post_tag","embeddable":true,"href":"https:\/\/www.europesays.com\/pl\/wp-json\/wp\/v2\/tags?post=179146"}],"curies":[{"name":"wp","href":"https:\/\/api.w.org\/{rel}","templated":true}]}}