{"id":179159,"date":"2025-12-31T01:03:09","date_gmt":"2025-12-31T01:03:09","guid":{"rendered":"https:\/\/www.europesays.com\/pl\/179159\/"},"modified":"2025-12-31T01:03:09","modified_gmt":"2025-12-31T01:03:09","slug":"policja-dostarczy-cieple-napoje-ludziom-z-s7-schronienie-czeka-w-ostrodzie","status":"publish","type":"post","link":"https:\/\/www.europesays.com\/pl\/179159\/","title":{"rendered":"Policja dostarczy ciep\u0142e napoje ludziom z S7. Schronienie czeka w Ostr\u00f3dzie"},"content":{"rendered":"<ul class=\"UnorderedList_container__nmfSl\">\n<li class=\"UnorderedList_listElement__Py7xi\" data-id=\"ai-summary-link\">Du\u017co czytania, a ma\u0142o czasu? Sprawd\u017a\u00a0skr\u00f3t\u00a0artyku\u0142u<\/li>\n<\/ul>\n<p class=\"Paragraph_desktopParagraph__U31Gm\">\u2014 Parzymy w\u0142a\u015bnie kaw\u0119 i herbat\u0119. Policja rozwiezie je tym, kt\u00f3rzy utkn\u0119li na S7 \u2014 poinformowa\u0142 PAP burmistrz Ostr\u00f3dy Rafa\u0142 D\u0105browski. Doda\u0142, \u017ce w urz\u0119dzie miasta przy ul. Mickiewicza 24 pracownicy przygotowuj\u0105 \u0142\u00f3\u017cka.<\/p>\n<p class=\"Paragraph_desktopParagraph__U31Gm\">Poinformowa\u0142, \u017ce przy urz\u0119dzie jest du\u017cy parking, gdzie mo\u017cna zostawi\u0107 auta.<\/p>\n<p class=\"Paragraph_desktopParagraph__U31Gm\">\u2014 Tych, kt\u00f3rzy dadz\u0105 rad\u0119 do nas dotrze\u0107, zapraszamy, by si\u0119 ogrzali, skorzystali z toalety, napili ciep\u0142ej kawy czy herbaty \u2014 powiedzia\u0142 burmistrz Ostr\u00f3dy.<\/p>\n<ul class=\"OchatFollowUps_wrapper__1ry7X\">\n<li class=\"OchatFollowUps_item__Dhyly OchatFollowUps_itemDesktop__R6aBv\">Jakie napoje przygotowuje urz\u0105d miasta w Ostr\u00f3dzie?<\/li>\n<li class=\"OchatFollowUps_item__Dhyly OchatFollowUps_itemDesktop__R6aBv\">Gdzie mo\u017cna zatrzyma\u0107 si\u0119 na noc w Ostr\u00f3dzie?<\/li>\n<li class=\"OchatFollowUps_item__Dhyly OchatFollowUps_itemDesktop__R6aBv\">Ile samochod\u00f3w utkn\u0119\u0142o w korku na S7?<\/li>\n<li class=\"OchatFollowUps_item__Dhyly OchatFollowUps_itemDesktop__R6aBv\">Co robi policja w zwi\u0105zku z korkiem na S7?<\/li>\n<\/ul>\n<p class=\"Paragraph_desktopParagraph__U31Gm\">Przyzna\u0142, \u017ce z pro\u015bb\u0105 o pomoc ludziom, kt\u00f3rzy utkn\u0119li w korku na S7, <a href=\"https:\/\/wiadomosci.onet.pl\/olsztyn\/samorzadowcy-zorganizuja-cieply-posilek-dla-kierowcow-ktorzy-utkneli-na-s7\/3nzdq9f\" id=\"44230470-1dd3-43c8-bf00-96bb524ac33a\" rel=\"nofollow noopener\" target=\"_blank\">zwr\u00f3ci\u0142a si\u0119 do samorz\u0105du policja. <\/a>D\u0105browski zapewni\u0142 PAP, \u017ce nikt nie zostanie odprawiony z kwitkiem, a w urz\u0119dzie zmie\u015bci si\u0119 tylu ludzi, ilu zdo\u0142a tam dotrze\u0107.<\/p>\n<p class=\"Paragraph_desktopParagraph__U31Gm\">\u2014 Cho\u0107by \u0142\u00f3\u017cko mia\u0142o sta\u0107 przy \u0142\u00f3\u017cku, to damy dach nad g\u0142ow\u0105 \u2014 zapewni\u0142.<\/p>\n<p>Kilkaset aut utkn\u0119\u0142o w korku na S7 <\/p>\n<p class=\"Paragraph_desktopParagraph__U31Gm\">Oficer prasowa policji w Ostr\u00f3dzie Anna Karczewska powiedzia\u0142a PAP, \u017ce korek na S7 z Gda\u0144ska w stron\u0119 Warszawy ma prawie 7 km \u2014 ci\u0105gnie si\u0119 od MOP Grabin do Rychnowa. W odwrotn\u0105 stron\u0119, z Warszawy do Gda\u0144ska, ma prawie 16 km i ci\u0105gnie si\u0119 od Olsztynka do Rychnowa.<\/p>\n<p class=\"Paragraph_desktopParagraph__U31Gm\">\u2014 Utkn\u0119\u0142o w nim ju\u017c kilkaset aut \u2014 powiedzia\u0142a policjantka.<\/p>\n<p class=\"Paragraph_desktopParagraph__U31Gm\">Policja i s\u0142u\u017cby drogowe staraj\u0105 si\u0119 tworzy\u0107 na S7 korytarz \u017cycia, kt\u00f3rym auta osobowe b\u0119d\u0105 mog\u0142y z obu stron dotrze\u0107 do Ostr\u00f3dy. Policja utworzy\u0142a ju\u017c jeden taki korytarz. Mog\u0105 z niego korzysta\u0107 tylko auta osobowe.<\/p>\n<p class=\"Paragraph_desktopParagraph__U31Gm\">Tras\u0119 S7 kilka godzin temu zablokowa\u0142y w obu kierunkach tiry, kt\u00f3re nie mog\u0142y podjecha\u0107 pod wzniesienia. Sta\u0142o si\u0119 to na wysoko\u015bci Rychnowa.<\/p>\n<p class=\"Paragraph_desktopParagraph__U31Gm\">Ludzie, kt\u00f3rzy tkwi\u0105 w korku, pisz\u0105 w portalach spo\u0142eczno\u015bciowych, \u017ce nie mog\u0105 skorzysta\u0107 z toalet, nie maj\u0105 co je\u015b\u0107 i pi\u0107, niekt\u00f3rzy powinni przyj\u0105\u0107 leki. Niekt\u00f3rym autom ko\u0144czy si\u0119 paliwo. Ze zdj\u0119\u0107 zamieszczanych do tych wpis\u00f3w wida\u0107, \u017ce na drodze s\u0105 zaspy si\u0119gaj\u0105ce do po\u0142owy k\u00f3\u0142.<\/p>\n<p class=\"Paragraph_desktopParagraph__U31Gm\">W Warmi\u0144sko-Mazurskim ci\u0105gle pada \u015bnieg i wieje wiatr, kt\u00f3ry tworzy zaspy.<\/p>\n","protected":false},"excerpt":{"rendered":"Du\u017co czytania, a ma\u0142o czasu? Sprawd\u017a\u00a0skr\u00f3t\u00a0artyku\u0142u \u2014 Parzymy w\u0142a\u015bnie kaw\u0119 i herbat\u0119. Policja rozwiezie je tym, kt\u00f3rzy utkn\u0119li&hellip;\n","protected":false},"author":2,"featured_media":179160,"comment_status":"","ping_status":"","sticky":false,"template":"","format":"standard","meta":{"footnotes":""},"categories":[5],"tags":[32,33,36,37,27,34,35,28,31,53,25,52,68,51,29478,55,42,38,251,40,39,41,3620,47,29,30,65,50,26],"class_list":{"0":"post-179159","1":"post","2":"type-post","3":"status-publish","4":"format-standard","5":"has-post-thumbnail","7":"category-naglowki","8":"tag-breaking-news","9":"tag-breakingnews","10":"tag-featured-news","11":"tag-featurednews","12":"tag-headlines","13":"tag-latest-news","14":"tag-latestnews","15":"tag-naglowki","16":"tag-najwazniejsze-artykuly","17":"tag-new_header","18":"tag-news","19":"tag-onet3","20":"tag-onet3d","21":"tag-onet3d_2i","22":"tag-ostroda","23":"tag-phx","24":"tag-pl","25":"tag-poland","26":"tag-policja_policjanci_policjant_policjantka_policjantki","27":"tag-polish","28":"tag-polska","29":"tag-polski","30":"tag-s7","31":"tag-screening_general","32":"tag-top-stories","33":"tag-topstories","34":"tag-update_me","35":"tag-v2021","36":"tag-wiadomosci"},"share_on_mastodon":{"url":"https:\/\/pubeurope.com\/@pl\/115811490437598840","error":""},"_links":{"self":[{"href":"https:\/\/www.europesays.com\/pl\/wp-json\/wp\/v2\/posts\/179159","targetHints":{"allow":["GET"]}}],"collection":[{"href":"https:\/\/www.europesays.com\/pl\/wp-json\/wp\/v2\/posts"}],"about":[{"href":"https:\/\/www.europesays.com\/pl\/wp-json\/wp\/v2\/types\/post"}],"author":[{"embeddable":true,"href":"https:\/\/www.europesays.com\/pl\/wp-json\/wp\/v2\/users\/2"}],"replies":[{"embeddable":true,"href":"https:\/\/www.europesays.com\/pl\/wp-json\/wp\/v2\/comments?post=179159"}],"version-history":[{"count":0,"href":"https:\/\/www.europesays.com\/pl\/wp-json\/wp\/v2\/posts\/179159\/revisions"}],"wp:featuredmedia":[{"embeddable":true,"href":"https:\/\/www.europesays.com\/pl\/wp-json\/wp\/v2\/media\/179160"}],"wp:attachment":[{"href":"https:\/\/www.europesays.com\/pl\/wp-json\/wp\/v2\/media?parent=179159"}],"wp:term":[{"taxonomy":"category","embeddable":true,"href":"https:\/\/www.europesays.com\/pl\/wp-json\/wp\/v2\/categories?post=179159"},{"taxonomy":"post_tag","embeddable":true,"href":"https:\/\/www.europesays.com\/pl\/wp-json\/wp\/v2\/tags?post=179159"}],"curies":[{"name":"wp","href":"https:\/\/api.w.org\/{rel}","templated":true}]}}