{"id":179165,"date":"2025-12-31T01:10:08","date_gmt":"2025-12-31T01:10:08","guid":{"rendered":"https:\/\/www.europesays.com\/pl\/179165\/"},"modified":"2025-12-31T01:10:08","modified_gmt":"2025-12-31T01:10:08","slug":"michal-kobosko-rezygnuje-ze-startu-na-szefa-polski-2050","status":"publish","type":"post","link":"https:\/\/www.europesays.com\/pl\/179165\/","title":{"rendered":"Micha\u0142 Kobosko rezygnuje ze startu na szefa Polski 2050"},"content":{"rendered":"<p class=\"ods-c-paragraph \">Po tym, jak Micha\u0142 Kobosko zrezygnowa\u0142 z kandydowania na szefa Polski 2050, lista kandydat\u00f3w wygl\u0105da nast\u0119puj\u0105co:<\/p>\n<ul class=\"ods-m-bullet-list\">\n<li class=\"ods-a-bullet ods-a-bullet--normal\"> Paulina Hennig-Kloska <\/li>\n<li class=\"ods-a-bullet ods-a-bullet--normal\"> Rafa\u0142 Kasprzyk <\/li>\n<li class=\"ods-a-bullet ods-a-bullet--normal\"> Joanna Mucha <\/li>\n<li class=\"ods-a-bullet ods-a-bullet--normal\"> Katarzyna Pe\u0142czy\u0144ska-Na\u0142\u0119cz <\/li>\n<li class=\"ods-a-bullet ods-a-bullet--normal\"> Ryszard Petru <\/li>\n<li class=\"ods-a-bullet ods-a-bullet--normal\"> Bartosz Romowicz <\/li>\n<\/ul>\n<p>Micha\u0142 Kobosko napisa\u0142 list do cz\u0142onk\u00f3w Polski 2050<\/p>\n<p class=\"ods-c-paragraph \">&#8222;Chc\u0119 Was poinformowa\u0107, \u017ce nie b\u0119d\u0119 startowa\u0107 w styczniowych wyborach na Przewodnicz\u0105cego naszej partii&#8221; \u2014 czytamy w li\u015bcie Micha\u0142a Kobosko wys\u0142anym do cz\u0142onk\u00f3w partii.<\/p>\n<p class=\"ods-c-paragraph \">&#8222;To efekt moich przemy\u015ble\u0144, ale te\u017c bardzo wielu rozm\u00f3w, kt\u00f3re w tygodniach przed\u015bwi\u0105tecznych odby\u0142em z naszymi organizacjami regionalnymi oraz indywidualnie z wieloma z Was. Cho\u0107 podtrzymuj\u0119 pogl\u0105d, \u017ce \u0142\u0105czenie funkcji szefa partii z rol\u0105 pos\u0142a do PE jest mo\u017cliwe (s\u0142u\u017c\u0119 przyk\u0142adami obecnych i by\u0142ych lider\u00f3w partyjnych, kt\u00f3rzy zasiadaj\u0105 w PE), to jednak dotyczy to organizacji politycznych operuj\u0105cych w realiach bardziej stabilnych i przewidywalnych ni\u017c nasza. Obowi\u0105zki szefa PL2050 przez co najmniej najbli\u017csze dwa lata do wybor\u00f3w to nie 100, lecz 200 proc. pe\u0142nego zaanga\u017cowania&#8221; \u2014 pisze dalej.<\/p>\n<p>   Micha\u0142 Kobosko: w\u0142adza w partii sta\u0142a si\u0119 w praktyce jednoosobowa<\/p>\n<p class=\"ods-c-paragraph \">&#8222;Wiem dobrze, co dzieje si\u0119 dzi\u015b wewn\u0105trz naszej organizacji. Z rozm\u00f3w z naszymi strukturami widz\u0119 jednak, \u017ce w partii nie ma pe\u0142nej wiedzy ani zrozumienia, jak funkcjonowa\u0142a nasza centrala, jakie b\u0142\u0119dy i wypaczenia zosta\u0142y pope\u0142nione. I co realnie trzeba dzi\u015b zmieni\u0107, by\u015bmy mieli szans\u0119 istnie\u0107 znacznie d\u0142u\u017cej ni\u017c do wybor\u00f3w w roku 2027. Od lata 2024, gdy zosta\u0142em jedynym przedstawicielem PL2050 w PE, przesta\u0142em pe\u0142ni\u0107 rol\u0119 w Zarz\u0105dzie Krajowym naszej partii. Obowi\u0105zki I wiceprzewodnicz\u0105cej partii przej\u0119\u0142a po mnie Katarzyna Pe\u0142czy\u0144ska-Na\u0142\u0119cz. Od tego momentu w\u0142adza w partii sta\u0142a si\u0119 w praktyce jednoosobowa. Tak, partia ma Przewodnicz\u0105cego i Zarz\u0105d Krajowy, ale w\u0142adza zosta\u0142a w pe\u0142ni skoncentrowana w jednych r\u0119kach. Nie oceniam, stwierdzam tylko fakt \u2014 powszechnie znany w centrali, niekoniecznie znany i u\u015bwiadomiony w regionach&#8221; \u2014 zaznacza Kobosko w li\u015bcie do cz\u0142onk\u00f3w Polski 2050.<\/p>\n<p>Dalszy ci\u0105g artyku\u0142u pod materia\u0142em wideo<\/p>\n<p> Dlaczego Micha\u0142 Kobosko zrezygnowa\u0142 z kandydowania? <\/p>\n<p> Kto jest w\u015br\u00f3d kandydat\u00f3w na szefa Polski 2050? <\/p>\n<p> Jakie zmiany s\u0105 potrzebne w Polsce 2050? <\/p>\n<p> Kogo Micha\u0142 Kobosko popiera w wyborach? <\/p>\n<p class=\"ods-c-paragraph \">&#8222;Gdzie dzi\u015b jeste\u015bmy, wida\u0107 go\u0142ym, nieuzbrojonym okiem. Szorujemy po dnie w sonda\u017cach, mamy os\u0142abione i zdemotywowane struktury, programowo jeste\u015bmy rozwodnieni i nierozpoznawalni. I dlatego potrzebna jest nam Zmiana totalna na szczytach naszej partii. Zerwanie z tym, co by\u0142o \u2014 i jak by\u0142o&#8221; \u2014 wskazuje.<\/p>\n<p>Micha\u0142 Kobosko: trzymam kciuki za Paulin\u0119 Hennig-Klosk\u0119, Joann\u0119 Much\u0119 i Ryszarda Petru<\/p>\n<p class=\"ods-c-paragraph \">&#8222;Jakie zadania b\u0119dzie mia\u0142 nowy szef partii? Po pierwsze, by przej\u015b\u0107 do tworzenia naszej przysz\u0142o\u015bci, trzeba zamkn\u0105\u0107 niezamkni\u0119ty wci\u0105\u017c etap naszej historii. A zatem rozliczenie wewn\u0119trzne i wyci\u0105gni\u0119cie wniosk\u00f3w ze skrajnie nieudanej kampanii prezydenckiej. Po drugie praca nowego Przewodnicz\u0105cego i Zarz\u0105du ze strukturami regionalnymi. Z rozm\u00f3w z Wami wyci\u0105gam wniosek, \u017ce takiej wsp\u00f3\u0142pracy nie by\u0142o, \u017ce zerwane zosta\u0142y wcze\u015bniej istniej\u0105ce kana\u0142y kooperacji mi\u0119dzy central\u0105 a regionami&#8221; \u2014 czytamy.<\/p>\n<p class=\"ods-c-paragraph \">&#8222;Po trzecie, komunikacja partii. Pole do zbudowania w\u0142a\u015bciwie od nowa, bo dzi\u015b konia z rz\u0119dem temu, kto wie, jak komunikacja dzia\u0142a, jakie cele realizuje, ile i za ile wykonuje. Po czwarte, a propos &#8222;za ile&#8221; \u2014 cz\u0142onkowie partii maj\u0105 pe\u0142ne prawo do wiedzy, jak zarz\u0105dzane s\u0105 do\u015b\u0107 szczup\u0142e \u015brodki finansowe, jakimi zarz\u0105dzamy. Po pi\u0105te \u2014 i to najwa\u017cniejsze w kontek\u015bcie naszych szans na przysz\u0142o\u015b\u0107 \u2014 okre\u015blenie naszej aktualnej podstawy programowej. Czym jeste\u015bmy, o co walczymy i kogo reprezentujemy. Na scenie politycznej i w parlamencie. Nie gigantyczny, rozbudowany program, ale kilka g\u0142\u00f3wnych linii, z kt\u00f3rymi chcemy by\u0107 identyfikowani&#8221; \u2014 dodaje Kobosko.<\/p>\n<p class=\"ods-c-paragraph \">&#8222;Z powy\u017cszego wida\u0107, \u017ce w styczniowych wyborach opowiem si\u0119 za Zmian\u0105. Bardzo powa\u017cn\u0105 Zmian\u0105. Kontynuacja tego, co i jak dotychczas, przynios\u0142aby kontynuacj\u0119 obecnych trend\u00f3w. Czyli wegetacj\u0119 zako\u0144czon\u0105 uwi\u0105dem organizacji. Nie wolno nam do tego dopu\u015bci\u0107. Zbyt wiele uda\u0142o nam si\u0119 razem zbudowa\u0107 z totalnie niczego, by\u015bmy po prostu to teraz odpu\u015bcili i udali si\u0119 do innych zada\u0144. Dlatego na koniec, jeszcze raz \u017cycz\u0105c Wam najlepszo\u015bci, apeluj\u0119, by\u015bcie w wyborach w styczniu masowo opowiedzieli si\u0119 za Zmian\u0105! Szczeg\u00f3lnie trzymam kciuki za Paulin\u0119 Hennig-Klosk\u0119, Joann\u0119 Much\u0119 i Ryszarda Petru (kolejno\u015b\u0107 alfabetyczna), kt\u00f3rzy \u0142\u0105cz\u0105 rozbudowane do\u015bwiadczenie polityczne z ambicj\u0105 wzmacniania naszej organizacji. Polska 2050 ma ogromne szanse na \u017cycie po \u017cyciu, na bazie odnowionych warto\u015bci, dopasowanych do dzisiejszego popytu na rynku politycznym. Chc\u0119 by\u0107 cz\u0119\u015bci\u0105 takiej w\u0142a\u015bnie Zmiany&#8221; \u2014 kwituje polityk.<\/p>\n","protected":false},"excerpt":{"rendered":"Po tym, jak Micha\u0142 Kobosko zrezygnowa\u0142 z kandydowania na szefa Polski 2050, lista kandydat\u00f3w wygl\u0105da nast\u0119puj\u0105co: Paulina Hennig-Kloska&hellip;\n","protected":false},"author":2,"featured_media":179166,"comment_status":"","ping_status":"","sticky":false,"template":"","format":"standard","meta":{"footnotes":""},"categories":[5],"tags":[32,33,36,37,27,1657,49,34,35,8397,28,31,48,25,46,42,38,40,39,202,41,47,29,30,26],"class_list":{"0":"post-179165","1":"post","2":"type-post","3":"status-publish","4":"format-standard","5":"has-post-thumbnail","7":"category-naglowki","8":"tag-breaking-news","9":"tag-breakingnews","10":"tag-featured-news","11":"tag-featurednews","12":"tag-headlines","13":"tag-katarzyna_pelczynska_nalecz","14":"tag-kraj","15":"tag-latest-news","16":"tag-latestnews","17":"tag-michal_kobosko","18":"tag-naglowki","19":"tag-najwazniejsze-artykuly","20":"tag-nat_styl","21":"tag-news","22":"tag-omp","23":"tag-pl","24":"tag-poland","25":"tag-polish","26":"tag-polska","27":"tag-polska_2050","28":"tag-polski","29":"tag-screening_general","30":"tag-top-stories","31":"tag-topstories","32":"tag-wiadomosci"},"share_on_mastodon":{"url":"https:\/\/pubeurope.com\/@pl\/115811517948893898","error":""},"_links":{"self":[{"href":"https:\/\/www.europesays.com\/pl\/wp-json\/wp\/v2\/posts\/179165","targetHints":{"allow":["GET"]}}],"collection":[{"href":"https:\/\/www.europesays.com\/pl\/wp-json\/wp\/v2\/posts"}],"about":[{"href":"https:\/\/www.europesays.com\/pl\/wp-json\/wp\/v2\/types\/post"}],"author":[{"embeddable":true,"href":"https:\/\/www.europesays.com\/pl\/wp-json\/wp\/v2\/users\/2"}],"replies":[{"embeddable":true,"href":"https:\/\/www.europesays.com\/pl\/wp-json\/wp\/v2\/comments?post=179165"}],"version-history":[{"count":0,"href":"https:\/\/www.europesays.com\/pl\/wp-json\/wp\/v2\/posts\/179165\/revisions"}],"wp:featuredmedia":[{"embeddable":true,"href":"https:\/\/www.europesays.com\/pl\/wp-json\/wp\/v2\/media\/179166"}],"wp:attachment":[{"href":"https:\/\/www.europesays.com\/pl\/wp-json\/wp\/v2\/media?parent=179165"}],"wp:term":[{"taxonomy":"category","embeddable":true,"href":"https:\/\/www.europesays.com\/pl\/wp-json\/wp\/v2\/categories?post=179165"},{"taxonomy":"post_tag","embeddable":true,"href":"https:\/\/www.europesays.com\/pl\/wp-json\/wp\/v2\/tags?post=179165"}],"curies":[{"name":"wp","href":"https:\/\/api.w.org\/{rel}","templated":true}]}}