{"id":179169,"date":"2025-12-31T01:12:16","date_gmt":"2025-12-31T01:12:16","guid":{"rendered":"https:\/\/www.europesays.com\/pl\/179169\/"},"modified":"2025-12-31T01:12:16","modified_gmt":"2025-12-31T01:12:16","slug":"tomasz-bednarek-po-20-latach-wzial-cichy-rozwod-powod-wszystkich-zaskoczyl-2","status":"publish","type":"post","link":"https:\/\/www.europesays.com\/pl\/179169\/","title":{"rendered":"Tomasz Bednarek po 20 latach wzi\u0105\u0142 cichy rozw\u00f3d. Pow\u00f3d wszystkich zaskoczy\u0142"},"content":{"rendered":"<p class=\"ods-c-paragraph \">Tomasz Bednarek, znany szerokiej publiczno\u015bci z roli Jacka w serialu &#8222;Klan&#8221;, po cichu zako\u0144czy\u0142 swoje dwudziestoletnie ma\u0142\u017ce\u0144stwo z El\u017cbiet\u0105. Rozw\u00f3d przebieg\u0142 bez medialnego szumu, a prawdziwy pow\u00f3d rozstania zaskoczy\u0142 nawet najbli\u017cszych aktora.<\/p>\n<p>Dalszy ci\u0105g artyku\u0142u pod materia\u0142em wideo<\/p>\n<p> Jak d\u0142ugo trwa\u0142o ma\u0142\u017ce\u0144stwo Tomasza Bednarka? <\/p>\n<p> Jaki by\u0142 pow\u00f3d rozwodu Tomasza Bednarka? <\/p>\n<p> Z kim Tomasz Bednarek obecnie gra w spektaklu? <\/p>\n<p> Jakie s\u0105 imiona syn\u00f3w Tomasza Bednarka? <\/p>\n<p>  Tomasz Bednarek po 20 latach wzi\u0105\u0142 cichy rozw\u00f3d. Pow\u00f3d by\u0142 zaskakuj\u0105cy<\/p>\n<p class=\"ods-c-paragraph \">Tomasz Bednarek i jego \u017cona poznali si\u0119 podczas studenckich praktyk, jednak uczucie pojawi\u0142o si\u0119 dopiero p\u00f3\u017aniej. Aktor w jednym z wywiad\u00f3w wspomina\u0142, \u017ce ich relacja zacz\u0119\u0142a si\u0119 od przyja\u017ani, kt\u00f3ra z czasem przerodzi\u0142a si\u0119 w mi\u0142o\u015b\u0107. Z tego zwi\u0105zku narodzi\u0142o si\u0119 dw\u00f3ch syn\u00f3w \u2014 Krzysztof i Adam.<\/p>\n<p class=\"ods-c-paragraph \">Wielu mog\u0142o si\u0119 spodziewa\u0107, \u017ce za rozstaniem stoi zdrada lub romans. Jednak, jak wynika z wypowiedzi aktora, przyczyn\u0105 by\u0142a jego ogromna pasja do sportu, zw\u0142aszcza tenisa. &#8222;Nie chodz\u0119 z kumplami na w\u00f3dk\u0119 ani na podryw, id\u0119 uprawia\u0107 sport. Kobieta musi zrozumie\u0107, \u017ce to dla m\u0119\u017cczyzny wa\u017cna rzecz&#8221; \u2013 t\u0142umaczy\u0142 Bednarek w rozmowie z tygodnikiem &#8222;Na \u017cywo&#8221;. Pr\u00f3by zaanga\u017cowania \u017cony we wsp\u00f3lne treningi nie przynios\u0142y oczekiwanego rezultatu, a ich drogi zacz\u0119\u0142y si\u0119 rozchodzi\u0107.<\/p>\n<p class=\"ods-c-paragraph \">Mimo osobistych zawirowa\u0144 Tomasz Bednarek nie porzuci\u0142 aktorskiej kariery. Obecnie mo\u017cna go ogl\u0105da\u0107 w spektaklu &#8222;Podr\u00f3\u017c po\u015blubna plus&#8221; autorstwa Marcina Szczygielskiego, w re\u017cyserii Tomasza Drabka. Wciela si\u0119 tam w posta\u0107 Alka \u2014 nowo\u017ce\u0144ca, kt\u00f3ry staje przed niecodziennymi wyzwaniami. Na scenie towarzysz\u0105 mu m.in. Katarzyna Skrzynecka, Monika Mazur, Wiktoria G\u0105siewska, Marek Kaliszuk oraz Pawe\u0142 G\u00f3ral.<\/p>\n<p><img decoding=\"async\" src=\"https:\/\/www.europesays.com\/pl\/wp-content\/uploads\/2025\/12\/j-5k9lBaHR0cHM6Ly9vY2RuLmV1L3B1bHNjbXMvTURBXy9iOTFlZmI1ZjE3MjllYjU1OGQ5MjU1YTQ0NWRjOTkyMC5qcGeSlQMAA.jpeg\" height=\"529\" width=\"940\" alt=\"Tomasz Bednarek\" loading=\"lazy\" class=\"ods-c-image__img ods-c-image__img--vertical\"\/><\/p>\n<p>Tomasz BednarekAndras Szilagyi \/ MW Media<\/p>\n<p class=\"ods-c-paragraph \">Dzi\u0119kujemy, \u017ce przeczyta\u0142a\u015b\/e\u015b nasz artyku\u0142 do ko\u0144ca. W serwisie Plejada.pl ka\u017cdego dnia piszemy o najwa\u017cniejszych wydarzeniach show-biznesowych. B\u0105d\u017a na bie\u017c\u0105co! <a rel=\"nofollow noopener\" href=\"https:\/\/profile.google.com\/cp\/Cg0vZy8xMWJ6X19wdHBx\" id=\"57da72ea-ce0e-4632-a825-4d525274925c\" target=\"_blank\">Obserwuj<\/a> Plejad\u0119 w Wiadomo\u015bciach Google. Odwied\u017a nas tak\u017ce na <a rel=\"nofollow noopener\" href=\"https:\/\/www.facebook.com\/plejadapl\" id=\"baf14012-bf33-43a8-a9f9-a15ccfd73218\" target=\"_blank\">Facebooku<\/a>, <a rel=\"nofollow noopener\" href=\"https:\/\/www.instagram.com\/plejadapl\/\" id=\"e242441d-eca7-480e-9830-87f9f091e47a\" target=\"_blank\">Instagramie<\/a>, <a rel=\"nofollow noopener\" href=\"https:\/\/www.youtube.com\/c\/plejada\" id=\"d9bd9115-09c6-49c4-a278-8ead2b256f04\" target=\"_blank\">YouTube<\/a> oraz <a rel=\"nofollow noopener\" href=\"https:\/\/www.tiktok.com\/@plejada_pl\" id=\"bf929f08-d27b-44bf-bbbb-d16b561f452f\" target=\"_blank\">TikToku<\/a>.<\/p>\n<p class=\"ods-c-paragraph \">Chcesz podzieli\u0107 si\u0119 ciekawym newsem lub zaproponowa\u0107 temat? Skontaktuj si\u0119 z nami, pisz\u0105c e-maila na adres: <a rel=\"nofollow noopener\" href=\"https:\/\/plejada.pl\/newsy\/tomasz-bednarek-po-20-latach-wzial-cichy-rozwod-powod-wszystkich-zaskoczyl\/mailto:plejada@redakcjaonet.pl\" id=\"cb4d41ba-f732-40c6-9f1b-5eb288de7b69\" target=\"_blank\">plejada@redakcjaonet.pl<\/a>.<\/p>\n<p><script async src=\"\/\/www.instagram.com\/embed.js\"><\/script><script async src=\"\/\/www.tiktok.com\/embed.js\"><\/script><\/p>\n","protected":false},"excerpt":{"rendered":"Tomasz Bednarek, znany szerokiej publiczno\u015bci z roli Jacka w serialu &#8222;Klan&#8221;, po cichu zako\u0144czy\u0142 swoje dwudziestoletnie ma\u0142\u017ce\u0144stwo z&hellip;\n","protected":false},"author":2,"featured_media":179170,"comment_status":"","ping_status":"","sticky":false,"template":"","format":"standard","meta":{"footnotes":""},"categories":[22],"tags":[122,7580,48,125,46,42,38,40,39,41,123,47,34613],"class_list":{"0":"post-179169","1":"post","2":"type-post","3":"status-publish","4":"format-standard","5":"has-post-thumbnail","7":"category-rozrywka","8":"tag-entertainment","9":"tag-klan","10":"tag-nat_styl","11":"tag-newsy","12":"tag-omp","13":"tag-pl","14":"tag-poland","15":"tag-polish","16":"tag-polska","17":"tag-polski","18":"tag-rozrywka","19":"tag-screening_general","20":"tag-tomasz_bednarek"},"share_on_mastodon":{"url":"https:\/\/pubeurope.com\/@pl\/115811525781835530","error":""},"_links":{"self":[{"href":"https:\/\/www.europesays.com\/pl\/wp-json\/wp\/v2\/posts\/179169","targetHints":{"allow":["GET"]}}],"collection":[{"href":"https:\/\/www.europesays.com\/pl\/wp-json\/wp\/v2\/posts"}],"about":[{"href":"https:\/\/www.europesays.com\/pl\/wp-json\/wp\/v2\/types\/post"}],"author":[{"embeddable":true,"href":"https:\/\/www.europesays.com\/pl\/wp-json\/wp\/v2\/users\/2"}],"replies":[{"embeddable":true,"href":"https:\/\/www.europesays.com\/pl\/wp-json\/wp\/v2\/comments?post=179169"}],"version-history":[{"count":0,"href":"https:\/\/www.europesays.com\/pl\/wp-json\/wp\/v2\/posts\/179169\/revisions"}],"wp:featuredmedia":[{"embeddable":true,"href":"https:\/\/www.europesays.com\/pl\/wp-json\/wp\/v2\/media\/179170"}],"wp:attachment":[{"href":"https:\/\/www.europesays.com\/pl\/wp-json\/wp\/v2\/media?parent=179169"}],"wp:term":[{"taxonomy":"category","embeddable":true,"href":"https:\/\/www.europesays.com\/pl\/wp-json\/wp\/v2\/categories?post=179169"},{"taxonomy":"post_tag","embeddable":true,"href":"https:\/\/www.europesays.com\/pl\/wp-json\/wp\/v2\/tags?post=179169"}],"curies":[{"name":"wp","href":"https:\/\/api.w.org\/{rel}","templated":true}]}}