{"id":179173,"date":"2025-12-31T01:18:08","date_gmt":"2025-12-31T01:18:08","guid":{"rendered":"https:\/\/www.europesays.com\/pl\/179173\/"},"modified":"2025-12-31T01:18:08","modified_gmt":"2025-12-31T01:18:08","slug":"skandal-to-malo-powiedziane-dostal-zgode-bedzie-skakal-w-ps-sportowefakty","status":"publish","type":"post","link":"https:\/\/www.europesays.com\/pl\/179173\/","title":{"rendered":"Skandal to ma\u0142o powiedziane. Dosta\u0142 zgod\u0119, b\u0119dzie skaka\u0142 w P\u015a &#8211; SportoweFakty"},"content":{"rendered":"<ol>\n<li><a href=\"https:\/\/news.google.com\/rss\/articles\/CBMipwFBVV95cUxOQ2RzSkNGZjAzNkJqWnZzVE1oejNtYS0ycUZNU3ZFU0l1QkktaEhNbXViN3F5X3FxbnNEY0JSWDlQbEtkMXpoeEZqTE1zZV9QNXdPSUVhaWRwTXI3bFd6VEJyMGhEbXh5c0k5d0V1QlFJd2JURnJ5ZFVLR3NrTkhHeVFGbGRqLTJ4bU9YWi1zVjRkSFlsRFN0WFptSUZ4dmdlbXBJcWE3Yw?oc=5\" target=\"_blank\" rel=\"nofollow noopener\">Skandal to ma\u0142o powiedziane. Dosta\u0142 zgod\u0119, b\u0119dzie skaka\u0142 w P\u015a<\/a>&nbsp;&nbsp;SportoweFakty<\/li>\n<li><a href=\"https:\/\/news.google.com\/rss\/articles\/CBMi2gFBVV95cUxPdjhGU2FvVkxJbzFyVXplOHZ3RXlQcTdHOXh5eS1Ha25mdnJqMERmVjRLdlN3X1d0emdJdlhlWlR5N2FFMV9xdklZbEJOZmg5ZVMwdmNYdFBrNnBlU212a0djQ1d0ME1aSGR2dFNHNHNVZllSajRxQjJuM0pvUG5GdGliQ2h2cW9uVHRqc29QXzFWZnJ6NDNZUGFRZDc3QjZnbHNPOW92M2NGRlZFV3BralNRVHpHTW5MRDZEa2JXamZ0SXN1YTlOT2ZYRTFLOW9SUTNLbUhHODM3Zw?oc=5\" target=\"_blank\" rel=\"nofollow noopener\">Rosyjski \u017co\u0142nierz mo\u017ce rywalizowa\u0107 z Polakami. Skandal! Sypi\u0105 si\u0119 gromy<\/a>&nbsp;&nbsp;Przegl\u0105d Sportowy Onet<\/li>\n<li><a href=\"https:\/\/news.google.com\/rss\/articles\/CBMiqAFBVV95cUxPMGxnbGpDRDkwRWJnMk1NdzdUNnl2SnUzUjk4R0Iyb3BCWHhLQ3VuR0dOcVBnaXlJOEdPZnFLYkVDd1NKMGFvSDNHNGlNa29FQ0FycFgyeVJaRHNoZDlQRG5DQkt3VUlDTGNqUFc2RktYMk91MEJhdWhkOGhjUGNRbkNlOVN1ZzQ4bjV1Rm5ZS2g2bHBDTURZNzF3MWRtSzV0NXQyOFAxQUc?oc=5\" target=\"_blank\" rel=\"nofollow noopener\">Nie do wiary! FIS dopu\u015bci\u0142 do skok\u00f3w rosyjskiego \u017co\u0142nierza. &#8222;To nie \u017cart&#8221;<\/a>&nbsp;&nbsp;Sport.pl<\/li>\n<li><a href=\"https:\/\/news.google.com\/rss\/articles\/CBMivgFBVV95cUxOQTU3Yi0tZVNhaGV0X3huc2hhZEV0aGJDVms4SHRhOU9YZFVVZUprMWYwbERmc283dlpENWMzRDhpTXd6U25vNTVtbElPYzNiMDVYb1NlZXRMQi1MVURKNHowQUYxUmFranN6a1ZXMzFHS1Q5ZXE0VkhnSGNvSWxwRWpfOG1mc29PNmw4dUpJR2NtbWwtaktkRlE4azM1X0pvVVYwOXd2bVpWQWktbVVibXdxR21DS1Y4YVVPOEZR?oc=5\" target=\"_blank\" rel=\"nofollow noopener\">Rosyjski \u017co\u0142nierz dopuszczony. FIS zaktualizowa\u0142 list\u0119. Skandal przed Ga-Pa<\/a>&nbsp;&nbsp;Sport w INTERIA.PL<\/li>\n<li><a href=\"https:\/\/news.google.com\/rss\/articles\/CBMixAFBVV95cUxNaEZLNExSaExpLW0zNXV0MHdHQ2IyR0N5WUpEM2xSMlBYblpYaFdabDdVWG9LVWhVODg4NzFBdXpUUUxEU0xSVVlHUUticEFNaWlCbExaRXBRWlVxX3U1blBtcWpZZVVRNlg2dmtGWlZqd0E5RGZkZkhreVZ6aVoxVmRLVzhKS0U2d3hFVFgzX0VQbmdpN3FzRVh5eF9mVEE0dkJhcGRfY1hlWTIzME5kc0pXMTRkSzVQZzREVWVVOWdTOUdQ0gHKAUFVX3lxTFBVc1FvaTA1Q2J0UmUzWjF5bmRSUk5FdVBEQ1NaSV9LQVE3UjJZbldCbEpyaUk0WFZOZndkaG5yM25HOEgzWWZPcXR3c21qdkxGNmhtRHNjUmFqQUFrWkp5MEFyM0dQY1FhcnplN2c5bWRFR3RiRzFNVHViQmtvNzR3TW8tbDhFU3RLSVR0RzdFX1BZV2RXa3lGWkpFdFlTUFBfRk1wQ2VVbllZcFlKZnhDQ0w4RHAxT21VbzE5TkVCNEdlaFBOVFB2dVE?oc=5\" target=\"_blank\" rel=\"nofollow noopener\">Ilja Ma\u0144kow otrzyma\u0142 zezwolenie na starty od FIS. Kwestionowana jest neutralno\u015b\u0107 skoczka<\/a>&nbsp;&nbsp;sport.tvp.pl<\/li>\n<\/ol>\n","protected":false},"excerpt":{"rendered":"Skandal to ma\u0142o powiedziane. Dosta\u0142 zgod\u0119, b\u0119dzie skaka\u0142 w P\u015a&nbsp;&nbsp;SportoweFakty Rosyjski \u017co\u0142nierz mo\u017ce rywalizowa\u0107 z Polakami. Skandal! Sypi\u0105&hellip;\n","protected":false},"author":2,"featured_media":179174,"comment_status":"","ping_status":"","sticky":false,"template":"","format":"standard","meta":{"footnotes":""},"categories":[24],"tags":[35087,42,38,40,39,41,87,1538,127,126,447],"class_list":{"0":"post-179173","1":"post","2":"type-post","3":"status-publish","4":"format-standard","5":"has-post-thumbnail","7":"category-sport","8":"tag-ilja-mankow","9":"tag-pl","10":"tag-poland","11":"tag-polish","12":"tag-polska","13":"tag-polski","14":"tag-rosja","15":"tag-skoki-narciarskie","16":"tag-sport","17":"tag-sports","18":"tag-sporty-zimowe"},"share_on_mastodon":{"url":"https:\/\/pubeurope.com\/@pl\/115811549391030679","error":""},"_links":{"self":[{"href":"https:\/\/www.europesays.com\/pl\/wp-json\/wp\/v2\/posts\/179173","targetHints":{"allow":["GET"]}}],"collection":[{"href":"https:\/\/www.europesays.com\/pl\/wp-json\/wp\/v2\/posts"}],"about":[{"href":"https:\/\/www.europesays.com\/pl\/wp-json\/wp\/v2\/types\/post"}],"author":[{"embeddable":true,"href":"https:\/\/www.europesays.com\/pl\/wp-json\/wp\/v2\/users\/2"}],"replies":[{"embeddable":true,"href":"https:\/\/www.europesays.com\/pl\/wp-json\/wp\/v2\/comments?post=179173"}],"version-history":[{"count":0,"href":"https:\/\/www.europesays.com\/pl\/wp-json\/wp\/v2\/posts\/179173\/revisions"}],"wp:featuredmedia":[{"embeddable":true,"href":"https:\/\/www.europesays.com\/pl\/wp-json\/wp\/v2\/media\/179174"}],"wp:attachment":[{"href":"https:\/\/www.europesays.com\/pl\/wp-json\/wp\/v2\/media?parent=179173"}],"wp:term":[{"taxonomy":"category","embeddable":true,"href":"https:\/\/www.europesays.com\/pl\/wp-json\/wp\/v2\/categories?post=179173"},{"taxonomy":"post_tag","embeddable":true,"href":"https:\/\/www.europesays.com\/pl\/wp-json\/wp\/v2\/tags?post=179173"}],"curies":[{"name":"wp","href":"https:\/\/api.w.org\/{rel}","templated":true}]}}