{"id":179175,"date":"2025-12-31T01:25:09","date_gmt":"2025-12-31T01:25:09","guid":{"rendered":"https:\/\/www.europesays.com\/pl\/179175\/"},"modified":"2025-12-31T01:25:09","modified_gmt":"2025-12-31T01:25:09","slug":"arsenal-znow-traci-waznego-zawodnika-pomocnik-z-urazem-kolana","status":"publish","type":"post","link":"https:\/\/www.europesays.com\/pl\/179175\/","title":{"rendered":"Arsenal zn\u00f3w traci wa\u017cnego zawodnika. Pomocnik z urazem kolana"},"content":{"rendered":"<p data-start=\"93\" data-end=\"310\">Sytuacja kadrowa Arsenalu staje si\u0119 coraz bardziej niepokoj\u0105ca. Jak informuje The Athletic, kolejny kluczowy zawodnik zespo\u0142u dozna\u0142 urazu. Tym razem problemy zdrowotne dotkn\u0119\u0142y bardzo wa\u017cnego \u015brodkowego pomocnika.<\/p>\n<p data-start=\"312\" data-end=\"588\">Od\u00a0kilku miesi\u0119cy Mikel Arteta musi zmaga\u0107 si\u0119 z\u00a0fal\u0105 kontuzji w\u00a0swoim zespole. Na\u00a0pocz\u0105tku sezonu najwi\u0119ksze k\u0142opoty dotyczy\u0142y formacji ofensywnej \u2013 z\u00a0gry wypadali m.in.\u00a0Kai Havertz oraz\u00a0Gabriel Jesus. Obecnie jednak lista absencji szczeg\u00f3lnie mocno dotyka linii defensywnej.<\/p>\n<p>Pomocnik z\u00a0urazem kolana. Arsenal zn\u00f3w traci kluczowego zawodnika<\/p>\n<p data-start=\"590\" data-end=\"840\">W\u00a0ostatnim spotkaniu ligowym przeciwko Brighton szkoleniowiec Kanonier\u00f3w nie\u00a0m\u00f3g\u0142 skorzysta\u0107 z\u00a0Bena White\u2019a, Jurriena Timbera ani Cristhiana Mosquery. Gabriel Magalh\u00e3es, kt\u00f3ry\u00a0dopiero co\u00a0wr\u00f3ci\u0142 do\u00a0zdrowia, pojawi\u0142 si\u0119 na\u00a0boisku dopiero po\u00a0przerwie.<\/p>\n<p data-start=\"842\" data-end=\"1099\">Problemy kadrowe zmusi\u0142y Artet\u0119 do\u00a0przesuni\u0119\u0107 w\u00a0sk\u0142adzie. W\u00a0meczu z\u00a0Mewami na\u00a0prawej stronie obrony zagra\u0142 Declan Rice, kt\u00f3ry\u00a0na\u00a0co\u00a0dzie\u0144 wyst\u0119puje w\u00a0\u015brodku pola. Anglik wywi\u0105za\u0142 si\u0119 z\u00a0zadania bardzo solidnie, przyczyniaj\u0105c si\u0119 do\u00a0zwyci\u0119stwa Arsenalu 2:1.<\/p>\n<blockquote class=\"twitter-tweet\">\n<p dir=\"ltr\" lang=\"en\">Declan Rice is expected to\u00a0miss Arsenal\u2019s match against Aston Villa on\u00a0Tuesday evening after sustaining a\u00a0knee injury in\u00a0Saturday\u2019s 2-1 victory over Brighton &amp; Hove Albion.<\/p>\n<p>Rice, who started the game at\u00a0right-back, picked up a\u00a0knee issue during the match but was able to\u00a0play on\u2026 <a href=\"https:\/\/t.co\/SMlnAAaUOZ\" target=\"_blank\" rel=\"noopener noreferrer nofollow\">pic.twitter.com\/SMlnAAaUOZ<\/a><\/p>\n<p>\u2014\u00a0The Athletic | Football (@TheAthleticFC) <a href=\"https:\/\/twitter.com\/TheAthleticFC\/status\/2006025446618480659?ref_src=twsrc%5Etfw\" target=\"_blank\" rel=\"noopener noreferrer nofollow\">December 30, 2025<\/a><\/p>\n<\/blockquote>\n<p data-start=\"1101\" data-end=\"1392\">Jak poda\u0142 The Athletic, podczas tego spotkania 26-latek nabawi\u0142 si\u0119 urazu kolana. Cho\u0107 dotrwa\u0142 do\u00a0ko\u0144cowego gwizdka, ma\u00a0nie\u00a0wyst\u0105pi\u0107 w\u00a0nadchodz\u0105cym meczu z\u00a0Aston Vill\u0105. Na\u00a0szcz\u0119\u015bcie kontuzja nie\u00a0jest okre\u015blana jako powa\u017cna, jednak dok\u0142adny termin jego powrotu na\u00a0boisko pozostaje nieznany.<\/p>\n<p data-start=\"1394\" data-end=\"1571\">Starcie Arsenalu z\u00a0Aston Vill\u0105 zaplanowano na\u00a0wtorek na\u00a0godzin\u0119 21:15. Zesp\u00f3\u0142 z\u00a0p\u00f3\u0142nocnego Londynu jest obecnie liderem tabeli i\u00a0wyprzedza dru\u017cyn\u0119 Unaia Emery\u2019ego o\u00a0trzy punkty.<\/p>\n<p data-start=\"1573\" data-end=\"1729\">W\u00a0trwaj\u0105cym sezonie Declan Rice wyst\u0105pi\u0142 w\u00a026 spotkaniach, zdobywaj\u0105c dwie bramki i\u00a0notuj\u0105c siedem asyst. Jego kontrakt z\u00a0Arsenalem obowi\u0105zuje do\u00a02028 roku. To\u00a0filar \u015brodka pola, bez\u00a0kt\u00f3rego\u00a0trudno sobie wyobrazi\u0107 podstawow\u0105 jedenastk\u0119 na\u00a0d\u0142u\u017csz\u0105 met\u0119.<\/p>\n<p>CZYTAJ WI\u0118CEJ NA\u00a0WESZ\u0141O:<\/p>\n<p>fot.\u00a0Newspix<\/p>\n<p>                    <script async src=\"https:\/\/platform.twitter.com\/widgets.js\" charset=\"utf-8\"><\/script><\/p>\n","protected":false},"excerpt":{"rendered":"Sytuacja kadrowa Arsenalu staje si\u0119 coraz bardziej niepokoj\u0105ca. Jak informuje The Athletic, kolejny kluczowy zawodnik zespo\u0142u dozna\u0142 urazu.&hellip;\n","protected":false},"author":2,"featured_media":179176,"comment_status":"","ping_status":"","sticky":false,"template":"","format":"standard","meta":{"footnotes":""},"categories":[24],"tags":[6968,35139,15965,42,38,40,39,41,127,126],"class_list":{"0":"post-179175","1":"post","2":"type-post","3":"status-publish","4":"format-standard","5":"has-post-thumbnail","7":"category-sport","8":"tag-arsenal","9":"tag-declan-rice","10":"tag-mikel-arteta","11":"tag-pl","12":"tag-poland","13":"tag-polish","14":"tag-polska","15":"tag-polski","16":"tag-sport","17":"tag-sports"},"share_on_mastodon":{"url":"https:\/\/pubeurope.com\/@pl\/115811576941190005","error":""},"_links":{"self":[{"href":"https:\/\/www.europesays.com\/pl\/wp-json\/wp\/v2\/posts\/179175","targetHints":{"allow":["GET"]}}],"collection":[{"href":"https:\/\/www.europesays.com\/pl\/wp-json\/wp\/v2\/posts"}],"about":[{"href":"https:\/\/www.europesays.com\/pl\/wp-json\/wp\/v2\/types\/post"}],"author":[{"embeddable":true,"href":"https:\/\/www.europesays.com\/pl\/wp-json\/wp\/v2\/users\/2"}],"replies":[{"embeddable":true,"href":"https:\/\/www.europesays.com\/pl\/wp-json\/wp\/v2\/comments?post=179175"}],"version-history":[{"count":0,"href":"https:\/\/www.europesays.com\/pl\/wp-json\/wp\/v2\/posts\/179175\/revisions"}],"wp:featuredmedia":[{"embeddable":true,"href":"https:\/\/www.europesays.com\/pl\/wp-json\/wp\/v2\/media\/179176"}],"wp:attachment":[{"href":"https:\/\/www.europesays.com\/pl\/wp-json\/wp\/v2\/media?parent=179175"}],"wp:term":[{"taxonomy":"category","embeddable":true,"href":"https:\/\/www.europesays.com\/pl\/wp-json\/wp\/v2\/categories?post=179175"},{"taxonomy":"post_tag","embeddable":true,"href":"https:\/\/www.europesays.com\/pl\/wp-json\/wp\/v2\/tags?post=179175"}],"curies":[{"name":"wp","href":"https:\/\/api.w.org\/{rel}","templated":true}]}}