{"id":179193,"date":"2025-12-31T01:45:09","date_gmt":"2025-12-31T01:45:09","guid":{"rendered":"https:\/\/www.europesays.com\/pl\/179193\/"},"modified":"2025-12-31T01:45:09","modified_gmt":"2025-12-31T01:45:09","slug":"powazna-awaria-magistrali-wodociagowej-na-gajowicach-wroclaw-pl","status":"publish","type":"post","link":"https:\/\/www.europesays.com\/pl\/179193\/","title":{"rendered":"Powa\u017cna awaria magistrali wodoci\u0105gowej na Gajowicach &#8211; wroclaw.pl"},"content":{"rendered":"<ol>\n<li><a href=\"https:\/\/news.google.com\/rss\/articles\/CBMipAFBVV95cUxOMnRoWDdVRlRXN3JMT3VXSmVGbkw1RmhpUmVUV2NZSmhjWVFZejVES3FERXVOeUw4dnBWTlhfUnhIUVFzaUp2R3E4SkZUSXg2RVI0dmdjRHJpT0xwbzBkR0JQTF9FZWpqY2p1SVE2TFJFN3IyRWtncjNCRFljLUFEREZTVHoyMjRzYWszZlNWaEIwTk9nQUlaZU8yM0ZGYi0wclpaTA?oc=5\" target=\"_blank\" rel=\"nofollow noopener\">Powa\u017cna awaria magistrali wodoci\u0105gowej na Gajowicach<\/a>&nbsp;&nbsp;wroclaw.pl<\/li>\n<li><a href=\"https:\/\/news.google.com\/rss\/articles\/CBMivAFBVV95cUxOamIweEI4VlJBWEc3R1JXSmVlSFd5WDlnc0FnR2hJbjcwMnNkMGxpcUxLNkQyYUFRencxbkZjZjdsSUsxS0RUUzBnX1RGSU9WcUtka2tldFRCV29xVWNIQlJfeDhPWFJNeUh6VzFKMGxkY1d1S1MzZ2Jfc0JwVDhiQlJ6TWEwWU1HTjZmUVJxOFZMd2xSUFJmRDBRUnA3OU50UjVpa1J0clJJYmdsSzZVbDE5azc0alhJMm1HeA?oc=5\" target=\"_blank\" rel=\"nofollow noopener\">Wroc\u0142aw: Ulica Gajowicka pod wod\u0105! &#8222;Powa\u017cna awaria magistrali wodoci\u0105gowej&#8221;<\/a>&nbsp;&nbsp;Radio Wroc\u0142aw<\/li>\n<li><a href=\"https:\/\/news.google.com\/rss\/articles\/CBMiywFBVV95cUxPZ0MtVjJocGFDZW5RdW1UQU5WQk1lZm9pN0FEdkRVWEpKd2x1TXVCZnNRdDZTNWZMT2hVU1JxTVp5Vmw0OFNQR1RNd0daVFlFOUFwZnVRUnUxN3VIUWpGcHV1SU9XSE8yYjR3Qy1jbWhwTDBCTUczSUJiR0hRb0NaVXhvZFJWSFFwT3JncFZQYkMwWXVMT1pDcGJ0cGF3YVlGdnI3MlR3LWw1YmVtT0QyM1dnYVVOemQ2MUV2Vzg4ZTlaZU05dGIyc0hqTQ?oc=5\" target=\"_blank\" rel=\"nofollow noopener\">Awaria wodoci\u0105gowa we Wroc\u0142awiu. Ca\u0142e skrzy\u017cowanie pod wod\u0105, mo\u017cliwe przerwy w dostawach<\/a>&nbsp;&nbsp;Gazeta Wroc\u0142awska<\/li>\n<li><a href=\"https:\/\/news.google.com\/rss\/articles\/CBMiiwFBVV95cUxPZzZiVTI3RmdmelZnYi13d3pwZkNXQWlHbm9JLTlUWEptQ1prZVBRWmpnT3c2aTNVR01nbGpuZUNIVmd5enV6U3dTS2ZadFp2RWZfVkNpd1RENXU2QWRvZ3Z2bVp2QjljWXJpQVhoVG45VWVyRkQycWF4M01UNklrZ3ZmUTN0VVFFdEtz?oc=5\" target=\"_blank\" rel=\"nofollow noopener\">Powa\u017cna awaria magistrali wodoci\u0105gowej we Wroc\u0142awiu<\/a>&nbsp;&nbsp;TVP Wroc\u0142aw<\/li>\n<li><a href=\"https:\/\/news.google.com\/rss\/articles\/CBMidEFVX3lxTE9mVmhHMkNEY2hfYmR4a2gxWVdpT2thMGQ4ZFBqZjRucXB6SV9qeUZkRHd4cUp3eDBKa3N1aGpGUmVmMTFhc0pmMGlNOHk0RGtNZlVfVDl3RTVORTZ4XzNPNHZubS1qdDUwSVpwR29JblFSXzVV?oc=5\" target=\"_blank\" rel=\"nofollow noopener\">Ogromna awaria we Wroc\u0142awiu. Woda zala\u0142a skrzy\u017cowanie i zaczyna zamarza\u0107<\/a>&nbsp;&nbsp;tuWroclaw.com<\/li>\n<\/ol>\n","protected":false},"excerpt":{"rendered":"Powa\u017cna awaria magistrali wodoci\u0105gowej na Gajowicach&nbsp;&nbsp;wroclaw.pl Wroc\u0142aw: Ulica Gajowicka pod wod\u0105! &#8222;Powa\u017cna awaria magistrali wodoci\u0105gowej&#8221;&nbsp;&nbsp;Radio Wroc\u0142aw Awaria wodoci\u0105gowa&hellip;\n","protected":false},"author":2,"featured_media":4278,"comment_status":"","ping_status":"","sticky":false,"template":"","format":"standard","meta":{"footnotes":""},"categories":[5],"tags":[32,33,36,37,27,34,35,28,31,25,42,38,40,39,41,29,30,26],"class_list":{"0":"post-179193","1":"post","2":"type-post","3":"status-publish","4":"format-standard","5":"has-post-thumbnail","7":"category-naglowki","8":"tag-breaking-news","9":"tag-breakingnews","10":"tag-featured-news","11":"tag-featurednews","12":"tag-headlines","13":"tag-latest-news","14":"tag-latestnews","15":"tag-naglowki","16":"tag-najwazniejsze-artykuly","17":"tag-news","18":"tag-pl","19":"tag-poland","20":"tag-polish","21":"tag-polska","22":"tag-polski","23":"tag-top-stories","24":"tag-topstories","25":"tag-wiadomosci"},"share_on_mastodon":{"url":"https:\/\/pubeurope.com\/@pl\/115811655653492661","error":""},"_links":{"self":[{"href":"https:\/\/www.europesays.com\/pl\/wp-json\/wp\/v2\/posts\/179193","targetHints":{"allow":["GET"]}}],"collection":[{"href":"https:\/\/www.europesays.com\/pl\/wp-json\/wp\/v2\/posts"}],"about":[{"href":"https:\/\/www.europesays.com\/pl\/wp-json\/wp\/v2\/types\/post"}],"author":[{"embeddable":true,"href":"https:\/\/www.europesays.com\/pl\/wp-json\/wp\/v2\/users\/2"}],"replies":[{"embeddable":true,"href":"https:\/\/www.europesays.com\/pl\/wp-json\/wp\/v2\/comments?post=179193"}],"version-history":[{"count":0,"href":"https:\/\/www.europesays.com\/pl\/wp-json\/wp\/v2\/posts\/179193\/revisions"}],"wp:featuredmedia":[{"embeddable":true,"href":"https:\/\/www.europesays.com\/pl\/wp-json\/wp\/v2\/media\/4278"}],"wp:attachment":[{"href":"https:\/\/www.europesays.com\/pl\/wp-json\/wp\/v2\/media?parent=179193"}],"wp:term":[{"taxonomy":"category","embeddable":true,"href":"https:\/\/www.europesays.com\/pl\/wp-json\/wp\/v2\/categories?post=179193"},{"taxonomy":"post_tag","embeddable":true,"href":"https:\/\/www.europesays.com\/pl\/wp-json\/wp\/v2\/tags?post=179193"}],"curies":[{"name":"wp","href":"https:\/\/api.w.org\/{rel}","templated":true}]}}