{"id":179223,"date":"2025-12-31T02:53:07","date_gmt":"2025-12-31T02:53:07","guid":{"rendered":"https:\/\/www.europesays.com\/pl\/179223\/"},"modified":"2025-12-31T02:53:07","modified_gmt":"2025-12-31T02:53:07","slug":"szijjarto-bruksela-bladzi-zagrazajac-europie-wp-wiadomosci","status":"publish","type":"post","link":"https:\/\/www.europesays.com\/pl\/179223\/","title":{"rendered":"Szijjarto: Bruksela b\u0142\u0105dzi, zagra\u017caj\u0105c Europie &#8211; WP Wiadomo\u015bci"},"content":{"rendered":"<ol>\n<li><a href=\"https:\/\/news.google.com\/rss\/articles\/CBMikAFBVV95cUxNb3hzd3NEMDBSZExxVElHX2docmJDdnRxOGdiTWlzeVBsMEF1UXh0dEpRN2ZTR0VfdDFMekhTZ2FOV3JKcUxFUElwT05Jc0pHZGhyMUxrcEVJWFRsYV91cEtkSmljeGRyTURrLUlSQVEtSkp3WTktZmY2Q180TzM5RGhwSS1iOE9ZdFR5RlA1a2Q?oc=5\" target=\"_blank\" rel=\"nofollow noopener\">Szijjarto: Bruksela b\u0142\u0105dzi, zagra\u017caj\u0105c Europie<\/a>&nbsp;&nbsp;WP Wiadomo\u015bci<\/li>\n<li><a href=\"https:\/\/news.google.com\/rss\/articles\/CBMiogFBVV95cUxPWVNaMV9QUEpQbXh4Sm4zSEJsZUtsTzV5bFFXT2J2VWlZSGlvZlozdzRSQ3BIRXhYRHZ3cU1aaFNrTk5NSmt5UUpsMGhzbEY2LWFGeEYtcUhpdlRFMGF4MnBlY3hLMWI5Yi1sY25zczZIN1M0YlVjSmh0VUNaS0Q3c24xZUxlOUVyMVQ1WXIzb28zVnBNSlU4Z1AxQ0Z1LUVBQXc?oc=5\" target=\"_blank\" rel=\"nofollow noopener\">Szef MSZ W\u0119gier oskar\u017ca UE. &#8222;Doprowadzi\u0142a do zagro\u017cenia wojn\u0105&#8221;<\/a>&nbsp;&nbsp;Onet Wiadomo\u015bci<\/li>\n<li><a href=\"https:\/\/news.google.com\/rss\/articles\/CBMijwFBVV95cUxNYWNiM0lPOWtGcDNkQ3ptMmt3eTVWT3oxR2RGd1pTT2xzTTlpa090YkhTM3B5YWtNVEYyaHd6SlRpOThGZHp5bFJyeEozb1cyeWI4YldTM1hsWndLbDlQZkRsRGxCVGJuWDV3ZHI4X2h5a0dQTnQ1VlU3dHJyaEJPWTJBM2FiSlZPcGRtQm5xZw?oc=5\" target=\"_blank\" rel=\"nofollow noopener\">Szijj\u00e1rt\u00f3: Nie wpu\u015bcimy na W\u0119gry ani jednego migranta<\/a>&nbsp;&nbsp;wPolityce.pl<\/li>\n<li><a href=\"https:\/\/news.google.com\/rss\/articles\/CBMikwFBVV95cUxOa0kwYU9XMGxraWxsQ3NWWTRJV1JJYlNIQjFhS2lSZXg4S1lCMWctMnhiYzY5a3RISlBVWXFHUmU4TUd1Z09mWEE0VlktR1FZWXFyYlVHRTFoWUZTMm1BWG0yWjVvcTlZcUlUS0FISGplRWNGdmluU09waWI3RzRLdTdEVmVWOHlYMVE3SjBPUVNSa00?oc=5\" target=\"_blank\" rel=\"nofollow noopener\">&#8222;Absolutnie jasne&#8221;. Nie wpuszcz\u0105 ani jednego imigranta<\/a>&nbsp;&nbsp;Do Rzeczy<\/li>\n<li><a href=\"https:\/\/news.google.com\/rss\/articles\/CBMivwFBVV95cUxPVmd3aWl2Qjl5cU5aeTNkQTJuWlpVYUU0U2RzT3pTZURmZ0hiQUxSRXI4OUJlbGZHVlY5bWJyLU9yVkZ4aGtmcXNCVGpmY0k0SlgwUF94R0UyOEtKejU5bjRXY0Y0NjZhSXlIbXNINURFU1lFTjZVQUtLNUdONG5DUW1JWXZGNHJPS29rbVUtdkZJNTVia1BkSE1nVXlGczFHSjRmeUc0TnFyUmJld3NVRml3NUxVQ3o2N2lRcTdQaw?oc=5\" target=\"_blank\" rel=\"nofollow noopener\">Szef MSZ W\u0119gier oskar\u017ca UE. &#8222;Polityka Brukseli doprowadzi\u0142a do zagro\u017cenia wojn\u0105&#8221;<\/a>&nbsp;&nbsp;Onet<\/li>\n<\/ol>\n","protected":false},"excerpt":{"rendered":"Szijjarto: Bruksela b\u0142\u0105dzi, zagra\u017caj\u0105c Europie&nbsp;&nbsp;WP Wiadomo\u015bci Szef MSZ W\u0119gier oskar\u017ca UE. &#8222;Doprowadzi\u0142a do zagro\u017cenia wojn\u0105&#8221;&nbsp;&nbsp;Onet Wiadomo\u015bci Szijj\u00e1rt\u00f3: Nie&hellip;\n","protected":false},"author":2,"featured_media":179224,"comment_status":"","ping_status":"","sticky":false,"template":"","format":"standard","meta":{"footnotes":""},"categories":[14],"tags":[32,33,27,34,35,28,31,25,40,41,80,29,30,26,82,83,84],"class_list":{"0":"post-179223","1":"post","2":"type-post","3":"status-publish","4":"format-standard","5":"has-post-thumbnail","7":"category-swiat","8":"tag-breaking-news","9":"tag-breakingnews","10":"tag-headlines","11":"tag-latest-news","12":"tag-latestnews","13":"tag-naglowki","14":"tag-najwazniejsze-artykuly","15":"tag-news","16":"tag-polish","17":"tag-polski","18":"tag-swiat","19":"tag-top-stories","20":"tag-topstories","21":"tag-wiadomosci","22":"tag-world","23":"tag-world-news","24":"tag-worldnews"},"share_on_mastodon":{"url":"https:\/\/pubeurope.com\/@pl\/115811922884034107","error":""},"_links":{"self":[{"href":"https:\/\/www.europesays.com\/pl\/wp-json\/wp\/v2\/posts\/179223","targetHints":{"allow":["GET"]}}],"collection":[{"href":"https:\/\/www.europesays.com\/pl\/wp-json\/wp\/v2\/posts"}],"about":[{"href":"https:\/\/www.europesays.com\/pl\/wp-json\/wp\/v2\/types\/post"}],"author":[{"embeddable":true,"href":"https:\/\/www.europesays.com\/pl\/wp-json\/wp\/v2\/users\/2"}],"replies":[{"embeddable":true,"href":"https:\/\/www.europesays.com\/pl\/wp-json\/wp\/v2\/comments?post=179223"}],"version-history":[{"count":0,"href":"https:\/\/www.europesays.com\/pl\/wp-json\/wp\/v2\/posts\/179223\/revisions"}],"wp:featuredmedia":[{"embeddable":true,"href":"https:\/\/www.europesays.com\/pl\/wp-json\/wp\/v2\/media\/179224"}],"wp:attachment":[{"href":"https:\/\/www.europesays.com\/pl\/wp-json\/wp\/v2\/media?parent=179223"}],"wp:term":[{"taxonomy":"category","embeddable":true,"href":"https:\/\/www.europesays.com\/pl\/wp-json\/wp\/v2\/categories?post=179223"},{"taxonomy":"post_tag","embeddable":true,"href":"https:\/\/www.europesays.com\/pl\/wp-json\/wp\/v2\/tags?post=179223"}],"curies":[{"name":"wp","href":"https:\/\/api.w.org\/{rel}","templated":true}]}}