{"id":179225,"date":"2025-12-31T02:56:18","date_gmt":"2025-12-31T02:56:18","guid":{"rendered":"https:\/\/www.europesays.com\/pl\/179225\/"},"modified":"2025-12-31T02:56:18","modified_gmt":"2025-12-31T02:56:18","slug":"maciej-maciusiak-wyroznil-kacpra-tomasiaka-w-turnieju-czterech-skoczni-poradzil-sobie-swietnie-sport-tvp-pl","status":"publish","type":"post","link":"https:\/\/www.europesays.com\/pl\/179225\/","title":{"rendered":"Maciej Maciusiak wyr\u00f3\u017cni\u0142 Kacpra Tomasiaka w Turnieju Czterech Skoczni. &quot;Poradzi\u0142 sobie \u015bwietnie&quot; &#8211; sport.tvp.pl"},"content":{"rendered":"<ol>\n<li><a href=\"https:\/\/news.google.com\/rss\/articles\/CBMiwgFBVV95cUxOOE9hekQ5UDJQb3VhMlg2MFpMalo1WVBTYjhVWTViZjRzVnZPSkdNRjBfLXdmejExSHdwTmFpZVhXSmJLZnd6eXNtS2l5RURIbkJKbUVxdjR6T3hGUEU5ejlSSGlqTUk0UW1tTnpjcl9INXY0NnppMHR4bTNqeUxRUElDU3dtYTF4STZzdEQweW9DZGRScUJNLVh6QVA2c0dvUDhRYWthRnVUTDF6WXVCNFBOeTZ3eVhsWXVkQ0p4VW1Cd9IBxwFBVV95cUxOdEtTQlRMQkx6SjcxQzF1Sk84N0NtazZOWUJudnlKeDNFbGlIeDg5d1UxejYyTVZEcUloRU9VWUhXbTFGME1qU3ZqN1ZzSHVPSUo1d05DQ2Q5YVExZHAtOS1wdnFqVFNhZGF4Vmt2bVd2T2VFQTRUeWNOaE80NjItUlBWQXFzbnNRMGpkQUVGczdUbEg4VHR6dnBRcWJBVGdxTEV2MDUzUmphOHU4TlF2QjV5UnVVajJCV29XX2ppS2lEOUdaQ3hj?oc=5\" target=\"_blank\" rel=\"nofollow noopener\">Maciej Maciusiak wyr\u00f3\u017cni\u0142 Kacpra Tomasiaka w Turnieju Czterech Skoczni. &#8222;Poradzi\u0142 sobie \u015bwietnie&#8221;<\/a>&nbsp;&nbsp;sport.tvp.pl<\/li>\n<li><a href=\"https:\/\/news.google.com\/rss\/articles\/CBMi0gFBVV95cUxPcTBpQUMwYzVPX1YzTl9aWkt5TVFNbWdTMXkyTmo0dFRVcDdSMTFIX1p5QVRCNHJiUWxzUy1DODAzS2JMRUV5ZkttR3dxbU5MMUNGbDgzWDl2YkxxRFJvSTVPdzBpNjBIOHVrd1hLY2NCbGJDS21TYXkzSTF2cUd6Y1g2eXFYZTJHV1kwOFVUOVRSRXZPV3JyTndGM0JCNkVvdmJjOHdwbjRuZzZmeE4wU0lxZHFuNFBmTzl2eVhtUnU4bXhkZzNBT1RSNzN5RVNOQnc?oc=5\" target=\"_blank\" rel=\"nofollow noopener\">Kacper Tomasiak wszystko wyliczy\u0142. Wystarczy\u0142 jeden skok<\/a>&nbsp;&nbsp;Przegl\u0105d Sportowy Onet<\/li>\n<li><a href=\"https:\/\/news.google.com\/rss\/articles\/CBMiqgFBVV95cUxPUlBIanpSN2dmVDU0Y2puV1pUb1VCWTlxVmFSMDd5anhnaFlXRTAzQmI2OFZaWXZIb19CYkE0aUVBcGV4WVBjWmtxZmlBb0xId016ajVmMHRBOHZ3OVpTWG1leDRFUlpXRk81TFJpRFJiUmNQRUplcy0xT2NPQUpqNWtiOUdhdDZGNEhpSlFIQWoxamxmMnRScDFqNVRfcGZiZE91OVV4Y0tCQQ?oc=5\" target=\"_blank\" rel=\"nofollow noopener\">Tajner ostrzega ws. Tomasiaka. &#8222;Gorsza dyspozycja nadejdzie&#8221;<\/a>&nbsp;&nbsp;Meczyki.pl<\/li>\n<li><a href=\"https:\/\/news.google.com\/rss\/articles\/CBMiwwFBVV95cUxOdkdjQWRGTEpQQ0pXTUFwVDN1SUZpb0ZWQlk3NWI3M0drX21TNHlaZWtkZTNqUTlZelBHdUxXUU9vemtjWUoxZngxVDdzQ1ZORGh2NFdmY2NYTmV4RUhYYm1iQ01YQTdZM2w5VjF3dEdlRXlVWDBNOGVlbmplLTJ0NWxxTXRtRFlJRDNyU0tMdmhOVGRyTFpVazhlbFNfQWpjMXNPaElzUkprQmR1X1ZHeFhFenVqSTM0bldCa0NYckNuSjg?oc=5\" target=\"_blank\" rel=\"nofollow noopener\">Maciej Maciusiak zgani\u0142 Piotra \u017by\u0142\u0119. Surowa ocena startu Polak\u00f3w<\/a>&nbsp;&nbsp;Sport w INTERIA.PL<\/li>\n<li><a href=\"https:\/\/news.google.com\/rss\/articles\/CBMiqAFBVV95cUxPODJDNUVGTEtaWTR2T2Z2WEdzUElFS1lnNVFwUTVPa3Y5aTMzMmh3TXBqRDJhZGRJWEFkcl9OaTdJNkNtOU1vSExzV0dkWXlqYjdtY29PNEpNaTFUUjIwZU93SHFxTVkwVm1hMmtTa0JLY3RHdC1nSGpXUVN6anI2NmFuZnh4WVN5UjZpVV9NYlYtaWExejluRFNDcDVfblNSekpDdGRCSlU?oc=5\" target=\"_blank\" rel=\"nofollow noopener\">Legenda skok\u00f3w nie mo\u017ce si\u0119 nachwali\u0107 Polaka. Co za s\u0142owa<\/a>&nbsp;&nbsp;Sport.pl<\/li>\n<\/ol>\n","protected":false},"excerpt":{"rendered":"Maciej Maciusiak wyr\u00f3\u017cni\u0142 Kacpra Tomasiaka w Turnieju Czterech Skoczni. &#8222;Poradzi\u0142 sobie \u015bwietnie&#8221;&nbsp;&nbsp;sport.tvp.pl Kacper Tomasiak wszystko wyliczy\u0142. Wystarczy\u0142 jeden&hellip;\n","protected":false},"author":2,"featured_media":179226,"comment_status":"","ping_status":"","sticky":false,"template":"","format":"standard","meta":{"footnotes":""},"categories":[24],"tags":[16929,42,38,40,39,41,1538,127,334,126,29423],"class_list":{"0":"post-179225","1":"post","2":"type-post","3":"status-publish","4":"format-standard","5":"has-post-thumbnail","7":"category-sport","8":"tag-maciej-maciusiak","9":"tag-pl","10":"tag-poland","11":"tag-polish","12":"tag-polska","13":"tag-polski","14":"tag-skoki-narciarskie","15":"tag-sport","16":"tag-sport-tvp-pl","17":"tag-sports","18":"tag-turniej-czterech-skoczni"},"share_on_mastodon":{"url":"https:\/\/pubeurope.com\/@pl\/115811934712087929","error":""},"_links":{"self":[{"href":"https:\/\/www.europesays.com\/pl\/wp-json\/wp\/v2\/posts\/179225","targetHints":{"allow":["GET"]}}],"collection":[{"href":"https:\/\/www.europesays.com\/pl\/wp-json\/wp\/v2\/posts"}],"about":[{"href":"https:\/\/www.europesays.com\/pl\/wp-json\/wp\/v2\/types\/post"}],"author":[{"embeddable":true,"href":"https:\/\/www.europesays.com\/pl\/wp-json\/wp\/v2\/users\/2"}],"replies":[{"embeddable":true,"href":"https:\/\/www.europesays.com\/pl\/wp-json\/wp\/v2\/comments?post=179225"}],"version-history":[{"count":0,"href":"https:\/\/www.europesays.com\/pl\/wp-json\/wp\/v2\/posts\/179225\/revisions"}],"wp:featuredmedia":[{"embeddable":true,"href":"https:\/\/www.europesays.com\/pl\/wp-json\/wp\/v2\/media\/179226"}],"wp:attachment":[{"href":"https:\/\/www.europesays.com\/pl\/wp-json\/wp\/v2\/media?parent=179225"}],"wp:term":[{"taxonomy":"category","embeddable":true,"href":"https:\/\/www.europesays.com\/pl\/wp-json\/wp\/v2\/categories?post=179225"},{"taxonomy":"post_tag","embeddable":true,"href":"https:\/\/www.europesays.com\/pl\/wp-json\/wp\/v2\/tags?post=179225"}],"curies":[{"name":"wp","href":"https:\/\/api.w.org\/{rel}","templated":true}]}}