{"id":179227,"date":"2025-12-31T03:00:09","date_gmt":"2025-12-31T03:00:09","guid":{"rendered":"https:\/\/www.europesays.com\/pl\/179227\/"},"modified":"2025-12-31T03:00:09","modified_gmt":"2025-12-31T03:00:09","slug":"wojska-amerykanskie-na-ukrainie-zelenski-silne-gwarancje-bezpieczenstwa","status":"publish","type":"post","link":"https:\/\/www.europesays.com\/pl\/179227\/","title":{"rendered":"Wojska ameryka\u0144skie na Ukrainie? Ze\u0142enski: Silne gwarancje bezpiecze\u0144stwa"},"content":{"rendered":"<p>2025-12-30 17:47, akt.2025-12-30 18:34<\/p>\n<p>publikacja<br \/>2025-12-30 17:47<\/p>\n<p>aktualizacja<br \/>2025-12-30 18:34<\/p>\n<p>Podziel si\u0119<\/p>\n<p>Ukraina rozmawia z prezydentem USA Donaldem Trumpem i przedstawicielami koalicji ch\u0119tnych mo\u017cliwo\u015b\u0107 rozmieszczenia ameryka\u0144skich wojsk w ramach gwarancji bezpiecze\u0144stwa, jednak decyzja zale\u017cy od Waszyngtonu \u2013 o\u015bwiadczy\u0142 we wtorek prezydent Ukrainy Wo\u0142odymyr Ze\u0142enski.<\/p>\n<p><img decoding=\"async\" class=\"o-graphics-multiobject__inner-blurry-picture-img\" src=\"https:\/\/www.europesays.com\/pl\/wp-content\/uploads\/2025\/12\/846493dc5b1cfb-948-568-130-160-3870-2321.jpg\" width=\"948\" height=\"568\" alt=\"Wojska ameryka\u0144skie na Ukrainie? Ze\u0142enski: Silne gwarancje bezpiecze\u0144stwa\" loading=\"lazy\"\/><img decoding=\"async\" class=\"o-graphics-multiobject__item webfeedsFeaturedVisual\" src=\"https:\/\/www.europesays.com\/pl\/wp-content\/uploads\/2025\/12\/846493dc5b1cfb-948-568-130-160-3870-2321.jpg\" width=\"948\" height=\"568\" alt=\"Wojska ameryka\u0144skie na Ukrainie? Ze\u0142enski: Silne gwarancje bezpiecze\u0144stwa\" loading=\"lazy\"\/>fot. Joshua Sukoff \/ \/\u00a0Shutterstock <\/p>\n<p>\u201eMo\u017ce to potwierdzi\u0107 prezydent USA \u2013 s\u0105 to wojska ameryka\u0144skie, dlatego to w\u0142a\u015bnie Ameryka podejmuje takie decyzje. Oczywi\u015bcie omawiamy to zar\u00f3wno z prezydentem Trumpem, jak i z przedstawicielami koalicji ch\u0119tnych. By\u0142aby to silna pozycja w ramach gwarancji bezpiecze\u0144stwa\u201d \u2013 powiedzia\u0142 Ze\u0142enski.<\/p>\n<p>Szef pa\u0144stwa ukrai\u0144skiego doda\u0142 na czacie z dziennikarzami w aplikacji WhatsApp, \u017ce Kij\u00f3w jest zdecydowany kontynuowa\u0107 rozmowy na temat zako\u0144czenia wojny, zaznaczaj\u0105c, i\u017c jest got\u00f3w spotka\u0107 si\u0119 z przyw\u00f3dc\u0105 Rosji W\u0142adimir Putin w dowolnym formacie.<\/p>\n<p>Dziennikarze pytali Ze\u0142enskiego m.in. o doniesienia z Moskwy na temat rzekomego ataku ukrai\u0144skich wojsk dronowych na rezydencj\u0119 Putina w obwodzie nowogrodzkim.<\/p>\n<p>\u201eTo, co dotyczy ataku na Wa\u0142daj: nasza grupa negocjacyjna po\u0142\u0105czy\u0142a si\u0119 z ameryka\u0144sk\u0105 grup\u0105, zosta\u0142y om\u00f3wione szczeg\u00f3\u0142y i my rozumiemy \u017ce to fejk. Bez w\u0105tpienia nasi partnerzy, dzi\u0119ki swoim mo\u017cliwo\u015bciom technicznym, mog\u0105 zawsze sprawdzi\u0107 i przekona\u0107 si\u0119, \u017ce by\u0142 to fejk\u201d \u2013 podkre\u015bli\u0142.<\/p>\n<p>Ze\u0142enski wypowiedzia\u0142 si\u0119 tak\u017ce podczas czatu z dziennikarzami na temat potencjalnego referendum w sprawie oddania Rosji terytori\u00f3w Ukrainy.<\/p>\n<blockquote>\n<p>Rosja nie chce \u017cadnego referendum. Referendum potrzebuje bezpiecze\u0144stwa \u2013 oni nie chc\u0105 go nam da\u0107. (\u2026) Nie mo\u017cna przeprowadzi\u0107 referendum bez bezpiecznej infrastruktury. Uwa\u017cam, \u017ce b\u0119d\u0105 oni (Rosjanie \u2013 PAP) szuka\u0107 przyczyn (by referendum nie odby\u0142o si\u0119 \u2013 PAP). I b\u0119d\u0105 ich szuka\u0107 stale, alby nie dosz\u0142o do wstrzymania walk \u2013 o\u015bwiadczy\u0142 ukrai\u0144ski prezydent.<\/p>\n<\/blockquote>\n<p>Z Kijowa Jaros\u0142aw Junko (PAP)<\/p>\n<p>jjk\/ ap\/<\/p>\n<p>Podziel si\u0119<\/p>\n<p>Tematy<\/p>\n","protected":false},"excerpt":{"rendered":"2025-12-30 17:47, akt.2025-12-30 18:34 publikacja2025-12-30 17:47 aktualizacja2025-12-30 18:34 Podziel si\u0119 Ukraina rozmawia z prezydentem USA Donaldem Trumpem i&hellip;\n","protected":false},"author":2,"featured_media":179228,"comment_status":"","ping_status":"","sticky":false,"template":"","format":"standard","meta":{"footnotes":""},"categories":[14],"tags":[32,33,27,34,35,28,31,25,40,41,80,29,30,26,82,83,84],"class_list":{"0":"post-179227","1":"post","2":"type-post","3":"status-publish","4":"format-standard","5":"has-post-thumbnail","7":"category-swiat","8":"tag-breaking-news","9":"tag-breakingnews","10":"tag-headlines","11":"tag-latest-news","12":"tag-latestnews","13":"tag-naglowki","14":"tag-najwazniejsze-artykuly","15":"tag-news","16":"tag-polish","17":"tag-polski","18":"tag-swiat","19":"tag-top-stories","20":"tag-topstories","21":"tag-wiadomosci","22":"tag-world","23":"tag-world-news","24":"tag-worldnews"},"share_on_mastodon":{"url":"https:\/\/pubeurope.com\/@pl\/115811950442603573","error":""},"_links":{"self":[{"href":"https:\/\/www.europesays.com\/pl\/wp-json\/wp\/v2\/posts\/179227","targetHints":{"allow":["GET"]}}],"collection":[{"href":"https:\/\/www.europesays.com\/pl\/wp-json\/wp\/v2\/posts"}],"about":[{"href":"https:\/\/www.europesays.com\/pl\/wp-json\/wp\/v2\/types\/post"}],"author":[{"embeddable":true,"href":"https:\/\/www.europesays.com\/pl\/wp-json\/wp\/v2\/users\/2"}],"replies":[{"embeddable":true,"href":"https:\/\/www.europesays.com\/pl\/wp-json\/wp\/v2\/comments?post=179227"}],"version-history":[{"count":0,"href":"https:\/\/www.europesays.com\/pl\/wp-json\/wp\/v2\/posts\/179227\/revisions"}],"wp:featuredmedia":[{"embeddable":true,"href":"https:\/\/www.europesays.com\/pl\/wp-json\/wp\/v2\/media\/179228"}],"wp:attachment":[{"href":"https:\/\/www.europesays.com\/pl\/wp-json\/wp\/v2\/media?parent=179227"}],"wp:term":[{"taxonomy":"category","embeddable":true,"href":"https:\/\/www.europesays.com\/pl\/wp-json\/wp\/v2\/categories?post=179227"},{"taxonomy":"post_tag","embeddable":true,"href":"https:\/\/www.europesays.com\/pl\/wp-json\/wp\/v2\/tags?post=179227"}],"curies":[{"name":"wp","href":"https:\/\/api.w.org\/{rel}","templated":true}]}}