{"id":179235,"date":"2025-12-31T03:14:09","date_gmt":"2025-12-31T03:14:09","guid":{"rendered":"https:\/\/www.europesays.com\/pl\/179235\/"},"modified":"2025-12-31T03:14:09","modified_gmt":"2025-12-31T03:14:09","slug":"general-syrski-ocenil-punkt-planu-pokojowego-chodzi-o-liczebnosc-armii-ukrainy","status":"publish","type":"post","link":"https:\/\/www.europesays.com\/pl\/179235\/","title":{"rendered":"Genera\u0142 Syrski oceni\u0142 punkt planu pokojowego. Chodzi o liczebno\u015b\u0107 armii Ukrainy"},"content":{"rendered":"<p class=\"ods-c-paragraph \">\u2014 To liczba (wojskowych \u2014 PAP), jaka gwarantuje nam odparcie ponownej zbrojnej agresji. Ta liczba gwarantuje nam tak\u017ce planowy proces mobilizacji, bez ogranicze\u0144 \u2014 powiedzia\u0142 w poniedzia\u0142ek Syrski w wywiadzie dla ukrai\u0144skiej telewizji 24 Kana\u0142.<\/p>\n<p>Dalszy ci\u0105g artyku\u0142u pod materia\u0142em wideo<\/p>\n<p> Ile \u017co\u0142nierzy przewidziano w planie pokojowym dla Ukrainy? <\/p>\n<p> Jakie cele Rosji nie uda\u0142o si\u0119 zrealizowa\u0107 do 2025 roku? <\/p>\n<p> Czy genera\u0142 Syrski skomentowa\u0142 wycofanie wojsk z Donbasu? <\/p>\n<p> Jakie rozmowy prowadzone s\u0105 w sprawie planu pokojowego? <\/p>\n<p class=\"ods-c-paragraph \">Dow\u00f3dca odni\u00f3s\u0142 si\u0119 r\u00f3wnie\u017c do kwestii wycofania ukrai\u0144skich wojsk z nieokupowanej cz\u0119\u015bci Donbasu, co jest jednym z wymog\u00f3w strony rosyjskiej. \u2014 To jeden z wariant\u00f3w \u2014 skomentowa\u0142, dodaj\u0105c, \u017ce ta kwestia jest i jeszcze wielokrotnie b\u0119dzie dyskutowana w ramach negocjacji.<\/p>\n<p>   Plan pokojowy dla Ukrainy. Ograniczenie liczebno\u015bci armii<\/p>\n<p class=\"ods-c-paragraph \">Czwarty punkt 20-punktowego planu pokojowego, omawianego w ramach rozm\u00f3w pomi\u0119dzy USA, Ukrain\u0105 i Rosj\u0105, zak\u0142ada ograniczenie liczebno\u015bci armii ukrai\u0144skiej do 800 tys. \u017co\u0142nierzy.<\/p>\n<p class=\"ods-c-paragraph \">Naczelny dow\u00f3dca ukrai\u0144skiej armii zauwa\u017cy\u0142 tak\u017ce, \u017ce Rosji nie uda\u0142o si\u0119 osi\u0105gn\u0105\u0107 cel\u00f3w za\u0142o\u017conych na 2025 r. \u2014 Wr\u00f3g planowa\u0142 zaj\u0105\u0107 tereny obwod\u00f3w donieckiego, \u0142uga\u0144skiego, zaporoskiego i cz\u0119\u015b\u0107 dniepropietrowskiego oraz wysadzi\u0107 desanty pod Chersoniem. To si\u0119 nie uda\u0142o \u2014 podkre\u015bli\u0142 Syrski.<\/p>\n","protected":false},"excerpt":{"rendered":"\u2014 To liczba (wojskowych \u2014 PAP), jaka gwarantuje nam odparcie ponownej zbrojnej agresji. Ta liczba gwarantuje nam tak\u017ce&hellip;\n","protected":false},"author":2,"featured_media":179166,"comment_status":"","ping_status":"","sticky":false,"template":"","format":"standard","meta":{"footnotes":""},"categories":[14],"tags":[32,33,27,76,34,35,28,31,48,25,2381,46,13037,40,41,47,80,29,30,26,82,83,84],"class_list":{"0":"post-179235","1":"post","2":"type-post","3":"status-publish","4":"format-standard","5":"has-post-thumbnail","7":"category-swiat","8":"tag-breaking-news","9":"tag-breakingnews","10":"tag-headlines","11":"tag-inwazja_rosji_na_ukraine","12":"tag-latest-news","13":"tag-latestnews","14":"tag-naglowki","15":"tag-najwazniejsze-artykuly","16":"tag-nat_styl","17":"tag-news","18":"tag-oleksandr_syrski","19":"tag-omp","20":"tag-plan_pokojowy","21":"tag-polish","22":"tag-polski","23":"tag-screening_general","24":"tag-swiat","25":"tag-top-stories","26":"tag-topstories","27":"tag-wiadomosci","28":"tag-world","29":"tag-world-news","30":"tag-worldnews"},"share_on_mastodon":{"url":"https:\/\/pubeurope.com\/@pl\/115812005505664219","error":""},"_links":{"self":[{"href":"https:\/\/www.europesays.com\/pl\/wp-json\/wp\/v2\/posts\/179235","targetHints":{"allow":["GET"]}}],"collection":[{"href":"https:\/\/www.europesays.com\/pl\/wp-json\/wp\/v2\/posts"}],"about":[{"href":"https:\/\/www.europesays.com\/pl\/wp-json\/wp\/v2\/types\/post"}],"author":[{"embeddable":true,"href":"https:\/\/www.europesays.com\/pl\/wp-json\/wp\/v2\/users\/2"}],"replies":[{"embeddable":true,"href":"https:\/\/www.europesays.com\/pl\/wp-json\/wp\/v2\/comments?post=179235"}],"version-history":[{"count":0,"href":"https:\/\/www.europesays.com\/pl\/wp-json\/wp\/v2\/posts\/179235\/revisions"}],"wp:featuredmedia":[{"embeddable":true,"href":"https:\/\/www.europesays.com\/pl\/wp-json\/wp\/v2\/media\/179166"}],"wp:attachment":[{"href":"https:\/\/www.europesays.com\/pl\/wp-json\/wp\/v2\/media?parent=179235"}],"wp:term":[{"taxonomy":"category","embeddable":true,"href":"https:\/\/www.europesays.com\/pl\/wp-json\/wp\/v2\/categories?post=179235"},{"taxonomy":"post_tag","embeddable":true,"href":"https:\/\/www.europesays.com\/pl\/wp-json\/wp\/v2\/tags?post=179235"}],"curies":[{"name":"wp","href":"https:\/\/api.w.org\/{rel}","templated":true}]}}