{"id":179240,"date":"2025-12-31T03:31:20","date_gmt":"2025-12-31T03:31:20","guid":{"rendered":"https:\/\/www.europesays.com\/pl\/179240\/"},"modified":"2025-12-31T03:31:20","modified_gmt":"2025-12-31T03:31:20","slug":"pilka-nozna-barcelona-rozmawia-z-dusanem-vlahovicem","status":"publish","type":"post","link":"https:\/\/www.europesays.com\/pl\/179240\/","title":{"rendered":"Pi\u0142ka no\u017cna. Barcelona rozmawia z Dusanem Vlahovicem"},"content":{"rendered":"<p>Oto cel numer 1 dla Barcelony. Z\u0142e wie\u015bci dla Lewandowskiego<\/p>\n<p class=\"typography ids-typeset-body ids-typeset-body--preset-large link paragraph ids-paragraph ids-paragraph--default\">Teraz &#8222;Marca&#8221; zdradzi\u0142a, \u017ce Barcelona rozpocz\u0119\u0142a rozmowy z Dusanem Vlahoviciem. Serb obecnie jest pi\u0142karzem Juventusu, ale jego umowa wygasa z ko\u0144cem czerwca 2026 roku.<\/p>\n<p class=\"typography ids-typeset-body ids-typeset-body--preset-large link paragraph ids-paragraph ids-paragraph--default\">&#8211; To pierwszy kontakt, w kt\u00f3rym katalo\u0144ski klub chce wykorzysta\u0107 sytuacj\u0119 rynkow\u0105, jaka si\u0119 wytworzy\u0142a &#8211; donosi hiszpa\u0144ski portal, kt\u00f3ry podkre\u015bla, \u017ce celem Barcelony jest &#8222;pozyskanie zawodnika bez ponoszenia koszt\u00f3w lub wynegocjowanie odej\u015bcia na bardzo korzystnych warunkach&#8221;.<\/p>\n<p class=\"typography ids-typeset-body ids-typeset-body--preset-large link paragraph ids-paragraph ids-paragraph--default\">&#8222;Marca&#8221; zaznaczy\u0142a, \u017ce Barcelona ju\u017c od jakiego\u015b czasu pracuje nad ewentualnym nast\u0119pc\u0105 dla Lewandowskiego.<\/p>\n<blockquote role=\"blockquote\" class=\"quote ids-quote ids-quote--nosurface--short--medium\"><p>Flick uwa\u017ca Ferrana Torresa za niezb\u0119dnego napastnika, ale odej\u015bcie polskiego napastnika pozostawi\u0142oby luk\u0119, kt\u00f3r\u0105 Laporta chce wype\u0142ni\u0107 zawodnikiem najwy\u017cszej klasy, a rynek nie oferuje tak wielu tanich opcji jak Vlahovic\u00a0czytamy.<\/p><\/blockquote>\n<p class=\"typography ids-typeset-body ids-typeset-body--preset-large link paragraph ids-paragraph ids-paragraph--default\">25-letni Serb od 2022 roku gra w Juventusie. Wyst\u0105pi\u0142 on w 162 meczach, w kt\u00f3rych strzeli\u0142 64 gole. Do &#8222;Starej Damy&#8221; trafi\u0142 z Fiorentiny i kosztowa\u0142 ponad 80 mln euro.<\/p>\n<p>Robert Lewandowski powi\u0119ksza konto goli. \u201eTaki jest cel samego Flicka\u201d. WIDEOPolsat Box GoPOLSAT BOX GO<\/p>\n<p><img decoding=\"async\" class=\"ids-image-holder__img\" loading=\"lazy\" alt=\"Pi\u0142karz w koszulce Barcelony z uniesion\u0105 r\u0119k\u0105 do g\u0142owy, w tle widoczne rozmyte trybuny. W okr\u0105g\u0142ym wstawionym kadrze m\u0119\u017cczyzna w garniturze na tle logo klubu FC Barcelona.\" title=\"Joan Laporta szuka nast\u0119pcy Roberta Lewandowskiego. I chyba mo\u017ce wykre\u015bli\u0107 jedno nazwisko\" width=\"1920\" height=\"1258\" src=\"https:\/\/www.europesays.com\/pl\/wp-content\/uploads\/2025\/12\/000LZFZ7L083UX8C-C323-F4.webp.webp\"\/><\/p>\n<p>Joan Laporta szuka nast\u0119pcy Roberta Lewandowskiego. I chyba mo\u017ce wykre\u015bli\u0107 jedno nazwiskoUrbanandsport\/NurPhoto) (Photo by Urbanandsport \/ NurPhoto \/ NurPhoto via AFP &#8211; Urbanandsport \/ NurPhoto \/ NurPhoto via AFPAFP<\/p>\n<p><img decoding=\"async\" class=\"ids-image-holder__img\" loading=\"lazy\" alt=\"Pi\u0142karz w stroju dru\u017cyny FC Barcelona trzyma r\u0119ce na g\u0142owie, wyra\u017caj\u0105c rozczarowanie lub frustracj\u0119. Jego twarz zwr\u00f3cona jest w d\u00f3\u0142, a t\u0142o stanowi\u0105 nieostre sylwetki publiczno\u015bci.\" title=\"Robert Lewandowski\u00a0\" width=\"2000\" height=\"1332\" src=\"https:\/\/www.europesays.com\/pl\/wp-content\/uploads\/2025\/12\/1767151879_427_000M4DDDS6KCXQWD-C323-F4.webp.webp\"\/><\/p>\n<p>Robert Lewandowski\u00a0ZUMA Press Wire\/ShutterstockEast News<\/p>\n<p><img decoding=\"async\" class=\"ids-image-holder__img\" loading=\"lazy\" alt=\"Pi\u0142karz w stroju Barcelony z zabanda\u017cowan\u0105 r\u0119k\u0105 zakrywa twarz d\u0142o\u0144mi, wyra\u017caj\u0105c silne emocje. Posta\u0107 znajduje si\u0119 na tle rozmytego stadionu.\" title=\"Robert Lewandowski\" width=\"873\" height=\"494\" src=\"https:\/\/www.europesays.com\/pl\/wp-content\/uploads\/2025\/12\/000M3GXES9TFP83R-C323-F4.webp.webp\"\/><\/p>\n<p>Robert LewandowskiXavi Urgeles\/ZUMA Press Wire\/ShuEast News<\/p>\n<p><a class=\"ids-undecorated-link source ids-page-info--source__link\" href=\"https:\/\/www.interia.pl\" rel=\"nofollow noopener\" target=\"_blank\"><img decoding=\"async\" class=\"ids-image-holder__img\" loading=\"lazy\" alt=\"\" title=\"\" height=\"24px\" src=\"https:\/\/www.europesays.com\/pl\/wp-content\/uploads\/2025\/12\/1767151880_413_0009A60QQ5I2TYF7-C202-F4.webp.webp\"\/><\/a><\/p>\n<p>Masz sugestie, uwagi albo widzisz b\u0142\u0105d? Napisz do nas<\/p>\n","protected":false},"excerpt":{"rendered":"Oto cel numer 1 dla Barcelony. Z\u0142e wie\u015bci dla Lewandowskiego Teraz &#8222;Marca&#8221; zdradzi\u0142a, \u017ce Barcelona rozpocz\u0119\u0142a rozmowy z&hellip;\n","protected":false},"author":2,"featured_media":179241,"comment_status":"","ping_status":"","sticky":false,"template":"","format":"standard","meta":{"footnotes":""},"categories":[24],"tags":[42,38,40,39,41,127,126],"class_list":{"0":"post-179240","1":"post","2":"type-post","3":"status-publish","4":"format-standard","5":"has-post-thumbnail","7":"category-sport","8":"tag-pl","9":"tag-poland","10":"tag-polish","11":"tag-polska","12":"tag-polski","13":"tag-sport","14":"tag-sports"},"share_on_mastodon":{"url":"https:\/\/pubeurope.com\/@pl\/115812072433400829","error":""},"_links":{"self":[{"href":"https:\/\/www.europesays.com\/pl\/wp-json\/wp\/v2\/posts\/179240","targetHints":{"allow":["GET"]}}],"collection":[{"href":"https:\/\/www.europesays.com\/pl\/wp-json\/wp\/v2\/posts"}],"about":[{"href":"https:\/\/www.europesays.com\/pl\/wp-json\/wp\/v2\/types\/post"}],"author":[{"embeddable":true,"href":"https:\/\/www.europesays.com\/pl\/wp-json\/wp\/v2\/users\/2"}],"replies":[{"embeddable":true,"href":"https:\/\/www.europesays.com\/pl\/wp-json\/wp\/v2\/comments?post=179240"}],"version-history":[{"count":0,"href":"https:\/\/www.europesays.com\/pl\/wp-json\/wp\/v2\/posts\/179240\/revisions"}],"wp:featuredmedia":[{"embeddable":true,"href":"https:\/\/www.europesays.com\/pl\/wp-json\/wp\/v2\/media\/179241"}],"wp:attachment":[{"href":"https:\/\/www.europesays.com\/pl\/wp-json\/wp\/v2\/media?parent=179240"}],"wp:term":[{"taxonomy":"category","embeddable":true,"href":"https:\/\/www.europesays.com\/pl\/wp-json\/wp\/v2\/categories?post=179240"},{"taxonomy":"post_tag","embeddable":true,"href":"https:\/\/www.europesays.com\/pl\/wp-json\/wp\/v2\/tags?post=179240"}],"curies":[{"name":"wp","href":"https:\/\/api.w.org\/{rel}","templated":true}]}}