{"id":179254,"date":"2025-12-31T04:03:07","date_gmt":"2025-12-31T04:03:07","guid":{"rendered":"https:\/\/www.europesays.com\/pl\/179254\/"},"modified":"2025-12-31T04:03:07","modified_gmt":"2025-12-31T04:03:07","slug":"nie-zyje-tatiana-schlossberg-wnuczka-johna-f-kennedyego-miala-35-lat","status":"publish","type":"post","link":"https:\/\/www.europesays.com\/pl\/179254\/","title":{"rendered":"Nie \u017cyje Tatiana Schlossberg. Wnuczka Johna F. Kennedy&#8217;ego mia\u0142a 35 lat"},"content":{"rendered":"<p> Nie \u017cyje wnuczka Johna F. Kennedy&#8217;ego<\/p>\n<p class=\"art_paragraph\">Tatiana Celia Kennedy Schlossberg by\u0142a dziennikark\u0105 zajmuj\u0105c\u0105 si\u0119 tematyk\u0105 ekologiczn\u0105. Publikowa\u0142a w takich pismach jak m.in. &#8222;The New York Times&#8221;, &#8222;The <a href=\"https:\/\/wiadomosci.gazeta.pl\/washington-post#anchorLink\" rel=\"nofollow noopener\" target=\"_blank\">Washington Post<\/a>&#8222;, &#8222;Vanity Fair&#8221;. By\u0142a te\u017c autork\u0105 ksi\u0105\u017cki &#8222;Ukryta konsumpcja. Wp\u0142yw na \u015brodowisko, z kt\u00f3rego nawet nie zdajesz sobie sprawy&#8221;. W 2024 r. u dziennikarki wykryto ostr\u0105 bia\u0142aczk\u0119 szpikow\u0105. Tatiana Schlossberg by\u0142a c\u00f3rk\u0105 projektanta i artysty Edwina Schlossberga oraz pisarki i dyplomatki Caroline Kennedy, a tak\u017ce wnuczk\u0105 35. prezydenta Stan\u00f3w Zjednoczonych Johna F. Kennedy&#8217;ego i pierwszej damy USA Jackie Kennedy.\u00a0<\/p>\n<p> Tragiczne wydarzenia w rodzinie Kennedych<\/p>\n<p class=\"art_paragraph\">W 1944 r. brat Johna F. Kennedy&#8217;ego, Joseph Kennedy Jr., zgin\u0105\u0142 jako pilot bombowca. Cztery lata p\u00f3\u017aniej w <a href=\"https:\/\/wiadomosci.gazeta.pl\/wiadomosci\/7,114881,29832945,setki-zabitych-i-rannych-to-najwieksza-katastrofa-kolejowa.html#anchorLink\" rel=\"nofollow noopener\" target=\"_blank\">katastrofie<\/a> lotniczej zgin\u0119\u0142a siostra, Kathleen. W 1956 r. zmar\u0142a podczas narodzin c\u00f3rka Johna F. Kennedy&#8217;ego, Arabella, a siedem lat p\u00f3\u017aniej zmar\u0142 jego syn, Patrick (dwa dni po narodzinach). Prezydent\u00a0USA zgin\u0105\u0142 w 1963 r. w wyniku zamachu w Dallas, a w 1968 r.\u00a0zosta\u0142 zamordowany jego brat, Robert F. Kennedy.\u00a0Syn\u00a0Roberta, David, zmar\u0142 po przedawkowaniu <a href=\"https:\/\/wiadomosci.gazeta.pl\/narkotyki#anchorLink\" rel=\"nofollow noopener\" target=\"_blank\">narkotyk\u00f3w<\/a>, a\u00a0drugi z syn\u00f3w, Michael straci\u0142 \u017cycie\u00a0w wyniku wypadku\u00a0na <a href=\"https:\/\/podroze.gazeta.pl\/narty#anchorLink\" rel=\"nofollow noopener\" target=\"_blank\">nartach<\/a>. Syn <a href=\"https:\/\/wiadomosci.gazeta.pl\/prezydent-usa#anchorLink\" rel=\"nofollow noopener\" target=\"_blank\">prezydenta USA<\/a>, John F. Kennedy Jr., zgin\u0105\u0142 w katastrofie lotniczej z \u017con\u0105 i szwagierk\u0105.\u00a0W 2019 roku z powodu przedawkowania narkotyk\u00f3w zmar\u0142a 22-letnia Saoirse, wnuczka Roberta F. Kennedy&#8217;ego. Nieca\u0142y rok p\u00f3\u017aniej zgin\u0119\u0142a podczas sp\u0142ywu kajakowego druga z wnuczek Roberta, Maeve wraz z 8-letnim synem.\u00a0<\/p>\n<p>\n    Zobacz wideo Ellison chce, by wszystkie dane na nasz temat wrzuca\u0107 do AI\n  <\/p>\n<p class=\"art_paragraph\">Czytaj r\u00f3wnie\u017c: <a href=\"https:\/\/wiadomosci.gazeta.pl\/swiat\/7,198077,32499260,europejscy-liderzy-mieli-ostrzegac-zelenskiego-przed-wizyta.html\" class=\"art_link\" rel=\"dofollow noopener\" target=\"_blank\">Europejscy liderzy mieli ostrzega\u0107 Ze\u0142enskiego przed wizyt\u0105 u Trumpa. &#8222;Prosz\u0119, uwa\u017caj<\/a>&#8222;<\/p>\n<p class=\"art_paragraph\">\u0179r\u00f3d\u0142o: IAR<\/p>\n","protected":false},"excerpt":{"rendered":"Nie \u017cyje wnuczka Johna F. Kennedy&#8217;ego Tatiana Celia Kennedy Schlossberg by\u0142a dziennikark\u0105 zajmuj\u0105c\u0105 si\u0119 tematyk\u0105 ekologiczn\u0105. Publikowa\u0142a w&hellip;\n","protected":false},"author":2,"featured_media":179255,"comment_status":"","ping_status":"","sticky":false,"template":"","format":"standard","meta":{"footnotes":""},"categories":[14],"tags":[32,33,27,34,35,28,31,25,40,41,80,29,30,26,82,83,84],"class_list":{"0":"post-179254","1":"post","2":"type-post","3":"status-publish","4":"format-standard","5":"has-post-thumbnail","7":"category-swiat","8":"tag-breaking-news","9":"tag-breakingnews","10":"tag-headlines","11":"tag-latest-news","12":"tag-latestnews","13":"tag-naglowki","14":"tag-najwazniejsze-artykuly","15":"tag-news","16":"tag-polish","17":"tag-polski","18":"tag-swiat","19":"tag-top-stories","20":"tag-topstories","21":"tag-wiadomosci","22":"tag-world","23":"tag-world-news","24":"tag-worldnews"},"share_on_mastodon":{"url":"https:\/\/pubeurope.com\/@pl\/115812198138057974","error":""},"_links":{"self":[{"href":"https:\/\/www.europesays.com\/pl\/wp-json\/wp\/v2\/posts\/179254","targetHints":{"allow":["GET"]}}],"collection":[{"href":"https:\/\/www.europesays.com\/pl\/wp-json\/wp\/v2\/posts"}],"about":[{"href":"https:\/\/www.europesays.com\/pl\/wp-json\/wp\/v2\/types\/post"}],"author":[{"embeddable":true,"href":"https:\/\/www.europesays.com\/pl\/wp-json\/wp\/v2\/users\/2"}],"replies":[{"embeddable":true,"href":"https:\/\/www.europesays.com\/pl\/wp-json\/wp\/v2\/comments?post=179254"}],"version-history":[{"count":0,"href":"https:\/\/www.europesays.com\/pl\/wp-json\/wp\/v2\/posts\/179254\/revisions"}],"wp:featuredmedia":[{"embeddable":true,"href":"https:\/\/www.europesays.com\/pl\/wp-json\/wp\/v2\/media\/179255"}],"wp:attachment":[{"href":"https:\/\/www.europesays.com\/pl\/wp-json\/wp\/v2\/media?parent=179254"}],"wp:term":[{"taxonomy":"category","embeddable":true,"href":"https:\/\/www.europesays.com\/pl\/wp-json\/wp\/v2\/categories?post=179254"},{"taxonomy":"post_tag","embeddable":true,"href":"https:\/\/www.europesays.com\/pl\/wp-json\/wp\/v2\/tags?post=179254"}],"curies":[{"name":"wp","href":"https:\/\/api.w.org\/{rel}","templated":true}]}}