{"id":179266,"date":"2025-12-31T04:24:08","date_gmt":"2025-12-31T04:24:08","guid":{"rendered":"https:\/\/www.europesays.com\/pl\/179266\/"},"modified":"2025-12-31T04:24:08","modified_gmt":"2025-12-31T04:24:08","slug":"niemcy-skandal-w-elitarnej-jednostce-wojskowej-dw-30-12-2025","status":"publish","type":"post","link":"https:\/\/www.europesays.com\/pl\/179266\/","title":{"rendered":"Niemcy. Skandal w elitarnej jednostce wojskowej \u2013 DW \u2013 30.12.2025"},"content":{"rendered":"<p>Minister obrony Niemiec <a class=\"internal-link\" href=\"https:\/\/www.dw.com\/pl\/boris-pistorius\/t-64461230\" rel=\"nofollow noopener\" target=\"_blank\">Boris Pistorius<\/a>\u00a0reaguje na skandal dotycz\u0105cy\u00a0spadochroniarzy Bundeswehry.\u00a0\u2013 Zg\u0142oszone przypadki prawicowego ekstremizmu, niew\u0142a\u015bciwego zachowania seksualnego i narkotyk\u00f3w w o\u015brodku w Zweibr\u00fccken s\u0105 wstrz\u0105saj\u0105ce\u00a0\u2013 stwierdzi\u0142 polityk SPD w rozmowie z DPA. Jak doda\u0142, stoj\u0105 w jawnej sprzeczno\u015bci z podstawowymi zasadami i warto\u015bciami, na kt\u00f3rych opiera si\u0119 <a class=\"internal-link\" href=\"https:\/\/www.dw.com\/pl\/bundeswehra\/t-42643236\" rel=\"nofollow noopener\" target=\"_blank\">Bundeswehra<\/a>.<\/p>\n<p>Po dochodzeniach w 26. Pu\u0142ku Spadochroniarzy w Zweibr\u00fccken w Nadrenii Palatynacie Bundeswehra zwolni\u0142a ju\u017c kilku \u017co\u0142nierzy i zapowiedzia\u0142a kolejne dzia\u0142ania dyscyplinarne. Prokuratura prowadzi post\u0119powanie przeciwko 19 \u017co\u0142nierzom.<\/p>\n<p>Szef niemieckiego resortu obrony wyrazi\u0142 swoje niezadowolenie z pocz\u0105tkowej reakcji lokalnego dow\u00f3dztwa wojskowego na zg\u0142oszone przypadki. Cho\u0107 natychmiast rozpocz\u0119to dochodzenie, a wszystkie okoliczno\u015bci s\u0105 obecnie gruntownie wyja\u015bniane, wraz z podj\u0119ciem pierwszych surowych \u015brodk\u00f3w, minister zaznaczy\u0142: \u2013 Nieakceptowalne jest, \u017ce niew\u0142a\u015bciwe zachowanie nie zosta\u0142o od razu rozpoznane i odpowiednio ukarane. Musi to zosta\u0107 wyeliminowane.<\/p>\n<p><img data-format=\"MASTER_LANDSCAPE\" data-id=\"75029136\" data-url=\"https:\/\/static.dw.com\/image\/75029136_${formatId}.jpg\" data-aspect-ratio=\"16\/9\" alt=\"Szef niemieckiego resortu obrony Boris Pistorius\" style=\"padding-bottom: 56.25%; height: 0; max-height: 0;\"\/>Szef niemieckiego resortu obrony Boris PistoriusZdj\u0119cie: Sebastian Christoph Gollnow\/dpa\/picture alliance<\/p>\n<p>\u015arodki zaradcze<\/p>\n<p>Pistorius podkre\u015bli\u0142 swoj\u0105 wdzi\u0119czno\u015b\u0107 wobec inspektora armii, genera\u0142a\u00a0Christiana Freudinga, kt\u00f3ry niezw\u0142ocznie podj\u0105\u0142 kroki, by powstrzyma\u0107 dalsze niew\u0142a\u015bciwe zachowania. Freuding zamierza zebra\u0107 te dzia\u0142ania w \u201ePlanie operacyjnym wojsk powietrznodesantowych\u201d i zadba\u0107 o ich skuteczn\u0105 realizacj\u0119.<\/p>\n<p>\u2013 Dla mnie kluczowe jest, by najpierw wyja\u015bniono ka\u017cdy z ujawnionych incydent\u00f3w, po drugie \u2013 je\u015bli potwierdz\u0105 si\u0119 kolejne zarzuty \u2013 aby wyci\u0105gni\u0119te zosta\u0142y pe\u0142ne konsekwencje\u00a0\u2013 podkre\u015bli\u0142 <a class=\"internal-link\" href=\"https:\/\/www.dw.com\/pl\/niemcy-w-styczniu-rusza-rejestracja-do-s\u0142u\u017cby-wojskowej\/a-75253112\" rel=\"nofollow noopener\" target=\"_blank\">Boris Pistorius.<\/a> \u2013 Po trzecie, niezb\u0119dne jest przywr\u00f3cenie zaufania do lokalnego dow\u00f3dztwa wojskowego \u2013 doda\u0142.<\/p>\n<p>\u2013 Musimy jasno da\u0107 do zrozumienia, \u017ce w Bundeswehrze nie ma miejsca na ekstremizm, nadu\u017cycia seksualne ani narkotyki. Tak samo istotne jest, aby nikt nie ba\u0142 si\u0119 zg\u0142asza\u0107 takich incydent\u00f3w ani nie poczuwa\u0142 si\u0119 zobowi\u0105zany do fa\u0142szywej solidarno\u015bci z tymi, kt\u00f3rzy \u0142ami\u0105 wszelkie normy. Konieczne jest zapewnienie sta\u0142ej bezpiecznej przestrzeni, w kt\u00f3rej osoby poszkodowane b\u0119d\u0105 czu\u0142y si\u0119 chronione przy zg\u0142aszaniu tego typu incydent\u00f3w \u2013 o\u015bwiadczy\u0142 minister.<\/p>\n<p>(DPA\/jar)\u00a0<\/p>\n<p><a href=\"https:\/\/www.facebook.com\/dw.polski\" rel=\"nofollow noopener\" target=\"_blank\">Chcesz komentowa\u0107 nasze artyku\u0142y? Do\u0142\u0105cz do nas na Facebooku! &gt;&gt;<\/a><\/p>\n","protected":false},"excerpt":{"rendered":"Minister obrony Niemiec Boris Pistorius\u00a0reaguje na skandal dotycz\u0105cy\u00a0spadochroniarzy Bundeswehry.\u00a0\u2013 Zg\u0142oszone przypadki prawicowego ekstremizmu, niew\u0142a\u015bciwego zachowania seksualnego i narkotyk\u00f3w&hellip;\n","protected":false},"author":2,"featured_media":179267,"comment_status":"","ping_status":"","sticky":false,"template":"","format":"standard","meta":{"footnotes":""},"categories":[14],"tags":[32,33,27,34,35,28,31,25,40,41,80,29,30,26,82,83,84],"class_list":{"0":"post-179266","1":"post","2":"type-post","3":"status-publish","4":"format-standard","5":"has-post-thumbnail","7":"category-swiat","8":"tag-breaking-news","9":"tag-breakingnews","10":"tag-headlines","11":"tag-latest-news","12":"tag-latestnews","13":"tag-naglowki","14":"tag-najwazniejsze-artykuly","15":"tag-news","16":"tag-polish","17":"tag-polski","18":"tag-swiat","19":"tag-top-stories","20":"tag-topstories","21":"tag-wiadomosci","22":"tag-world","23":"tag-world-news","24":"tag-worldnews"},"share_on_mastodon":{"url":"https:\/\/pubeurope.com\/@pl\/115812280732542209","error":""},"_links":{"self":[{"href":"https:\/\/www.europesays.com\/pl\/wp-json\/wp\/v2\/posts\/179266","targetHints":{"allow":["GET"]}}],"collection":[{"href":"https:\/\/www.europesays.com\/pl\/wp-json\/wp\/v2\/posts"}],"about":[{"href":"https:\/\/www.europesays.com\/pl\/wp-json\/wp\/v2\/types\/post"}],"author":[{"embeddable":true,"href":"https:\/\/www.europesays.com\/pl\/wp-json\/wp\/v2\/users\/2"}],"replies":[{"embeddable":true,"href":"https:\/\/www.europesays.com\/pl\/wp-json\/wp\/v2\/comments?post=179266"}],"version-history":[{"count":0,"href":"https:\/\/www.europesays.com\/pl\/wp-json\/wp\/v2\/posts\/179266\/revisions"}],"wp:featuredmedia":[{"embeddable":true,"href":"https:\/\/www.europesays.com\/pl\/wp-json\/wp\/v2\/media\/179267"}],"wp:attachment":[{"href":"https:\/\/www.europesays.com\/pl\/wp-json\/wp\/v2\/media?parent=179266"}],"wp:term":[{"taxonomy":"category","embeddable":true,"href":"https:\/\/www.europesays.com\/pl\/wp-json\/wp\/v2\/categories?post=179266"},{"taxonomy":"post_tag","embeddable":true,"href":"https:\/\/www.europesays.com\/pl\/wp-json\/wp\/v2\/tags?post=179266"}],"curies":[{"name":"wp","href":"https:\/\/api.w.org\/{rel}","templated":true}]}}