{"id":179268,"date":"2025-12-31T04:28:14","date_gmt":"2025-12-31T04:28:14","guid":{"rendered":"https:\/\/www.europesays.com\/pl\/179268\/"},"modified":"2025-12-31T04:28:14","modified_gmt":"2025-12-31T04:28:14","slug":"oficjalne-wiesci-ws-schreiber-w-tancu-z-gwiazdami-sama-poinformowala-rmf-fm","status":"publish","type":"post","link":"https:\/\/www.europesays.com\/pl\/179268\/","title":{"rendered":"Oficjalne wie\u015bci ws. Schreiber w \u201eTa\u0144cu z gwiazdami\u201d. Sama poinformowa\u0142a :: RMF FM"},"content":{"rendered":"<p>Marianna Schreiber oficjalnie przekaza\u0142a wie\u015bci w sprawie udzia\u0142u w \u201eTa\u0144cu z gwiazdami\u201d. Wcze\u015bniej jej nazwisko pojawi\u0142o si\u0119 w mediach w kontek\u015bcie programu za spraw\u0105 notowa\u0144 bukmacherskich. Wpis internetowej celebrytki w tym temacie m\u00f3wi w\u0142a\u015bciwie wszystko.<\/p>\n<p><img decoding=\"async\" alt=\"\" src=\"https:\/\/www.europesays.com\/pl\/wp-content\/uploads\/2025\/12\/1d6cc016662153ffa44d4b87be1c9b74.jpg\" class=\"w-100\"\/><\/p>\n<p>Marianna Schreiber jasno o udziale w \u201eTa\u0144cu z gwiazdami\u201d, fot. Pawe\u0142 Wrzecion\/AKPA<\/p>\n<p>&#13;<br \/>\n\tBukmacherzy typuj\u0105 gwiazdy \u201eTa\u0144ca z gwiazdami 18\u201d<\/p>\n<p>&#13;<br \/>\n\t1 marca 2026 roku na anten\u0119 Polsatu powr\u00f3ci show \u201e<a href=\"https:\/\/www.rmf.fm\/magazyn\/tag,Dancing%20with%20the%20Stars.%20Taniec%20z%20gwiazdami.html\" rel=\"nofollow noopener\" target=\"_blank\">Dancing with the Stars. Taniec z gwiazdami<\/a>\u201d. Cho\u0107 stacja nie og\u0142osi\u0142a jeszcze oficjalnie gwiazd osiemnastej edycji, w mediach pojawiaj\u0105 si\u0119 coraz to nowsze doniesienia, a ostatnio g\u0142os zabrali tak\u017ce bukmacherzy. Jeden z organizator\u00f3w zak\u0142ad\u00f3w oceni\u0142, jakie s\u0105 szanse na udzia\u0142 kilku g\u0142o\u015bnych nazwisk w kt\u00f3rym\u015b z nadchodz\u0105cych sezon\u00f3w \u2013 wiosennym lub jesiennym.<\/p>\n<p>&#13;<br \/>\n\tNajwi\u0119ksze prawdopodobie\u0144stwo ewentualnego udzia\u0142u bukmacherzy widz\u0105 obecnie u dw\u00f3ch spo\u015br\u00f3d wszystkich wzi\u0119tych pod uwag\u0119 gwiazd \u2013 Dody oraz Marianny Schreiber. Dla obu kurs ustalono na 5.00, a im ta warto\u015b\u0107 jest bli\u017csza 1.00, tym szanse wy\u017csze. W zestawieniu pojawi\u0142y si\u0119 te\u017c m.in. nazwiska kilku sportowc\u00f3w:<\/p>\n<p>\t<a href=\"https:\/\/www.rmf.fm\/magazyn\/news,86841,uczestnicy-nowego-tanca-z-gwiazdami-bukmacherzy-wymienili-nazwiska.html\" rel=\"nofollow noopener\" target=\"_blank\"><img decoding=\"async\" src=\"https:\/\/www.europesays.com\/pl\/wp-content\/uploads\/2025\/12\/55f20fd6a5710ea05de5dbed882c0d33.jpg\" width=\"290\"\/><\/a><a href=\"https:\/\/www.rmf.fm\/magazyn\/news,86841,uczestnicy-nowego-tanca-z-gwiazdami-bukmacherzy-wymienili-nazwiska.html\" rel=\"nofollow noopener\" target=\"_blank\">Uczestnicy nowego \u201eTa\u0144ca z gwiazdami\u201d. Bukmacherzy wymienili nazwiska<\/a><\/p>\n<p>Na niewiele ponad dwa miesi\u0105ce przed startem nowej edycji show \u201eDancing with the Stars. Taniec z gwiazdami\u201d bukmacherzy podzielili si\u0119 swoimi przewidywaniami. Wskazali, na czyj udzia\u0142 s\u0105 najwi\u0119ksze szanse. Mowa m.in. o gwiazdach sportu.<\/p>\n<p>\n&#13;<br \/>\n\t<a href=\"https:\/\/www.rmf.fm\/magazyn\/tag,Marianna%20Schreiber.html\" rel=\"nofollow noopener\" target=\"_blank\">Marianna Schreiber<\/a> o udziale w \u201eTa\u0144cu z gwiazdami\u201d<\/p>\n<p>&#13;<br \/>\n\tDo typowa\u0144 bukmacher\u00f3w zd\u0105\u017cy\u0142a ju\u017c odnie\u015b\u0107 si\u0119 jedna z pojawiaj\u0105cych si\u0119 w ich notowaniach postaci. Marianna Schreiber, o kt\u00f3rej ostatnio by\u0142o g\u0142o\u015bno w kontek\u015bcie rozstania z Piotrem Korczarowskim, oficjalnie zabra\u0142a g\u0142os w swoich social mediach, zamieszczaj\u0105c tam wpis, kt\u00f3ry nie pozostawi\u0142 w\u0105tpliwo\u015bci w temacie jej podej\u015bcia do ewentualnego startu w \u201eTa\u0144cu z gwiazdami\u201d.<\/p>\n<p>&#13;<br \/>\n\tNa swoim Instagramie wyst\u0119puj\u0105ca wcze\u015bniej m.in. w programach \u201eTop Model\u201d i \u201eKr\u00f3lowe przetrwania\u201d internetowa celebrytka napisa\u0142a: \u201eBukmacherzy stawiaj\u0105, \u017ce Marianna Schreiber we\u017amie udzia\u0142 w kolejnej edycji \u201eTa\u0144ca z gwiazdami\u201d. Ja my\u015bl\u0119, \u017ce nie ud\u017awign\u0119liby\u015bcie tego na swoich telewizorach, a m\u0119scy osobnicy po tych okrutnych plotkach na m\u00f3j temat, nie chcieliby ze mn\u0105 ta\u0144czy\u0107 w parze\u201d.<\/p>\n<blockquote><p>&#13;<\/p>\n<p>&#13;<br \/>\n\t\tTak\u017ce sami widzicie\u2026 \u2013 podsumowa\u0142a.<\/p>\n<p>&#13;\n<\/p><\/blockquote>\n<blockquote class=\"instagram-media\" data-instgrm-captioned=\"\" data-instgrm-permalink=\"https:\/\/www.instagram.com\/p\/DS3CoPDCCbe\/?utm_source=ig_embed&amp;utm_campaign=loading\" data-instgrm-version=\"14\" style=\" background:#FFF; border:0; border-radius:3px; box-shadow:0 0 1px 0 rgba(0,0,0,0.5),0 1px 10px 0 rgba(0,0,0,0.15); margin: 1px; max-width:540px; min-width:326px; padding:0; width:99.375%; width:-webkit-calc(100% - 2px); width:calc(100% - 2px);\"\/>\n<p>\t\t\t\t\t\t<script async src=\"\/\/www.instagram.com\/embed.js\"><\/script><\/p>\n","protected":false},"excerpt":{"rendered":"Marianna Schreiber oficjalnie przekaza\u0142a wie\u015bci w sprawie udzia\u0142u w \u201eTa\u0144cu z gwiazdami\u201d. Wcze\u015bniej jej nazwisko pojawi\u0142o si\u0119 w&hellip;\n","protected":false},"author":2,"featured_media":179269,"comment_status":"","ping_status":"","sticky":false,"template":"","format":"standard","meta":{"footnotes":""},"categories":[22],"tags":[7315,122,2515,42,38,40,39,41,123,4930,23017,25917],"class_list":{"0":"post-179268","1":"post","2":"type-post","3":"status-publish","4":"format-standard","5":"has-post-thumbnail","7":"category-rozrywka","8":"tag-dancing-with-the-stars-taniec-z-gwiazdami","9":"tag-entertainment","10":"tag-marianna-schreiber","11":"tag-pl","12":"tag-poland","13":"tag-polish","14":"tag-polska","15":"tag-polski","16":"tag-rozrywka","17":"tag-taniec-z-gwiazdami","18":"tag-taniec-z-gwiazdami-18","19":"tag-taniec-z-gwiazdami-18-uczestnicy"},"share_on_mastodon":{"url":"https:\/\/pubeurope.com\/@pl\/115812296495109002","error":""},"_links":{"self":[{"href":"https:\/\/www.europesays.com\/pl\/wp-json\/wp\/v2\/posts\/179268","targetHints":{"allow":["GET"]}}],"collection":[{"href":"https:\/\/www.europesays.com\/pl\/wp-json\/wp\/v2\/posts"}],"about":[{"href":"https:\/\/www.europesays.com\/pl\/wp-json\/wp\/v2\/types\/post"}],"author":[{"embeddable":true,"href":"https:\/\/www.europesays.com\/pl\/wp-json\/wp\/v2\/users\/2"}],"replies":[{"embeddable":true,"href":"https:\/\/www.europesays.com\/pl\/wp-json\/wp\/v2\/comments?post=179268"}],"version-history":[{"count":0,"href":"https:\/\/www.europesays.com\/pl\/wp-json\/wp\/v2\/posts\/179268\/revisions"}],"wp:featuredmedia":[{"embeddable":true,"href":"https:\/\/www.europesays.com\/pl\/wp-json\/wp\/v2\/media\/179269"}],"wp:attachment":[{"href":"https:\/\/www.europesays.com\/pl\/wp-json\/wp\/v2\/media?parent=179268"}],"wp:term":[{"taxonomy":"category","embeddable":true,"href":"https:\/\/www.europesays.com\/pl\/wp-json\/wp\/v2\/categories?post=179268"},{"taxonomy":"post_tag","embeddable":true,"href":"https:\/\/www.europesays.com\/pl\/wp-json\/wp\/v2\/tags?post=179268"}],"curies":[{"name":"wp","href":"https:\/\/api.w.org\/{rel}","templated":true}]}}