{"id":179272,"date":"2025-12-31T04:35:19","date_gmt":"2025-12-31T04:35:19","guid":{"rendered":"https:\/\/www.europesays.com\/pl\/179272\/"},"modified":"2025-12-31T04:35:19","modified_gmt":"2025-12-31T04:35:19","slug":"scena-w-budowie-w-srode-powitamy-nowy-rok","status":"publish","type":"post","link":"https:\/\/www.europesays.com\/pl\/179272\/","title":{"rendered":"Scena w budowie, w \u015brod\u0119 powitamy Nowy Rok"},"content":{"rendered":"<p>\t\t<img decoding=\"async\" src=\"https:\/\/www.europesays.com\/pl\/wp-content\/uploads\/2025\/12\/scena_large.jpg\" itemprop=\"image\" alt=\"Scena w budowie, w \u015brod\u0119 powitamy Nowy Rok\"\/>\t<\/p>\n<p>\t\t\t<a href=\"https:\/\/miastokolobrzeg.pl\/wiadomosci.html\" rel=\"nofollow noopener\" target=\"_blank\">Informacje<\/a><\/p>\n<p>\t\t29\/12\/2025 17:56\t<\/p>\n<p style=\"text-align: justify;\">Skwer Pionier\u00f3w po raz ostatni stanie si\u0119 miejscem zabawy sylwestrowej, bo wkr\u00f3tce czeka go du\u017ca przebudowa. Dzi\u015b poinformowali\u015bmy o podpisaniu umowy na dofinansowanie inwestycji, kt\u00f3ra ca\u0142kowicie odmieni wygl\u0105d tego miejsca <a href=\"https:\/\/www.miastokolobrzeg.pl\/wiadomosci\/37381-skwer-pionierow-po-nowemu-podpisano-umowe-na-zielone-tarasy-kultury.html\" target=\"_blank\" rel=\"nofollow noopener\">[przeczytaj]<\/a>. Zanim jednak teren zmieni swoje oblicze, mieszka\u0144cy i go\u015bcie po\u017cegnaj\u0105 tu Stary Rok wsp\u00f3lnie podczas plenerowej imprezy.<\/p>\n<p style=\"text-align: justify;\">Przygotowania do wydarzenia ju\u017c ruszy\u0142y. Firma odpowiedzialna za realizacj\u0119 przedsi\u0119wzi\u0119cia rozpocz\u0119\u0142a monta\u017c sceny oraz o\u015bwietlenia. G\u0142\u00f3wna konstrukcja przyjmie form\u0119 radia w stylu boombox, co nada ca\u0142ej oprawie charakterystyczny i nawi\u0105zuj\u0105cy do muzyki klimat. To w\u0142a\u015bnie tu odb\u0119dzie si\u0119 tegoroczny koncert sylwestrowy.<\/p>\n<p style=\"text-align: justify;\">Zabawa rozpocznie si\u0119 31 grudnia o godzinie 21, gdy pierwszy set zagra DJ. P\u00f3\u017aniej na scenie pojawi si\u0119 duet Kalwi&amp;Remi, czyli gwiazda sylwestrowej nocy w Ko\u0142obrzegu. Impreza potrwa do godziny 2. O p\u00f3\u0142nocy przewidziano pokaz konfetti i tradycyjne \u017cyczenia od przedstawicieli w\u0142adz miasta.<\/p>\n<p style=\"text-align: justify;\">Dla uczestnik\u00f3w b\u0119dzie to nie tylko wsp\u00f3lne \u015bwi\u0119towanie Nowego Roku, ale te\u017c symboliczne po\u017cegnanie dotychczasowego oblicza Skweru Pionier\u00f3w, kt\u00f3ry ju\u017c wkr\u00f3tce przejdzie pe\u0142n\u0105 metamorfoz\u0119.<\/p>\n<p><img decoding=\"async\" style=\"display: block; margin-left: auto; margin-right: auto;\" src=\"https:\/\/www.europesays.com\/pl\/wp-content\/uploads\/2025\/12\/scena2.jpg\" width=\"800\" height=\"450\" loading=\"lazy\" data-path=\"local-images:\/stories\/foto\/2025\/012\/C\/scena2.jpg\"\/><\/p>\n<p><img decoding=\"async\" style=\"display: block; margin-left: auto; margin-right: auto;\" src=\"https:\/\/www.europesays.com\/pl\/wp-content\/uploads\/2025\/12\/scena1.jpg\" width=\"800\" height=\"450\" loading=\"lazy\" data-path=\"local-images:\/stories\/foto\/2025\/012\/C\/scena1.jpg\"\/><\/p>\n<p style=\"text-align: justify;\">\u00a0<\/p>\n","protected":false},"excerpt":{"rendered":"Informacje 29\/12\/2025 17:56 Skwer Pionier\u00f3w po raz ostatni stanie si\u0119 miejscem zabawy sylwestrowej, bo wkr\u00f3tce czeka go du\u017ca&hellip;\n","protected":false},"author":2,"featured_media":179273,"comment_status":"","ping_status":"","sticky":false,"template":"","format":"standard","meta":{"footnotes":""},"categories":[22],"tags":[122,42,38,40,39,41,123],"class_list":{"0":"post-179272","1":"post","2":"type-post","3":"status-publish","4":"format-standard","5":"has-post-thumbnail","7":"category-rozrywka","8":"tag-entertainment","9":"tag-pl","10":"tag-poland","11":"tag-polish","12":"tag-polska","13":"tag-polski","14":"tag-rozrywka"},"share_on_mastodon":{"url":"https:\/\/pubeurope.com\/@pl\/115812324043916868","error":""},"_links":{"self":[{"href":"https:\/\/www.europesays.com\/pl\/wp-json\/wp\/v2\/posts\/179272","targetHints":{"allow":["GET"]}}],"collection":[{"href":"https:\/\/www.europesays.com\/pl\/wp-json\/wp\/v2\/posts"}],"about":[{"href":"https:\/\/www.europesays.com\/pl\/wp-json\/wp\/v2\/types\/post"}],"author":[{"embeddable":true,"href":"https:\/\/www.europesays.com\/pl\/wp-json\/wp\/v2\/users\/2"}],"replies":[{"embeddable":true,"href":"https:\/\/www.europesays.com\/pl\/wp-json\/wp\/v2\/comments?post=179272"}],"version-history":[{"count":0,"href":"https:\/\/www.europesays.com\/pl\/wp-json\/wp\/v2\/posts\/179272\/revisions"}],"wp:featuredmedia":[{"embeddable":true,"href":"https:\/\/www.europesays.com\/pl\/wp-json\/wp\/v2\/media\/179273"}],"wp:attachment":[{"href":"https:\/\/www.europesays.com\/pl\/wp-json\/wp\/v2\/media?parent=179272"}],"wp:term":[{"taxonomy":"category","embeddable":true,"href":"https:\/\/www.europesays.com\/pl\/wp-json\/wp\/v2\/categories?post=179272"},{"taxonomy":"post_tag","embeddable":true,"href":"https:\/\/www.europesays.com\/pl\/wp-json\/wp\/v2\/tags?post=179272"}],"curies":[{"name":"wp","href":"https:\/\/api.w.org\/{rel}","templated":true}]}}