{"id":179284,"date":"2025-12-31T05:07:08","date_gmt":"2025-12-31T05:07:08","guid":{"rendered":"https:\/\/www.europesays.com\/pl\/179284\/"},"modified":"2025-12-31T05:07:08","modified_gmt":"2025-12-31T05:07:08","slug":"burza-po-publikacji-zdjec-z-wizyty-nawrockiego-na-granicy-bbn-zabralo-glos","status":"publish","type":"post","link":"https:\/\/www.europesays.com\/pl\/179284\/","title":{"rendered":"Burza po publikacji zdj\u0119\u0107 z wizyty Nawrockiego na granicy. BBN zabra\u0142o g\u0142os"},"content":{"rendered":"<ul>\n<li>Wizyta Karola Nawrockiego na granicy odbi\u0142a si\u0119 szerokim echem;<\/li>\n<li>BBN nazywa spraw\u0119 tani\u0105 sensacj\u0105, wyklucza ujawnienie danych;<\/li>\n<li>Ekspert podkre\u015bla warto\u015b\u0107 zdj\u0119\u0107 dla analizy bezpiecze\u0144stwa pa\u0144stwa;<\/li>\n<li>MON zapewnia zgodno\u015b\u0107 publikacji materia\u0142\u00f3w ze standardami.<\/li>\n<\/ul>\n<p>24 grudnia Karol Nawrocki odwiedzi\u0142 \u017co\u0142nierzy i funkcjonariuszy Stra\u017cy Granicznej, kt\u00f3rzy pe\u0142nili s\u0142u\u017cb\u0119 na wschodniej granicy naszego kraju. Zdj\u0119cia z tego wydarzenia opublikowano w mediach spo\u0142eczno\u015bciowych. Na jednym z nich wida\u0107 by\u0142o prezydenta Nawrockiego, szefa Biura Bezpiecze\u0144stwa Narodowego S\u0142awomira Cenckiewicza, zast\u0119pc\u0119 szefa kancelarii Adama Andruszkiewicza oraz wojskowych. Wszyscy stali nad wielk\u0105 map\u0105, kt\u00f3ra &#8211;<br \/>\n<a href=\"https:\/\/wiadomosci.onet.pl\/kraj\/ogromna-wpadka-bbn-i-kancelarii-prezydenta-przypadkiem-pokazane-tajemnice-operacji\/n7e9dj5\" target=\"_self\" rel=\"dofollow noopener\">jak poda\u0142 Onet<\/a> &#8211; pokazywa\u0142a &#8222;sytuacj\u0119 operacyjn\u0105 na granicy z Bia\u0142orusi\u0105&#8221;.<\/p>\n<p>Sprawa wywo\u0142a\u0142a komentarze os\u00f3b zajmuj\u0105cych si\u0119 bezpiecze\u0144stwem. &#8222;Prezydent RP mo\u017ce si\u0119 nie zna\u0107, szef BBN powinien, ale od oficer\u00f3w mamy prawo wymaga\u0107 znajomo\u015bci prawa w zakresie zarz\u0105dzania informacjami wra\u017cliwymi (!) Publikowanie zdj\u0119\u0107 z mapami informuj\u0105cymi o operacji kompromituje osoby na zdj\u0119ciu&#8221; &#8211; napisa\u0142 w serwisie X Miros\u0142aw R\u00f3\u017ca\u0144ski.\u00a0Genera\u0142 broni w rezerwie &#8211;<br \/>\n<a href=\"https:\/\/tvn24.pl\/polska\/zamieszanie-wokol-zdjecia-z-mapa-i-nawrockim-absolutnie-niedopuszczalne-st8823728\" target=\"_self\" rel=\"dofollow noopener\">ju\u017c w rozmowie z tvn24.pl<\/a> &#8211; zastanawia\u0142 si\u0119 te\u017c, czy wszyscy obecni na fotografii maj\u0105 odpowiednie certyfikaty, umo\u017cliwiaj\u0105ce dost\u0119p do wra\u017cliwych informacji dotycz\u0105cych bezpiecze\u0144stwa pa\u0144stwa.<\/p>\n<p>&#8222;Dla specjalist\u00f3w od analizy zdj\u0119\u0107 ten materia\u0142 jest niezwykle cenny. Mo\u017cna z niego wyczyta\u0107 rejon dzia\u0142ania konkretnej brygady czy rozstawienie posterunk\u00f3w. Takie zdj\u0119cia nigdy nie powinny trafi\u0107 do obiegu publicznego&#8221; &#8211; powiedzia\u0142 z kolei<br \/>\n<a href=\"https:\/\/wiadomosci.onet.pl\/kraj\/ogromna-wpadka-bbn-i-kancelarii-prezydenta-przypadkiem-pokazane-tajemnice-operacji\/n7e9dj5\" target=\"_self\" rel=\"dofollow noopener\">portalowi Onet<\/a> Maciej Matysiak, ekspert Fundacji Stratpoints i by\u0142y wiceszef S\u0142u\u017cby Kontrwywiadu Wojskowego.<\/p>\n<p><a name=\"eztoc31733451_0_2\" id=\"eztoc31733451_0_2\"\/>Biuro Bezpiecze\u0144stwa Narodowego pisze o &#8222;taniej sensacji&#8221;<\/p>\n<p>We wtorek wieczorem g\u0142os zabra\u0142o Biuro Bezpiecze\u0144stwa Narodowego. W o\u015bwiadczeniu opublikowanym na X jego przedstawiciele stwierdzili, \u017ce ca\u0142a sprawa jest &#8222;przyk\u0142adem szukania taniej i niepopartej faktami sensacji&#8221;.<\/p>\n<p>&#8222;Biuro Bezpiecze\u0144stwa Narodowego w pe\u0142ni podziela stanowisko wyra\u017cone przez MON, wskazuj\u0105ce jednoznacznie, \u017ce zdj\u0119cia z wizyty Pana Prezydenta na wschodniej granicy RP nie ujawniaj\u0105 \u017cadnych wra\u017cliwych danych, tym bardziej, \u017ce zosta\u0142y zrobione w kontrolowanych i uzgodnionych ze stron\u0105 wojskow\u0105 miejscach&#8221; &#8211; przekonuje BBN we wpisie na swoim oficjalnym profilu (pisownia o\u015bwiadczenia &#8211; oryginalna).\u00a0Urz\u0119dnicy biura zaapelowali te\u017c o &#8222;powstrzymanie si\u0119 od insynuacji nt. naiwno\u015bci i braku profesjonalizmu naszych \u017co\u0142nierzy oraz ich dow\u00f3dc\u00f3w&#8221;.<\/p>\n<p>O wspomnianym stanowisku Ministerstwa Obrony Narodowej mo\u017cna<br \/>\n<a href=\"https:\/\/wiadomosci.onet.pl\/kraj\/ogromna-wpadka-bbn-i-kancelarii-prezydenta-przypadkiem-pokazane-tajemnice-operacji\/n7e9dj5\" target=\"_self\" rel=\"dofollow noopener\">przeczyta\u0107 w Onecie<\/a>. Przedstawiciele MON podaj\u0105 w nim, \u017ce: &#8222;Publikacja materia\u0142\u00f3w odbywa\u0142a si\u0119 za uprzedni\u0105 zgod\u0105 w\u0142a\u015bciwych struktur wojskowych, a pomieszczenie zosta\u0142o odpowiednio sprawdzone pod k\u0105tem bezpiecze\u0144stwa informacji&#8221;.<\/p>\n<p>\u0179r\u00f3d\u0142o: Onet, Tvn24.pl<\/p>\n","protected":false},"excerpt":{"rendered":"Wizyta Karola Nawrockiego na granicy odbi\u0142a si\u0119 szerokim echem; BBN nazywa spraw\u0119 tani\u0105 sensacj\u0105, wyklucza ujawnienie danych; Ekspert&hellip;\n","protected":false},"author":2,"featured_media":179285,"comment_status":"","ping_status":"","sticky":false,"template":"","format":"standard","meta":{"footnotes":""},"categories":[12],"tags":[787,425,32,33,36,37,27,690,34,35,28,31,25,42,38,40,39,41,4089,29,30,26],"class_list":{"0":"post-179284","1":"post","2":"type-post","3":"status-publish","4":"format-standard","5":"has-post-thumbnail","7":"category-polska","8":"tag-bbn","9":"tag-bezpieczenstwo","10":"tag-breaking-news","11":"tag-breakingnews","12":"tag-featured-news","13":"tag-featurednews","14":"tag-headlines","15":"tag-karol-nawrocki","16":"tag-latest-news","17":"tag-latestnews","18":"tag-naglowki","19":"tag-najwazniejsze-artykuly","20":"tag-news","21":"tag-pl","22":"tag-poland","23":"tag-polish","24":"tag-polska","25":"tag-polski","26":"tag-slawomir-cenckiewicz","27":"tag-top-stories","28":"tag-topstories","29":"tag-wiadomosci"},"share_on_mastodon":{"url":"https:\/\/pubeurope.com\/@pl\/115812449798344288","error":""},"_links":{"self":[{"href":"https:\/\/www.europesays.com\/pl\/wp-json\/wp\/v2\/posts\/179284","targetHints":{"allow":["GET"]}}],"collection":[{"href":"https:\/\/www.europesays.com\/pl\/wp-json\/wp\/v2\/posts"}],"about":[{"href":"https:\/\/www.europesays.com\/pl\/wp-json\/wp\/v2\/types\/post"}],"author":[{"embeddable":true,"href":"https:\/\/www.europesays.com\/pl\/wp-json\/wp\/v2\/users\/2"}],"replies":[{"embeddable":true,"href":"https:\/\/www.europesays.com\/pl\/wp-json\/wp\/v2\/comments?post=179284"}],"version-history":[{"count":0,"href":"https:\/\/www.europesays.com\/pl\/wp-json\/wp\/v2\/posts\/179284\/revisions"}],"wp:featuredmedia":[{"embeddable":true,"href":"https:\/\/www.europesays.com\/pl\/wp-json\/wp\/v2\/media\/179285"}],"wp:attachment":[{"href":"https:\/\/www.europesays.com\/pl\/wp-json\/wp\/v2\/media?parent=179284"}],"wp:term":[{"taxonomy":"category","embeddable":true,"href":"https:\/\/www.europesays.com\/pl\/wp-json\/wp\/v2\/categories?post=179284"},{"taxonomy":"post_tag","embeddable":true,"href":"https:\/\/www.europesays.com\/pl\/wp-json\/wp\/v2\/tags?post=179284"}],"curies":[{"name":"wp","href":"https:\/\/api.w.org\/{rel}","templated":true}]}}