{"id":179292,"date":"2025-12-31T05:16:12","date_gmt":"2025-12-31T05:16:12","guid":{"rendered":"https:\/\/www.europesays.com\/pl\/179292\/"},"modified":"2025-12-31T05:16:12","modified_gmt":"2025-12-31T05:16:12","slug":"pilka-nozna-mateusz-bogusz-nie-zjawil-sie-na-treningu-cruz-azul","status":"publish","type":"post","link":"https:\/\/www.europesays.com\/pl\/179292\/","title":{"rendered":"Pi\u0142ka no\u017cna: Mateusz Bogusz nie zjawi\u0142 si\u0119 na treningu Cruz Azul"},"content":{"rendered":"<p class=\"typography ids-typeset-body ids-typeset-body--preset-large link paragraph ids-paragraph ids-paragraph--default\">Bez dw\u00f3ch zda\u0144 <a href=\"https:\/\/sport.interia.pl\/pilka-nozna\/profil-mateusz-bogusz,sppi,17927\" rel=\"nofollow noopener\" target=\"_blank\">Mateusz Bogusz<\/a> b\u0119dzie pozytywnie wspomina\u0107 blisko dwuletni pobyt w <a href=\"https:\/\/sport.interia.pl\/pilka-nozna\/druzyna-los-angeles-fc,spti,10538\" rel=\"nofollow noopener\" target=\"_blank\">Los Angeles FC<\/a>. Polak w tym czasie rozegra\u0142 w barwach tego klubu 90 spotka\u0144, a w nich zdoby\u0142 24 gole i zaliczy\u0142 19 asyst. W mi\u0119dzyczasie wywalczy\u0142 z zespo\u0142em US Open Cup i zdawa\u0142 si\u0119 by\u0107 jednym z lider\u00f3w ekipy.<\/p>\n<p class=\"typography ids-typeset-body ids-typeset-body--preset-large link paragraph ids-paragraph ids-paragraph--default\">Takie wyst\u0119py pozwoli\u0142y mu zadebiutowa\u0107 w seniorskiej reprezentacji Polski, a jego licznik zatrzyma\u0142 si\u0119 na pi\u0119ciu wyst\u0119pach. Na pocz\u0105tku 2025 roku Bogusz zamieni\u0142 Stany Zjednoczone na Meksyk, a dok\u0142adniej za 8,5 miliona euro do\u0142\u0105czy\u0142 do Cruz Azul, tamtejszego giganta. Mimo niez\u0142ych wyst\u0119p\u00f3w na pocz\u0105tku i wywalczenia Ligi Mistrz\u00f3w CONCACAF z czasem sytuacja pi\u0142karza nieco si\u0119 zmieni\u0142a.<\/p>\n<p class=\"typography ids-typeset-body ids-typeset-body--preset-large link paragraph ids-paragraph ids-paragraph--default\">Dostawa\u0142 coraz mniej minut na boisku, a do tego przesta\u0142 zdobywa\u0107 gole i asysty. W ten spos\u00f3b sezonie 2025 w 14 spotkaniach zdoby\u0142 jedn\u0105 bramk\u0119 i zaliczy\u0142 jedn\u0105 asyst\u0119. Co wi\u0119cej, w mediach coraz cz\u0119\u015bciej pojawia\u0142y si\u0119 informacje, jakoby strony nie by\u0142y zadowolone ze wsp\u00f3\u0142pracy i Polak mia\u0142by by\u0107 ch\u0119tny na transfer.<\/p>\n<p class=\"typography ids-typeset-body ids-typeset-body--preset-large link paragraph ids-paragraph ids-paragraph--default\">Cruz Azul tu\u017c przed rozpocz\u0119ciem nowego roku wr\u00f3ci\u0142 do trening\u00f3w i zacz\u0105\u0142 przygotowania do nowego sezonu. W pierwszy dzie\u0144 w klubie zabrak\u0142o jednak w\u0142a\u015bnie Bogusza, a kilka szczeg\u00f3\u0142\u00f3w w tej sprawie przekaza\u0142 Adrian Esparza Oteo.<\/p>\n<p>Bogusz opu\u015bci\u0142 trening bez zgody. Ju\u017c jest o tym g\u0142o\u015bno<\/p>\n<p class=\"typography ids-typeset-body ids-typeset-body--preset-large link paragraph ids-paragraph ids-paragraph--default\">Reporter TUDN zdradzi\u0142, \u017ce Polak nie zjawi\u0142 si\u0119 na pierwszy trening przedsezonowy bez zgody zarz\u0105du, ani sztabu trenerskiego. Klub mia\u0142 podj\u0105\u0107 ju\u017c odpowiednie dzia\u0142ania w tym kierunku i bada, czemu dok\u0142adnie si\u0119 tak wydarzy\u0142o.<\/p>\n<p class=\"typography ids-typeset-body ids-typeset-body--preset-large link paragraph ids-paragraph ids-paragraph--default\">&#8211; Cruz Azul bada, dlaczego Mateusz Bogusz nie by\u0142 obecny w trakcie pierwszego dnia trening\u00f3w przedsezonowych. Ani zarz\u0105d, ani sztab trenerski nie wyrazili zgody na absencj\u0119 &#8211; czytamy.<\/p>\n<p class=\"typography ids-typeset-body ids-typeset-body--preset-large link paragraph ids-paragraph ids-paragraph--default\">Wydaje si\u0119 jednak, \u017ce ca\u0142e zamieszanie to pewnego rodzaju protest naszego reprezentanta i pr\u00f3ba jak najszybszego uzyskania transferu do innego klubu. Na t\u0119 chwil\u0119 nie wiadomo, jakie zespo\u0142y by\u0142yby zainteresowanie us\u0142ugami 24-latka.<\/p>\n<p>Bologna &#8211; Sassuolo. Skr\u00f3t meczu. WIDEO (Eleven Sports)Eleven SportsEleven Sports<\/p>\n<p><img decoding=\"async\" class=\"ids-image-holder__img\" loading=\"lazy\" alt=\"Trzech sportowc\u00f3w ubranych w szare dresy z polskimi emblematami oraz logotypami sponsor\u00f3w stoi w linii, skierowani s\u0105 w stron\u0119 boiska, t\u0142o rozmyte.\" title=\"Mateusz Bogusz (w \u015brodku)\" width=\"5579\" height=\"3719\" src=\"https:\/\/www.europesays.com\/pl\/wp-content\/uploads\/2025\/12\/000LTC6SLE5KHO12-C323-F4.webp.webp\"\/><\/p>\n<p>Mateusz Bogusz (w \u015brodku)Photo by MARCIN GOLBA \/ NurPhoto \/ NurPhoto via AFPAFP<\/p>\n<p><img decoding=\"async\" class=\"ids-image-holder__img\" loading=\"lazy\" alt=\"Mateusz Bogusz\" title=\"Mateusz Bogusz\" width=\"2000\" height=\"1333\" src=\"https:\/\/www.europesays.com\/pl\/wp-content\/uploads\/2025\/12\/000KI1WD9BPQH9UK-C323-F4.webp.webp\"\/><\/p>\n<p>Mateusz BoguszGrzegorz WajdaEast News<\/p>\n<p><img decoding=\"async\" class=\"ids-image-holder__img\" loading=\"lazy\" alt=\"Po lewej stronie m\u0119\u017cczyzna w okularach, ubrany formalnie, macha r\u0119k\u0105 i trzyma marynark\u0119, po prawej pi\u0142karz w niebieskim stroju z podniesion\u0105 r\u0119k\u0105 wskazuje palcem w g\u00f3r\u0119 na tle stadionu.\" title=\"Jan Urban i Mateusz Bogusz\" width=\"1748\" height=\"1240\" src=\"https:\/\/www.europesays.com\/pl\/wp-content\/uploads\/2025\/12\/000LFQJZ57LGFQJI-C323-F4.webp.webp\"\/><\/p>\n<p>Jan Urban i Mateusz BoguszLukasz Gdak\/East News &#8211; Victor Cruz \/ AFPEast News<\/p>\n<p><a class=\"ids-undecorated-link source ids-page-info--source__link\" href=\"https:\/\/www.interia.pl\" rel=\"nofollow noopener\" target=\"_blank\"><img decoding=\"async\" class=\"ids-image-holder__img\" loading=\"lazy\" alt=\"\" title=\"\" height=\"24px\" src=\"https:\/\/www.europesays.com\/pl\/wp-content\/uploads\/2025\/12\/1767151880_413_0009A60QQ5I2TYF7-C202-F4.webp.webp\"\/><\/a><\/p>\n<p>Masz sugestie, uwagi albo widzisz b\u0142\u0105d? Napisz do nas<\/p>\n","protected":false},"excerpt":{"rendered":"Bez dw\u00f3ch zda\u0144 Mateusz Bogusz b\u0119dzie pozytywnie wspomina\u0107 blisko dwuletni pobyt w Los Angeles FC. Polak w tym&hellip;\n","protected":false},"author":2,"featured_media":179293,"comment_status":"","ping_status":"","sticky":false,"template":"","format":"standard","meta":{"footnotes":""},"categories":[24],"tags":[42,38,40,39,41,127,126],"class_list":{"0":"post-179292","1":"post","2":"type-post","3":"status-publish","4":"format-standard","5":"has-post-thumbnail","7":"category-sport","8":"tag-pl","9":"tag-poland","10":"tag-polish","11":"tag-polska","12":"tag-polski","13":"tag-sport","14":"tag-sports"},"share_on_mastodon":{"url":"https:\/\/pubeurope.com\/@pl\/115812485267054336","error":""},"_links":{"self":[{"href":"https:\/\/www.europesays.com\/pl\/wp-json\/wp\/v2\/posts\/179292","targetHints":{"allow":["GET"]}}],"collection":[{"href":"https:\/\/www.europesays.com\/pl\/wp-json\/wp\/v2\/posts"}],"about":[{"href":"https:\/\/www.europesays.com\/pl\/wp-json\/wp\/v2\/types\/post"}],"author":[{"embeddable":true,"href":"https:\/\/www.europesays.com\/pl\/wp-json\/wp\/v2\/users\/2"}],"replies":[{"embeddable":true,"href":"https:\/\/www.europesays.com\/pl\/wp-json\/wp\/v2\/comments?post=179292"}],"version-history":[{"count":0,"href":"https:\/\/www.europesays.com\/pl\/wp-json\/wp\/v2\/posts\/179292\/revisions"}],"wp:featuredmedia":[{"embeddable":true,"href":"https:\/\/www.europesays.com\/pl\/wp-json\/wp\/v2\/media\/179293"}],"wp:attachment":[{"href":"https:\/\/www.europesays.com\/pl\/wp-json\/wp\/v2\/media?parent=179292"}],"wp:term":[{"taxonomy":"category","embeddable":true,"href":"https:\/\/www.europesays.com\/pl\/wp-json\/wp\/v2\/categories?post=179292"},{"taxonomy":"post_tag","embeddable":true,"href":"https:\/\/www.europesays.com\/pl\/wp-json\/wp\/v2\/tags?post=179292"}],"curies":[{"name":"wp","href":"https:\/\/api.w.org\/{rel}","templated":true}]}}