{"id":179298,"date":"2025-12-31T05:28:09","date_gmt":"2025-12-31T05:28:09","guid":{"rendered":"https:\/\/www.europesays.com\/pl\/179298\/"},"modified":"2025-12-31T05:28:09","modified_gmt":"2025-12-31T05:28:09","slug":"pacjent-zaatakowal-ratownikow-medycznych-interweniowala-policja","status":"publish","type":"post","link":"https:\/\/www.europesays.com\/pl\/179298\/","title":{"rendered":"Pacjent zaatakowa\u0142 ratownik\u00f3w medycznych. Interweniowa\u0142a policja"},"content":{"rendered":"<p>Wed\u0142ug informacji przekazanych PAP przez oficer prasow\u0105 Komedy Powiatowej Policji w Wejherowie Anett\u0119 Potrykus, m\u0119\u017cczyzna uderzy\u0142 i kopn\u0105\u0142 jednego z ratownik\u00f3w w twarz, mia\u0142 te\u017c kierowa\u0107 gro\u017aby i zniewa\u017cy\u0107 cz\u0142onka zespo\u0142u. W trakcie zdarzenia uszkodzone zosta\u0142y r\u00f3wnie\u017c nosze, na kt\u00f3rych udzielano mu pomocy. Ze wzgl\u0119du na stan zdrowia 19-latek pocz\u0105tkowo przebywa\u0142 w szpitalu, a nast\u0119pnie ma zosta\u0107 doprowadzony do prokuratury, gdzie us\u0142yszy zarzuty.<\/p>\n<p>Takie zdarzenia pokazuj\u0105, \u017ce praca ratownika medycznego to nie tylko interwencje ratuj\u0105ce \u017cycie, ale te\u017c dzia\u0142anie w sytuacjach stresu i zagro\u017cenia. <a href=\"https:\/\/portal.abczdrowie.pl\/jak-zostac-ratownikiem-medycznym\/6955922555972096a\" rel=\"nofollow noopener\" target=\"_blank\">Ratownicy<\/a> dzia\u0142aj\u0105 w miejscach, kt\u00f3rych nie da si\u0119 przewidzie\u0107: na ulicy, w mieszkaniach, na imprezach, a czasem w \u015brodowisku pe\u0142nym napi\u0119cia, alkoholu lub narkotyk\u00f3w. Ich obowi\u0105zkiem jest najpierw szybka ocena miejsca zdarzenia i potencjalnych zagro\u017ce\u0144 \u2013 tak, by nie dopu\u015bci\u0107 do eskalacji i nie zwi\u0119kszy\u0107 liczby poszkodowanych. R\u00f3wnolegle musz\u0105 umie\u0107 komunikowa\u0107 si\u0119 z pacjentem, tak\u017ce wtedy, gdy jest pobudzony, zdezorientowany lub wrogo nastawiony.<\/p>\n<p>Kluczowa jest te\u017c b\u0142yskawiczna ocena stanu chorego: sprawdzenie podstawowych parametr\u00f3w \u017cyciowych, rozpoznanie objaw\u00f3w i ustalenie, czy potrzebny jest natychmiastowy transport oraz jakie dzia\u0142ania podj\u0105\u0107 na miejscu. Ratownik podejmuje decyzje o optymalnym post\u0119powaniu ratunkowym, cz\u0119sto zanim dotr\u0105 inne s\u0142u\u017cby. W praktyce wykonuje procedury ratuj\u0105ce \u017cycie \u2013 <a href=\"https:\/\/portal.abczdrowie.pl\/resuscytacja-charakterystyka-ogolne-zasady-przebieg-przebieg-u-dzieci\/6955893283510816a\" rel=\"nofollow noopener\" target=\"_blank\">resuscytacj\u0119<\/a>, tamowanie krwotok\u00f3w, czynno\u015bci przeciwwstrz\u0105sowe, zabezpieczenie dr\u00f3g oddechowych \u2013 oraz dba o profilaktyk\u0119 zaka\u017ce\u0144 i w\u0142a\u015bciwe u\u017cycie sprz\u0119tu medycznego i \u015brodk\u00f3w ochrony osobistej.<\/p>\n<p>Nie chc\u0105 si\u0119 leczy\u0107, boj\u0105 si\u0119. Psycholo\u017cka o\u00a0problemach Polak\u00f3w <\/p>\n<p>Wa\u017cnym elementem pracy jest tak\u017ce bezpieczny transport pacjenta: r\u0119czny lub z wykorzystaniem sprz\u0119tu, w tym noszy. Ratownik musi przeprowadzi\u0107 kr\u00f3tki, ale precyzyjny wywiad i przekaza\u0107 informacje potrzebne do dalszego leczenia. Interwencja w Wejherowie pokazuje, \u017ce nawet wezwanie do pomocy mo\u017ce w kilka sekund zamieni\u0107 si\u0119 w sytuacj\u0119 zagro\u017cenia. <\/p>\n<p>\u0179r\u00f3d\u0142o: PAP, WP abcZdrowie<\/p>\n<p>Tre\u015bci w naszych serwisach s\u0142u\u017c\u0105 celom informacyjno-edukacyjnym i nie zast\u0119puj\u0105 konsultacji lekarskiej. Przed podj\u0119ciem decyzji zdrowotnych skonsultuj si\u0119 ze specjalist\u0105.<\/p>\n","protected":false},"excerpt":{"rendered":"Wed\u0142ug informacji przekazanych PAP przez oficer prasow\u0105 Komedy Powiatowej Policji w Wejherowie Anett\u0119 Potrykus, m\u0119\u017cczyzna uderzy\u0142 i kopn\u0105\u0142&hellip;\n","protected":false},"author":2,"featured_media":179299,"comment_status":"","ping_status":"","sticky":false,"template":"","format":"standard","meta":{"footnotes":""},"categories":[12],"tags":[32,33,36,37,27,34,35,28,31,25,42,38,40,39,41,29,30,26],"class_list":{"0":"post-179298","1":"post","2":"type-post","3":"status-publish","4":"format-standard","5":"has-post-thumbnail","7":"category-polska","8":"tag-breaking-news","9":"tag-breakingnews","10":"tag-featured-news","11":"tag-featurednews","12":"tag-headlines","13":"tag-latest-news","14":"tag-latestnews","15":"tag-naglowki","16":"tag-najwazniejsze-artykuly","17":"tag-news","18":"tag-pl","19":"tag-poland","20":"tag-polish","21":"tag-polska","22":"tag-polski","23":"tag-top-stories","24":"tag-topstories","25":"tag-wiadomosci"},"share_on_mastodon":{"url":"https:\/\/pubeurope.com\/@pl\/115812532427541375","error":""},"_links":{"self":[{"href":"https:\/\/www.europesays.com\/pl\/wp-json\/wp\/v2\/posts\/179298","targetHints":{"allow":["GET"]}}],"collection":[{"href":"https:\/\/www.europesays.com\/pl\/wp-json\/wp\/v2\/posts"}],"about":[{"href":"https:\/\/www.europesays.com\/pl\/wp-json\/wp\/v2\/types\/post"}],"author":[{"embeddable":true,"href":"https:\/\/www.europesays.com\/pl\/wp-json\/wp\/v2\/users\/2"}],"replies":[{"embeddable":true,"href":"https:\/\/www.europesays.com\/pl\/wp-json\/wp\/v2\/comments?post=179298"}],"version-history":[{"count":0,"href":"https:\/\/www.europesays.com\/pl\/wp-json\/wp\/v2\/posts\/179298\/revisions"}],"wp:featuredmedia":[{"embeddable":true,"href":"https:\/\/www.europesays.com\/pl\/wp-json\/wp\/v2\/media\/179299"}],"wp:attachment":[{"href":"https:\/\/www.europesays.com\/pl\/wp-json\/wp\/v2\/media?parent=179298"}],"wp:term":[{"taxonomy":"category","embeddable":true,"href":"https:\/\/www.europesays.com\/pl\/wp-json\/wp\/v2\/categories?post=179298"},{"taxonomy":"post_tag","embeddable":true,"href":"https:\/\/www.europesays.com\/pl\/wp-json\/wp\/v2\/tags?post=179298"}],"curies":[{"name":"wp","href":"https:\/\/api.w.org\/{rel}","templated":true}]}}