{"id":179304,"date":"2025-12-31T05:37:09","date_gmt":"2025-12-31T05:37:09","guid":{"rendered":"https:\/\/www.europesays.com\/pl\/179304\/"},"modified":"2025-12-31T05:37:09","modified_gmt":"2025-12-31T05:37:09","slug":"sa-nowe-wiesci-o-stanie-anthonyego-joshuy-tuz-po-koszmarnym-wypadku-przeglad-sportowy-onet","status":"publish","type":"post","link":"https:\/\/www.europesays.com\/pl\/179304\/","title":{"rendered":"S\u0105 nowe wie\u015bci o stanie Anthony&#039;ego Joshuy. Tu\u017c po koszmarnym wypadku &#8211; Przegl\u0105d Sportowy Onet"},"content":{"rendered":"<ol>\n<li><a href=\"https:\/\/news.google.com\/rss\/articles\/CBMiswFBVV95cUxPcFR4eFBSVW9haDB3cUxXaGs2WXo4SjQtMTVDY2JiOGlqLW5WNHp1R1lhSUE3ejhMZFVMWDM1QWNrWVBGV2Itc1p0MURqYmljQ0JCUVBTb296b19OMWI3SlFNUE1IeGFLeUdxV0xtaWlxR3ppM2xqUEJwUkpkWlAyWEE5cGJvSGNiQ0tsZThxTGlsOGV3Y2xsXzNmMHdFN0FybWN2ZElYSmxIQWR2WGdSRGtCWQ?oc=5\" target=\"_blank\" rel=\"nofollow noopener\">S\u0105 nowe wie\u015bci o stanie Anthony&#8217;ego Joshuy. Tu\u017c po koszmarnym wypadku<\/a>&nbsp;&nbsp;Przegl\u0105d Sportowy Onet<\/li>\n<li><a href=\"https:\/\/news.google.com\/rss\/articles\/CBMirwFBVV95cUxOLTdkV3NPRFN1YzZHNVJQaUVfM1lLaDNGS0pFTTRGcXppQ01yM1lRYVNEZGFPa05DQ2Y0Y1E1SFRVd2F6Rjd1akd2LWNCb1dYUTA0WWxqSDdNQUhfek95cVFvb09EZTBtUjE1STlJS3dOSWVrWGVhRVpwX2JRNnNBNlV5ZFJ2eXc3ZUt0NTA2RFFUek5tN3lKYldCRjVzRE84azMtREZ3bWY4b1FiMkFB?oc=5\" target=\"_blank\" rel=\"nofollow noopener\">Przera\u017caj\u0105ce sceny po wypadku Anthony&#8217;ego Joshuy! Wyciek\u0142o szokuj\u0105ce nagranie<\/a>&nbsp;&nbsp;Przegl\u0105d Sportowy Onet<\/li>\n<li><a href=\"https:\/\/news.google.com\/rss\/articles\/CBMinAFBVV95cUxPelprMko3WmF1ZC1rTldkVmtjSkhNVHpZUDdvaUNZMjFrZ1lQTlVrTlpXN1NrUEFoVmo2SExueWs0UmVfbXZCY2ZXR2hnOUVoZnVOM2t4SzlMaUJvM2l2aGZDQzRUWFR2MlA3dnZwVHNyYXFxUmhLWDdoZElIN0h5OHV1d051WGpWc01fdzU0Z19jYXdtaDNDSXNrWG8?oc=5\" target=\"_blank\" rel=\"nofollow noopener\">Wypadek Joshuy. Ju\u017c wiadomo, dlaczego dosz\u0142o do tragedii<\/a>&nbsp;&nbsp;SportoweFakty<\/li>\n<li><a href=\"https:\/\/news.google.com\/rss\/articles\/CBMi7wFBVV95cUxPRmhFSVctYWhOSVR1d0JuNVcwTEN6a0FsdUZGRjZiOVhaSm8xR0h2SGFxSXBMZUpPRzZNQlI5aGkwOFg5VFJ5V09ETkJLcnhYMnVuVGdsbGRxZ21CRTRONVkzRWRXWm5ZR0ljVWhJeDREUFNOa0EyLV9PUzU5cS1iMUJjNGx6OW9kbGlocVdaOUVManFLQXU2UWRGOEVNMWozbDFWRWlHbm1IajhYbXQ2Q1pGaDQ0WWJHMy01Ql9JRm4yeldjaU94TjItdHhIT0p2UEJHSlg5cy1IUDBNVlBOUU9VdmRMbVdfNUlRLW5LRQ?oc=5\" target=\"_blank\" rel=\"nofollow noopener\">&#8222;Wa\u017cne elementy machiny Joshuy&#8221;. Wiadomo, kim by\u0142y ofiary wypadku<\/a>&nbsp;&nbsp;Eurosport Polska<\/li>\n<li><a href=\"https:\/\/news.google.com\/rss\/articles\/CBMirAFBVV95cUxOYjBwV0pwZldzeUcyWUZrb3pmNlc0bzU4a0xMb200T0F3UWgzRWZQSnNMTWo1b1NOQmtEdlltZXdJeE50NHZZWjNDLU84X1FWdDlRYXNpTWRRVHp4N29mMU1PejFaN2JIdTdIYzVPVXpqRWlzSHI3QnJncl9COVZKMmlKa1RjRWFKN2dSMUJqQWl6eElYMWpoTDNZWjd5a3diaEptOWE0RklnWnhU?oc=5\" target=\"_blank\" rel=\"nofollow noopener\">Nowe doniesienia ws. wypadku z udzia\u0142em Joshuy. Podano prawdopodobn\u0105 przyczyn\u0119<\/a>&nbsp;&nbsp;Sport w INTERIA.PL<\/li>\n<\/ol>\n","protected":false},"excerpt":{"rendered":"S\u0105 nowe wie\u015bci o stanie Anthony&#8217;ego Joshuy. Tu\u017c po koszmarnym wypadku&nbsp;&nbsp;Przegl\u0105d Sportowy Onet Przera\u017caj\u0105ce sceny po wypadku Anthony&#8217;ego&hellip;\n","protected":false},"author":2,"featured_media":176351,"comment_status":"","ping_status":"","sticky":false,"template":"","format":"standard","meta":{"footnotes":""},"categories":[24],"tags":[31704,2514,67,929,42,38,40,39,41,136,128,47,127,126,4329,130],"class_list":{"0":"post-179304","1":"post","2":"type-post","3":"status-publish","4":"format-standard","5":"has-post-thumbnail","7":"category-sport","8":"tag-anthony_joshua","9":"tag-boks","10":"tag-intextvideo_splayer","11":"tag-pawb","12":"tag-pl","13":"tag-poland","14":"tag-polish","15":"tag-polska","16":"tag-polski","17":"tag-ps_detal_new","18":"tag-psv2","19":"tag-screening_general","20":"tag-sport","21":"tag-sports","22":"tag-wiadomosci_politics__news","23":"tag-wiadomosci_sportowe"},"share_on_mastodon":{"url":"https:\/\/pubeurope.com\/@pl\/115812567947488078","error":""},"_links":{"self":[{"href":"https:\/\/www.europesays.com\/pl\/wp-json\/wp\/v2\/posts\/179304","targetHints":{"allow":["GET"]}}],"collection":[{"href":"https:\/\/www.europesays.com\/pl\/wp-json\/wp\/v2\/posts"}],"about":[{"href":"https:\/\/www.europesays.com\/pl\/wp-json\/wp\/v2\/types\/post"}],"author":[{"embeddable":true,"href":"https:\/\/www.europesays.com\/pl\/wp-json\/wp\/v2\/users\/2"}],"replies":[{"embeddable":true,"href":"https:\/\/www.europesays.com\/pl\/wp-json\/wp\/v2\/comments?post=179304"}],"version-history":[{"count":0,"href":"https:\/\/www.europesays.com\/pl\/wp-json\/wp\/v2\/posts\/179304\/revisions"}],"wp:featuredmedia":[{"embeddable":true,"href":"https:\/\/www.europesays.com\/pl\/wp-json\/wp\/v2\/media\/176351"}],"wp:attachment":[{"href":"https:\/\/www.europesays.com\/pl\/wp-json\/wp\/v2\/media?parent=179304"}],"wp:term":[{"taxonomy":"category","embeddable":true,"href":"https:\/\/www.europesays.com\/pl\/wp-json\/wp\/v2\/categories?post=179304"},{"taxonomy":"post_tag","embeddable":true,"href":"https:\/\/www.europesays.com\/pl\/wp-json\/wp\/v2\/tags?post=179304"}],"curies":[{"name":"wp","href":"https:\/\/api.w.org\/{rel}","templated":true}]}}