{"id":179311,"date":"2025-12-31T05:44:07","date_gmt":"2025-12-31T05:44:07","guid":{"rendered":"https:\/\/www.europesays.com\/pl\/179311\/"},"modified":"2025-12-31T05:44:07","modified_gmt":"2025-12-31T05:44:07","slug":"swiatek-wykluczona-z-elitarnego-grona-to-nie-zart-tenis","status":"publish","type":"post","link":"https:\/\/www.europesays.com\/pl\/179311\/","title":{"rendered":"\u015awi\u0105tek wykluczona z elitarnego grona. To nie \u017cart Tenis"},"content":{"rendered":"<p class=\"art_paragraph\">Iga \u015awi\u0105tek ma za sob\u0105 kolejny udany rok okraszony wygran\u0105 w Wimbledonie. Nie da si\u0119 jednak ukry\u0107, \u017ce poprzedni sezon by\u0142 znacznie s\u0142abszy od poprzednich, w kt\u00f3rych nasza tenisistka by\u0142a absolutn\u0105 dominatork\u0105 i d\u0142ugimi tygodniami utrzymywa\u0142a prowadzenie w rankingu WTA. Spadek formy niesie za sob\u0105 okre\u015blone konsekwencje. <a href=\"https:\/\/www.sport.pl\/siatkowka\/7,64948,30038648,polki-zachwycaja-na-ms-kolejny-kapitalny-mecz-ida-jak-burza.html#anchorLink\" rel=\"nofollow noopener\" target=\"_blank\">Polka<\/a> raczej nie mo\u017ce teraz liczy\u0107, \u017ce odbierze liczne indywidualne nagrody.\u00a0<\/p>\n<p>\n    Zobacz wideo Jak\u0105 Ig\u0119 \u015awi\u0105tek zobaczymy w 2026? Jej trener zapowiada zmiany\n  <\/p>\n<p> Dla \u015awi\u0105tek nie by\u0142o miejsca. Polka poza najlepsz\u0105 &#8222;10&#8221; \u015bwiata<\/p>\n<p class=\"art_paragraph\">Przekona\u0142a si\u0119 o tym m.in. w poniedzia\u0142ek. Wtedy to francuski dziennik &#8222;L&#8217;Equipe&#8221; opublikowa\u0142 <a href=\"https:\/\/wyniki.sport.pl\/pilka-nozna#anchorLink\" rel=\"nofollow noopener\" target=\"_blank\">wyniki<\/a> tajnego g\u0142osowania na najlepszego sportowca i najlepsz\u0105 sportsmenk\u0119 roku. \u015awi\u0105tek jak dot\u0105d cieszy\u0142a du\u017c\u0105 przychylno\u015bci\u0105 ze strony cz\u0142onk\u00f3w tej redakcji. W 2022 r. zaj\u0119\u0142a nawet pierwsze miejsce w\u015br\u00f3d kobiet (w\u015br\u00f3d pan\u00f3w triumfowa\u0142 w\u00f3wczas Lionel Messi &#8211; red.). Tym razem nie za\u0142apa\u0142a si\u0119 nawet do najlepszej dziesi\u0105tki.<\/p>\n<p class=\"art_paragraph\">Ta sztuka uda\u0142a si\u0119 tylko jednej tenisistce &#8211; Arynie Sabalence. Liderka \u015bwiatowego rankingu i zwyci\u0119\u017cczyni <a href=\"https:\/\/www.sport.pl\/tenis\/0,101357.html#anchorLink\" rel=\"nofollow noopener\" target=\"_blank\">US Open<\/a> zaj\u0119\u0142a sz\u00f3ste miejsce. Za najlepsz\u0105 sportsmenk\u0119 \u015bwiata uznano za\u015b Summer McIntosh. Kanadyjska p\u0142ywaczka by\u0142a bohaterk\u0105 tegorocznych mistrzostw \u015bwiata w Singapurze, na kt\u00f3rych zdoby\u0142a cztery z\u0142ote medale. Na podium znalaz\u0142y si\u0119 te\u017c dwie lekkoatletki &#8211; mistrzyni \u015bwiata z Tokio w biegu na 400 m i w sztafecie 4&#215;400 m &#8211; Sydney McLaughlin-Levrone oraz z\u0142ota medalistka na 100, 200 i w sztafecie 4&#215;100 m &#8211;\u00a0Melissa Jefferson-Wooden.<\/p>\n<p class=\"art_paragraph\">Ranking najlepszych sportsmenek 2025 r. wg &#8222;L&#8217;Equipe&#8221;:\u00a0<\/p>\n<ul class=\"art_uList\">\n<li class=\"art_list_el\">1. Summer McIntosh (Kanada), p\u0142ywanie, 628 punkt\u00f3w<\/li>\n<li class=\"art_list_el\">2. Sydney McLaughlin-Levrone (USA), lekkoatletyka, 516 punkt\u00f3w<\/li>\n<li class=\"art_list_el\">3. Melissa Jefferson-Wooden (USA), lekkoatletyka, 425 punkt\u00f3w<\/li>\n<li class=\"art_list_el\">4. Pauline Ferrand-Prevot (Francja), kolarstwo, 375 punkt\u00f3w<\/li>\n<li class=\"art_list_el\">5. Katie Ledekcy (USA), p\u0142ywanie, 331 punkt\u00f3w<\/li>\n<li class=\"art_list_el\">6. Aryna Sabalenka (Bia\u0142oru\u015b), tenis, 293 punkty<\/li>\n<li class=\"art_list_el\">7. Federica Brignone (W\u0142ochy), narciarstwo alpejskie, 151 punkt\u00f3w<\/li>\n<li class=\"art_list_el\">8. Aitana Bonmati (Hiszpania), pi\u0142ka no\u017cna, 140 punkt\u00f3w<\/li>\n<li class=\"art_list_el\">9. Beatrice Chebet (Kenia), lekkoatletyka, 85 punkt\u00f3w<\/li>\n<li class=\"art_list_el\">10. Angelina Melnikova (Rosja), gimnastyka, 72 punkty\u00a0<\/li>\n<\/ul>\n<p> Oto ranking najlepszych sportowc\u00f3w \u015bwiata. Czo\u0142owa dw\u00f3jka zdeklasowa\u0142a konkurencj\u0119<\/p>\n<p class=\"art_paragraph\">Oczywi\u015bcie w zestawieniu najlepszych sportowc\u00f3w trudno by\u0142o oczekiwa\u0107 jakiegokolwiek Polaka. Triumfowa\u0142 kolarz Tadej Pogacar, kt\u00f3ry w tym sezonie po raz czwarty wygra\u0142 Tour de France, a do tego do\u0142o\u017cy\u0142 zwyci\u0119stwa w wy\u015bcigach\u00a0Dooko\u0142a Flandrii, Liege-Bastogne-Liege i Dooko\u0142a Lombardii. S\u0142oweniec tylko nieznacznie wyprzedzi\u0142 drugiego Armanda Duplantisa, mimo \u017ce Szwed kolejny raz\u00a0poprawi\u0142 rekord \u015bwiata w skoku o tyczce do niebotycznego 6,30 m. Pozostali sportowcy pozostali daleko w tyle.\u00a0<\/p>\n<p class=\"art_paragraph\">Podium zamkn\u0105\u0142 Carlos Alcaraz i wcale nie by\u0142 jedynym tenisist\u0105 w tym zestawieniu. Pi\u0105te miejsce przypad\u0142o drugiemu w rankingu ATP Jannikowi Sinnerowi. Rozdzieli\u0142 ich tegoroczny zdobywca Z\u0142otej Pi\u0142ki &#8211; Ousmanne Dembele.<\/p>\n<p class=\"art_paragraph\">Ranking najlepszych sportowc\u00f3w 2025 r. wg &#8222;L&#8217;Equipe&#8221;:<\/p>\n<ul class=\"art_uList\">\n<li class=\"art_list_el\">1. Tadej Pogacar (S\u0142owenia), kolarstwo, 821 punkt\u00f3w<\/li>\n<li class=\"art_list_el\">2. Armand Duplantis (Szwecja), lekkoatletyka, 799 punkt\u00f3w<\/li>\n<li class=\"art_list_el\">3. Carlos Alcaraz (Hiszpania), tenis, 252 punkty<\/li>\n<li class=\"art_list_el\">4. Ousmane Dembele (Francja), pi\u0142ka no\u017cna, 226 punkt\u00f3w<\/li>\n<li class=\"art_list_el\">5. Jannik Sinner (W\u0142ochy), tenis, 169 punkt\u00f3w<\/li>\n<li class=\"art_list_el\">6. L\u00e9on Marchand (Francja), p\u0142ywanie, 146 punkt\u00f3w<\/li>\n<li class=\"art_list_el\">7. Marc Marquez (Hiszpania), motocykl, 134 punkty<\/li>\n<li class=\"art_list_el\">8. Marco Odermatt (Szwajcaria), narciarstwo alpejskie, 104 punkty<\/li>\n<li class=\"art_list_el\">9. Shai Gilgeous-Alexander (Kanada), koszyk\u00f3wka, 103 punkty<\/li>\n<li class=\"art_list_el\">10. Rory McIlroy (Irlandia P\u00f3\u0142nocna), golf, 75 punkt\u00f3w<\/li>\n<\/ul>\n","protected":false},"excerpt":{"rendered":"Iga \u015awi\u0105tek ma za sob\u0105 kolejny udany rok okraszony wygran\u0105 w Wimbledonie. Nie da si\u0119 jednak ukry\u0107, \u017ce&hellip;\n","protected":false},"author":2,"featured_media":179312,"comment_status":"","ping_status":"","sticky":false,"template":"","format":"standard","meta":{"footnotes":""},"categories":[24],"tags":[42,38,40,39,41,127,126],"class_list":{"0":"post-179311","1":"post","2":"type-post","3":"status-publish","4":"format-standard","5":"has-post-thumbnail","7":"category-sport","8":"tag-pl","9":"tag-poland","10":"tag-polish","11":"tag-polska","12":"tag-polski","13":"tag-sport","14":"tag-sports"},"share_on_mastodon":{"url":"https:\/\/pubeurope.com\/@pl\/115812595421129036","error":""},"_links":{"self":[{"href":"https:\/\/www.europesays.com\/pl\/wp-json\/wp\/v2\/posts\/179311","targetHints":{"allow":["GET"]}}],"collection":[{"href":"https:\/\/www.europesays.com\/pl\/wp-json\/wp\/v2\/posts"}],"about":[{"href":"https:\/\/www.europesays.com\/pl\/wp-json\/wp\/v2\/types\/post"}],"author":[{"embeddable":true,"href":"https:\/\/www.europesays.com\/pl\/wp-json\/wp\/v2\/users\/2"}],"replies":[{"embeddable":true,"href":"https:\/\/www.europesays.com\/pl\/wp-json\/wp\/v2\/comments?post=179311"}],"version-history":[{"count":0,"href":"https:\/\/www.europesays.com\/pl\/wp-json\/wp\/v2\/posts\/179311\/revisions"}],"wp:featuredmedia":[{"embeddable":true,"href":"https:\/\/www.europesays.com\/pl\/wp-json\/wp\/v2\/media\/179312"}],"wp:attachment":[{"href":"https:\/\/www.europesays.com\/pl\/wp-json\/wp\/v2\/media?parent=179311"}],"wp:term":[{"taxonomy":"category","embeddable":true,"href":"https:\/\/www.europesays.com\/pl\/wp-json\/wp\/v2\/categories?post=179311"},{"taxonomy":"post_tag","embeddable":true,"href":"https:\/\/www.europesays.com\/pl\/wp-json\/wp\/v2\/tags?post=179311"}],"curies":[{"name":"wp","href":"https:\/\/api.w.org\/{rel}","templated":true}]}}