{"id":179321,"date":"2025-12-31T05:51:09","date_gmt":"2025-12-31T05:51:09","guid":{"rendered":"https:\/\/www.europesays.com\/pl\/179321\/"},"modified":"2025-12-31T05:51:09","modified_gmt":"2025-12-31T05:51:09","slug":"zuzel-to-koniec-nie-bedzie-powrotu-wspolpraca-definitywnie-zakonczona","status":"publish","type":"post","link":"https:\/\/www.europesays.com\/pl\/179321\/","title":{"rendered":"\u017bu\u017cel. To koniec. Nie b\u0119dzie powrotu, wsp\u00f3\u0142praca definitywnie zako\u0144czona"},"content":{"rendered":"\n<p class=\"contentpart contentpart--default contentpart--text\" data-position=\"0\">&#8211; Dzia\u0142alno\u015b\u0107 klubu w \u017caden spos\u00f3b nie jest zagro\u017cona. Prosz\u0119 si\u0119 o to nie martwi\u0107. Wszystko b\u0119dzie w najlepszym porz\u0105dku. A S\u0142awomir Kryjom by\u0107 mo\u017ce pozostanie blisko klubu. O wszystkim poinformujemy &#8211; m\u00f3wi\u0142 na pocz\u0105tku grudnia prezes <a href=\"https:\/\/sportowefakty.wp.pl\/zuzel\/fogo-unia-leszno\" rel=\"nofollow noopener\" target=\"_blank\">Fogo Unii Leszno<\/a>, <a href=\"https:\/\/sportowefakty.wp.pl\/zuzel\/jozef-dworakowski\" rel=\"nofollow noopener\" target=\"_blank\">J\u00f3zef Dworakowski<\/a>\u00a0w rozmowie z naszym portalem.<\/p>\n<p class=\"contentpart contentpart--default contentpart--text\" data-position=\"1\">Teraz ju\u017c wiemy, \u017ce informacji o dalszej wsp\u00f3\u0142pracy ze <a href=\"https:\/\/sportowefakty.wp.pl\/zuzel\/slawomir-kryjom\" rel=\"nofollow noopener\" target=\"_blank\">S\u0142awomirem Kryjomem<\/a>\u00a0nie otrzymamy. I cho\u0107 to Kryjom do sp\u00f3\u0142ki z <a href=\"https:\/\/sportowefakty.wp.pl\/zuzel\/piotr-rusiecki\" rel=\"nofollow noopener\" target=\"_blank\">Piotrem Rusieckim<\/a>\u00a0tworzy\u0142 aktualn\u0105 kadr\u0119 klubu, by\u0142y ju\u017c dyrektor zarz\u0105dzaj\u0105cy klubu nie b\u0119dzie m\u00f3g\u0142 wzi\u0105\u0107 odpowiedzialno\u015bci za wybory personalne w przysz\u0142ym sezonie.<\/p>\n<p> <img role=\"presentation\" src=\"https:\/\/std.wpcdn.pl\/images\/adv\/placeholder_wp.svg\" loading=\"lazy\" alt=\"\" decoding=\"async\"\/>  <\/p>\n<p class=\"contentpart contentpart--default contentpart--text\" data-position=\"2\">ZOBACZ WIDEO:\u00a0KL\u017b bez transmisji? Przewodnicz\u0105cy GKS\u017b m\u00f3wi wprost: Nie ma wielkiego zainteresowania telewizj\u0105<\/p>\n<p class=\"contentpart contentpart--default contentpart--text\" data-position=\"4\">Kryjom nie obra\u017ca si\u0119 jednak na \u017cu\u017cel. Po pierwsze media ceni\u0105 jego wypowiedzi, dlatego cz\u0119sto zasi\u0119gaj\u0105 jego opinii. Po drugie, w ostatnich latach S\u0142awomir Kryjom by\u0142 blisko cyklu <a href=\"https:\/\/sportowefakty.wp.pl\/zuzel\/tauron-sec\" rel=\"nofollow noopener\" target=\"_blank\">Tauron SEC<\/a>, pomaga\u0142 w jego organizacji. W tym zakresie nie powinno si\u0119 nic zmieni\u0107.<\/p>\n<p class=\"contentpart contentpart--default contentpart--text\" data-position=\"5\">Przypomnijmy, \u017ce w dw\u00f3ch ostatnich sezonach S\u0142awomir Kryjom pe\u0142ni\u0142 rol\u0119 dyrektora zarz\u0105dzaj\u0105cego w Fogo Unii Leszno. Ponadto, po nieudanym pocz\u0105tku sezonu 2024, w drugiej cz\u0119\u015bci sezonu pomaga\u0142 <a href=\"https:\/\/sportowefakty.wp.pl\/zuzel\/rafal-okoniewski\" rel=\"nofollow noopener\" target=\"_blank\">Rafa\u0142owi Okoniewskiemu<\/a>\u00a0w prowadzeniu zespo\u0142u podczas mecz\u00f3w <a href=\"https:\/\/sportowefakty.wp.pl\/zuzel\/pge-ekstraliga\" rel=\"nofollow noopener\" target=\"_blank\">PGE Ekstraligi<\/a>. Podobnie by\u0142o przed rokiem, w kt\u00f3rym leszczynianie po rocznym rozbracie z najlepsz\u0105 lig\u0105 \u015bwiata, wr\u00f3cili do PGE Ekstraligi.<\/p>\n<p class=\"contentpart contentpart--default contentpart--text\" data-position=\"6\">Tajemnic\u0105 poliszynela w \u015brodowisku \u017cu\u017clowym jest fakt, \u017ce J\u00f3zef Dworakowski nie przepada za S\u0142awomirem Kryjomem i to w\u0142a\u015bnie dlatego zako\u0144czy\u0142a si\u0119 ich wsp\u00f3\u0142praca. Przes\u0105dzony wydaje si\u0119 fakt, \u017ce dop\u00f3ki w leszczy\u0144skim klubie pozostanie Dworakowski, do wtedy nie b\u0119dzie w nim Kryjoma.<\/p>\n<p> <img role=\"presentation\" src=\"https:\/\/std.wpcdn.pl\/images\/adv\/placeholder_wp.svg\" loading=\"lazy\" alt=\"\" decoding=\"async\"\/>  <\/p>\n<p class=\"contentpart contentpart--default contentpart--text\" data-position=\"7\">To jednak nie oznacza, \u017ce dzia\u0142alno\u015bci leszczy\u0144skiego klubu cokolwiek zagra\u017ca. W klubie jest dw\u00f3ch nowych dyrektor\u00f3w. Zarz\u0105dzaj\u0105cy <a href=\"https:\/\/sportowefakty.wp.pl\/zuzel\/rafal-dobrucki\" rel=\"nofollow noopener\" target=\"_blank\">Rafa\u0142 Dobrucki<\/a>\u00a0oraz sportowy <a href=\"https:\/\/sportowefakty.wp.pl\/zuzel\/rafal-dobrowolski\" rel=\"nofollow noopener\" target=\"_blank\">Rafa\u0142 Dobrowolski<\/a>. Obaj s\u0105 niezwykle do\u015bwiadczeni i od lat pracuj\u0105 blisko \u017cu\u017cla. Pod wzgl\u0119dem organizacyjnym leszczy\u0144skiemu klubowi nie b\u0119dzie mo\u017cna niczego zarzuci\u0107.<\/p>\n","protected":false},"excerpt":{"rendered":"&#8211; Dzia\u0142alno\u015b\u0107 klubu w \u017caden spos\u00f3b nie jest zagro\u017cona. Prosz\u0119 si\u0119 o to nie martwi\u0107. Wszystko b\u0119dzie w&hellip;\n","protected":false},"author":2,"featured_media":179322,"comment_status":"","ping_status":"","sticky":false,"template":"","format":"standard","meta":{"footnotes":""},"categories":[24],"tags":[1629,9413,2620,1334,981,42,38,40,39,41,29182,7989,27464,23909,127,126,2621,174],"class_list":{"0":"post-179321","1":"post","2":"type-post","3":"status-publish","4":"format-standard","5":"has-post-thumbnail","7":"category-sport","8":"tag-fogo-unia-leszno","9":"tag-jozef-dworakowski","10":"tag-ms-me","11":"tag-pge-ekstraliga","12":"tag-piotr-rusiecki","13":"tag-pl","14":"tag-poland","15":"tag-polish","16":"tag-polska","17":"tag-polski","18":"tag-rafal-dobrowolski","19":"tag-rafal-dobrucki","20":"tag-rafal-okoniewski","21":"tag-slawomir-kryjom","22":"tag-sport","23":"tag-sports","24":"tag-tauron-sec","25":"tag-zuzel"},"share_on_mastodon":{"url":"","error":""},"_links":{"self":[{"href":"https:\/\/www.europesays.com\/pl\/wp-json\/wp\/v2\/posts\/179321","targetHints":{"allow":["GET"]}}],"collection":[{"href":"https:\/\/www.europesays.com\/pl\/wp-json\/wp\/v2\/posts"}],"about":[{"href":"https:\/\/www.europesays.com\/pl\/wp-json\/wp\/v2\/types\/post"}],"author":[{"embeddable":true,"href":"https:\/\/www.europesays.com\/pl\/wp-json\/wp\/v2\/users\/2"}],"replies":[{"embeddable":true,"href":"https:\/\/www.europesays.com\/pl\/wp-json\/wp\/v2\/comments?post=179321"}],"version-history":[{"count":0,"href":"https:\/\/www.europesays.com\/pl\/wp-json\/wp\/v2\/posts\/179321\/revisions"}],"wp:featuredmedia":[{"embeddable":true,"href":"https:\/\/www.europesays.com\/pl\/wp-json\/wp\/v2\/media\/179322"}],"wp:attachment":[{"href":"https:\/\/www.europesays.com\/pl\/wp-json\/wp\/v2\/media?parent=179321"}],"wp:term":[{"taxonomy":"category","embeddable":true,"href":"https:\/\/www.europesays.com\/pl\/wp-json\/wp\/v2\/categories?post=179321"},{"taxonomy":"post_tag","embeddable":true,"href":"https:\/\/www.europesays.com\/pl\/wp-json\/wp\/v2\/tags?post=179321"}],"curies":[{"name":"wp","href":"https:\/\/api.w.org\/{rel}","templated":true}]}}