{"id":179341,"date":"2025-12-31T06:05:09","date_gmt":"2025-12-31T06:05:09","guid":{"rendered":"https:\/\/www.europesays.com\/pl\/179341\/"},"modified":"2025-12-31T06:05:09","modified_gmt":"2025-12-31T06:05:09","slug":"kompromitacja-na-oczach-swiata-granice-zenady-zostaly-przekroczone-sport-pl","status":"publish","type":"post","link":"https:\/\/www.europesays.com\/pl\/179341\/","title":{"rendered":"Kompromitacja na oczach \u015bwiata. Granice \u017cenady zosta\u0142y przekroczone &#8211; Sport.pl"},"content":{"rendered":"<ol>\n<li><a href=\"https:\/\/news.google.com\/rss\/articles\/CBMitgFBVV95cUxNUURMY3Z0dXVadGVnODF2b2ZhWnpieEl3UWpNQjVPTldyejAzTDB2ZDA2RGVfZ19wbmpVVElzYUdJVy0zXzUxLWxtOFVEZ0R1MmU0YkFGWUFYZE8zenBnVjEzdGRVbFJ5aVJpUTk5eWZCa29HNjQxZ1Z0aGQ1NnZqT2RBQlliWVlBUExQeTBxZkpEMm9TN3ZuaW0wTkNubzdRX3BtbllkalJiMGRFUURGOVZMUEJKdw?oc=5\" target=\"_blank\" rel=\"nofollow noopener\">Kompromitacja na oczach \u015bwiata. Granice \u017cenady zosta\u0142y przekroczone<\/a>&nbsp;&nbsp;Sport.pl<\/li>\n<li><a href=\"https:\/\/news.google.com\/rss\/articles\/CBMirwJBVV95cUxOOWRxb0hUQWVQdHYzM0RnWGdtNktmYkF0RTJQSXM3MkdQbEtXOU5BSGJLOTBCWW13d3ZQV05mY2tuZHNDU0JldDAxM3IxZmRpTWdBWmEtbVRESkt3aDBkNVNONFE4Q01EMWY2TzItM1dQai0tUmpTbjlOYWZROGJRMmJqWXloZVM0TWxPYmNtdmlPdXF1Q0FOd0Z4OG1QTGhmUG9heGxiMXFZRXBrUGZvT1luQm84a2U2UHdHQ1lvMlhwYmRIOFFPeUpDbmlpTmlJSWM1RU1ZQUtPckY1MTgwYWJSRzY1d3lWQXlwd0FpOEhjbE1DSFJnZV9TZV9QcEw0V0ZuSmFYU3EtTUJQT1NoNERDU3NoSHp4OTlPSUdUQVJaRklmbVJKekJKTm1HZ1E?oc=5\" target=\"_blank\" rel=\"nofollow noopener\">Pogba nagrodzony za powr\u00f3t po dyskwalifikacji. Jego rodak kpi<\/a>&nbsp;&nbsp;Eurosport Polska<\/li>\n<li><a href=\"https:\/\/news.google.com\/rss\/articles\/CBMiyAFBVV95cUxPbkNhVktCWHNFYmV3d0RNT0MwblFrNWVHVE5YbGxSbHVwNlFLamRZMENlQWxMQ0k5cmRzZFZrbGNIR0tEa2dOV0gydzItc19tckxuVDVWaGRaQ2lGcDZHRHFRR3RlbnBndUl0NEIyYmp1Um5kS2pVcGJBcGNCQnM3dHJ3M2JqVHgza3g3b25fSnRHVGVDT3NkbndBYTJxMDhfNDcxT1hVSUFwcS1wbTN5azNDc1NWUUl0YlBIa2VpUHhpRWtaWE9odQ?oc=5\" target=\"_blank\" rel=\"nofollow noopener\">Pogba dzi\u0119kuje Cristiano Ronaldo. &#8222;Zainspirowa\u0142e\u015b nas wszystkich&#8221;<\/a>&nbsp;&nbsp;Wyniki na \u017cywo<\/li>\n<li><a href=\"https:\/\/news.google.com\/rss\/articles\/CBMiYkFVX3lxTE9qRUhoTUlQOG1yWlljS0lpcTkxemx5eXRzeWtPVTNkd2VidEFvMkVPNXd6RVdIVG9INk1QZHVvOTB2WmdrYVNvVEI4MkdoRUxSYXhNX3NlREFMRXdlSFJrT3V3?oc=5\" target=\"_blank\" rel=\"nofollow noopener\">Gwiazdy z Madrytu i Barcelony na meczu Pucharu Narod\u00f3w Afryki!<\/a>&nbsp;&nbsp;Fangol<\/li>\n<li><a href=\"https:\/\/news.google.com\/rss\/articles\/CBMipAFBVV95cUxQRktQR2xnV00zM0l4YUFpODVaUnhjRkpWTHFNRFFYNnZoWUt5ZHdGZGJkUHFjdXpvQm1nNHR2RnlWaHdUbFNoYzNaUi1xQUJRNFNPeTRlV3ZjR1NHYWZRNWo2bW9sU04xVk1jRjQ1cmdRMU5IbHZtNUl5dUxnQVRGM3NwQWpUWXVIclo0bHRBTmNGblhEVVM2ZzdkMktoSWVUazROUg?oc=5\" target=\"_blank\" rel=\"nofollow noopener\">Pogba otrzyma\u0142 specjaln\u0105 nagrod\u0119. Pierwszy w historii<\/a>&nbsp;&nbsp;Meczyki.pl<\/li>\n<\/ol>\n","protected":false},"excerpt":{"rendered":"Kompromitacja na oczach \u015bwiata. Granice \u017cenady zosta\u0142y przekroczone&nbsp;&nbsp;Sport.pl Pogba nagrodzony za powr\u00f3t po dyskwalifikacji. Jego rodak kpi&nbsp;&nbsp;Eurosport Polska&hellip;\n","protected":false},"author":2,"featured_media":179342,"comment_status":"","ping_status":"","sticky":false,"template":"","format":"standard","meta":{"footnotes":""},"categories":[24],"tags":[42,38,40,39,41,127,126],"class_list":{"0":"post-179341","1":"post","2":"type-post","3":"status-publish","4":"format-standard","5":"has-post-thumbnail","7":"category-sport","8":"tag-pl","9":"tag-poland","10":"tag-polish","11":"tag-polska","12":"tag-polski","13":"tag-sport","14":"tag-sports"},"share_on_mastodon":{"url":"https:\/\/pubeurope.com\/@pl\/115812678125527034","error":""},"_links":{"self":[{"href":"https:\/\/www.europesays.com\/pl\/wp-json\/wp\/v2\/posts\/179341","targetHints":{"allow":["GET"]}}],"collection":[{"href":"https:\/\/www.europesays.com\/pl\/wp-json\/wp\/v2\/posts"}],"about":[{"href":"https:\/\/www.europesays.com\/pl\/wp-json\/wp\/v2\/types\/post"}],"author":[{"embeddable":true,"href":"https:\/\/www.europesays.com\/pl\/wp-json\/wp\/v2\/users\/2"}],"replies":[{"embeddable":true,"href":"https:\/\/www.europesays.com\/pl\/wp-json\/wp\/v2\/comments?post=179341"}],"version-history":[{"count":0,"href":"https:\/\/www.europesays.com\/pl\/wp-json\/wp\/v2\/posts\/179341\/revisions"}],"wp:featuredmedia":[{"embeddable":true,"href":"https:\/\/www.europesays.com\/pl\/wp-json\/wp\/v2\/media\/179342"}],"wp:attachment":[{"href":"https:\/\/www.europesays.com\/pl\/wp-json\/wp\/v2\/media?parent=179341"}],"wp:term":[{"taxonomy":"category","embeddable":true,"href":"https:\/\/www.europesays.com\/pl\/wp-json\/wp\/v2\/categories?post=179341"},{"taxonomy":"post_tag","embeddable":true,"href":"https:\/\/www.europesays.com\/pl\/wp-json\/wp\/v2\/tags?post=179341"}],"curies":[{"name":"wp","href":"https:\/\/api.w.org\/{rel}","templated":true}]}}