{"id":179349,"date":"2025-12-31T06:10:10","date_gmt":"2025-12-31T06:10:10","guid":{"rendered":"https:\/\/www.europesays.com\/pl\/179349\/"},"modified":"2025-12-31T06:10:10","modified_gmt":"2025-12-31T06:10:10","slug":"rzad-przyjal-ustawe-o-osobie-najblizszej-jest-wiekszosc-w-sejmie","status":"publish","type":"post","link":"https:\/\/www.europesays.com\/pl\/179349\/","title":{"rendered":"Rz\u0105d przyj\u0105\u0142 ustaw\u0119 o osobie najbli\u017cszej. \u201eJest wi\u0119kszo\u015b\u0107 w Sejmie\u201d"},"content":{"rendered":"<p><img alt=\"\"   src=\"https:\/\/www.europesays.com\/pl\/wp-content\/uploads\/2025\/12\/MS-230812_18.jpg\" decoding=\"async\" data-nimg=\"fill\" class=\"image\" style=\"position:absolute;top:0;left:0;bottom:0;right:0;box-sizing:border-box;padding:0;border:none;margin:auto;display:block;width:0;height:0;min-width:100%;max-width:100%;min-height:100%;max-height:100%;object-fit:cover\"\/><\/p>\n<p>Prawa autorskie: Fot . Maciek Skowronek \/ Agencja Wyborcza.plFot . Maciek Skowron&#8230;<\/p>\n<p>Prawa autorskie: Fot . Maciek Skowronek \/ Agencja Wyborcza.plFot . Maciek Skowron&#8230;<\/p>\n<p>Zaloguj si\u0119, aby zapisa\u0107 na p\u00f3\u017aniej<\/p>\n<p>30 grudnia 2025<\/p>\n<p><a target=\"_blank\" href=\"https:\/\/news.google.com\/publications\/CAAiEGYSkp3as7HPQ8kTGP1yxGQqFAgKIhBmEpKd2rOxz0PJExj9csRk?hl=pl&amp;gl=PL&amp;ceid=PL%3Apl\" rel=\"noreferrer nofollow noopener\">Google News<\/a>Udost\u0119pnij na FacebookuUdost\u0119pnij na TwitterzeUdost\u0119pnij w mailu<\/p>\n<p class=\"mt-3 font-serif font-semibold text-lg text-gray-900 lg:mt-5 lg:text-xl lg:leading-8 dark:text-gray-50 print:dark:text-black\">To historyczny moment, cho\u0107 trudno m\u00f3wi\u0107 o ideale. Po raz pierwszy umowa gwanratuj\u0105ca parom LGBT+ podstawowe zabezpieczenia prawne b\u0119dzie procedowana jako projekt rz\u0105dowy. Ma trafi\u0107 do Sejmu jeszcze w styczniu 2026 roku<\/p>\n<p><a target=\"_blank\" href=\"https:\/\/news.google.com\/publications\/CAAiEGYSkp3as7HPQ8kTGP1yxGQqFAgKIhBmEpKd2rOxz0PJExj9csRk?hl=pl&amp;gl=PL&amp;ceid=PL%3Apl\" rel=\"noreferrer nofollow noopener\">Google News<\/a>Udost\u0119pnij na FacebookuUdost\u0119pnij na TwitterzeUdost\u0119pnij w mailu<\/p>\n<p class=\"typography__paragraph my-5 font-serif font-normal text-xl leading-8 text-gray-900 dark:text-gray-50 print:dark:text-black break-words\">Drugie posiedzenie Sejmu, pod koniec stycznia 2026 \u2013 to prawdopodobny moment, w kt\u00f3rym rz\u0105dowy projekt o statusie osoby najbli\u017cszej w zwi\u0105zku b\u0119dzie przedmiotem analiz, a potem g\u0142osowania, pos\u0142\u00f3w. \u201eTo historyczny moment. Nigdy dot\u0105d projekt reguluj\u0105cy zwi\u0105zki jednop\u0142ciowe nie mia\u0142 statusu rz\u0105dowego\u201d \u2013 cieszy si\u0119  ministra Katarzyna Kotula, odpowiadaj\u0105ca w rz\u0105dzie Donalda Tuska za kwestie r\u00f3wno\u015bciowe. <\/p>\n<p class=\"typography__paragraph my-5 font-serif font-normal text-xl leading-8 text-gray-900 dark:text-gray-50 print:dark:text-black break-words\">Problem\u00f3w, przynajmniej oficjalnie, si\u0119 nie spodziewa. \u201eJest wi\u0119kszo\u015b\u0107 dla tego projektu i w Sejmie, i w Senacie. Jest gotowo\u015b\u0107 do rozm\u00f3w z prezydentem Karolem Nawrockim, ale i pani\u0105 prezydentow\u0105. Bo przecie\u017c to ustawa dotycz\u0105ca rodziny. A znacz\u0105co przy tym r\u00f3\u017cni si\u0119 od tego, co oferuje parze ma\u0142\u017ce\u0144stwo. To zbi\u00f3r przepis\u00f3w, kt\u00f3re po prostu u\u0142atwi\u0105 Polkom i Polakom \u017cycie. Prezydent deklarowa\u0142 rozmowy o ustawie o statusie osoby najbli\u017cszej. I taka w\u0142a\u015bnie propozycja trafi na jego biurko\u201d \u2013 zapowiada Katarzyna Kotula.<\/p>\n<p class=\"typography__paragraph my-5 font-serif font-normal text-xl leading-8 text-gray-900 dark:text-gray-50 print:dark:text-black break-words\">Przyj\u0119ta 30 grudnia przez rz\u0105d Donalda Tuska ustawa da parom podstawowe zabezpieczenie medyczno-prawne. Tworzy bowiem kategori\u0119 osoby najbli\u017cszej i przyznaje jej szereg udogodnie\u0144 i u\u0142atwie\u0144 pozwalaj\u0105cych na swobodne i bezpieczne prowadzenie wsp\u00f3lnego gospodarstwa domowego. <\/p>\n<p class=\"typography__paragraph my-5 font-serif font-normal text-xl leading-8 text-gray-900 dark:text-gray-50 print:dark:text-black break-words\">Para b\u0119dzie umow\u0119 zawiera\u0107 u notariusza (a nie jak w przypadku ma\u0142\u017ce\u0144stw, w urz\u0119dzie stanu cywilnego), ale USC b\u0119dzie j\u0105 potem rejestrowa\u0107 w podrejestrze, podobnie jak w przypadku rozwod\u00f3w uproszczonych. W ramach tej umowy osoby b\u0119d\u0105 mog\u0142y okre\u015bli\u0107:  <\/p>\n<ul class=\"typography__unordered-list ul-list mt-5 pl-9 text-gray-900 first-child:mt-0 dark:text-gray-50 print:dark:text-black break-words ul-level-0\">\n<li class=\"typography__list-item mt-3 pl-1 font-serif font-normal text-xl leading-8 text-gray-900 dark:text-gray-50 marker:text-lg marker:leading-none marker:text-red-700 dark:marker:text-red-400 print:dark:text-black break-words\">czy chc\u0105 wsp\u00f3lnoty czy odr\u0119bno\u015bci maj\u0105tkowej, <\/li>\n<li class=\"typography__list-item mt-3 pl-1 font-serif font-normal text-xl leading-8 text-gray-900 dark:text-gray-50 marker:text-lg marker:leading-none marker:text-red-700 dark:marker:text-red-400 print:dark:text-black break-words\">czy chc\u0105 si\u0119 wsp\u00f3lnie rozlicza\u0107 po pe\u0142nym roku podatkowym, <\/li>\n<li class=\"typography__list-item mt-3 pl-1 font-serif font-normal text-xl leading-8 text-gray-900 dark:text-gray-50 marker:text-lg marker:leading-none marker:text-red-700 dark:marker:text-red-400 print:dark:text-black break-words\">czy chc\u0105 ustanowi\u0107 obowi\u0105zek alimentacyjny w przypadku, w kt\u00f3rym rozwi\u0105\u017c\u0105 umow\u0119 o osobie najbli\u017cszej, <\/li>\n<li class=\"typography__list-item mt-3 pl-1 font-serif font-normal text-xl leading-8 text-gray-900 dark:text-gray-50 marker:text-lg marker:leading-none marker:text-red-700 dark:marker:text-red-400 print:dark:text-black break-words\">czy chc\u0105 mie\u0107 prawo do korzystania ze wsp\u00f3lnego mieszkania, <\/li>\n<li class=\"typography__list-item mt-3 pl-1 font-serif font-normal text-xl leading-8 text-gray-900 dark:text-gray-50 marker:text-lg marker:leading-none marker:text-red-700 dark:marker:text-red-400 print:dark:text-black break-words\">czy chc\u0105, by druga osoba mia\u0142a wgl\u0105d w dokumentacj\u0119 medyczn\u0105, by\u0142a informowana o stanie zdrowia np. po wypadku, i dzia\u0142a\u0142a jak pe\u0142nomocnik w sprawach codziennego \u017cycia.  <\/li>\n<\/ul>\n<p class=\"typography__paragraph my-5 font-serif font-normal text-xl leading-8 text-gray-900 dark:text-gray-50 print:dark:text-black break-words\">Projekt pozwoli do umowy do\u0142\u0105czy\u0107 testament ka\u017cdej z os\u00f3b, co, jak s\u0142yszymy w gabinecie Kotuli, pozwoli na kompleksowe zabezpieczenie wzajemnych interes\u00f3w stron r\u00f3wnie\u017c na wypadek \u015bmierci jednej z os\u00f3b. Umowa pozwoli te\u017c zwolni\u0107 osob\u0119 najbli\u017csz\u0105 z podatku od spadk\u00f3w i darowizn, plasuj\u0105c osob\u0119 w tzw. grupie zerowej, jak ma\u0142\u017conkowie. <\/p>\n<p class=\"typography__paragraph my-5 font-serif font-normal text-xl leading-8 text-gray-900 dark:text-gray-50 print:dark:text-black break-words\">Zmiany obejm\u0105 \u0142\u0105cznie 238 ustaw. <\/p>\n<p class=\"typography__paragraph my-5 font-serif font-normal text-xl leading-8 text-gray-900 dark:text-gray-50 print:dark:text-black break-words\">Nie b\u0119dzie, jak pisali\u015bmy w OKO.press, rocznego <a rel=\"index follow nofollow noopener\" target=\"_blank\" href=\"https:\/\/oko.press\/o-krok-blizej-statusu-osoby-najblizszej-bez-roku-okresu-probnego\" class=\"typography__anchor underline text-gray-900 decoration-red-700 cursor-pointer hover:text-red-700 dark:text-gray-50 dark:decoration-red-400 dark:hover:text-red-400 print:dark:text-black break-words\">okresu pr\u00f3bnego<\/a> dla par, co postulowa\u0142 szef PSL W\u0142adys\u0142aw Kosiniak-Kamysz, szef PSL. <\/p>\n<p class=\"typography__paragraph my-5 font-serif font-normal text-xl leading-8 text-gray-900 dark:text-gray-50 print:dark:text-black break-words\">Projekt ustawy o osobie najbli\u017cszej w zwi\u0105zku i umowy o wsp\u00f3lnym po\u017cyciu, zwany sarkastycznie \u201eumow\u0105 wsp\u00f3\u0142lokator+\u201d lub \u201eprotez\u0105 zwi\u0105zk\u00f3w partnerskich\u201d od pocz\u0105tku przedstawiany by\u0142 jako kompromis, kt\u00f3ry nie zadowoli nikogo. Politykom PSL (kt\u00f3rych g\u0142osy s\u0105 niezb\u0119dne, by ustawa zosta\u0142a przyj\u0119ta przez sejmowa wi\u0119kszo\u015b\u0107) zale\u017ca\u0142o szczeg\u00f3lnie, by ustawa podkre\u015bla\u0142a r\u00f3\u017cnice mi\u0119dzy ma\u0142\u017ce\u0144stwem pary heteroseksualnej, a dw\u00f3jki os\u00f3b, kt\u00f3re chc\u0105 notarialnie po\u015bwiadczy\u0107, \u017ce s\u0105 dla siebie osobami najbli\u017cszymi. <\/p>\n<blockquote class=\"typography__blockquote mt-6 font-serif font-bold text-[1.8125rem] leading-[2.75rem] text-gray-900 before:inline-block before:mr-3 before:h-[0.8125rem] before:w-24 before:bg-red-700 dark:text-gray-50 dark:before:bg-red-400 print:dark:text-black before:print:dark:bg-black break-words\"><p>R\u00f3\u017cnice te wida\u0107 nie tylko w j\u0119zyku, ale i konkretnych przepisach, co uw\u0142acza parom LGBT+, dla kt\u00f3rych umowa to nie wyb\u00f3r, a konieczno\u015b\u0107 i jedyna szansa na jakiekolwiek zabezpieczenie prawne.<\/p><\/blockquote>\n<p class=\"typography__paragraph my-5 font-serif font-normal text-xl leading-8 text-gray-900 dark:text-gray-50 print:dark:text-black break-words\">Projekt ju\u017c w <a rel=\"index follow nofollow noopener\" target=\"_blank\" href=\"https:\/\/oko.press\/jest-projekt-8-rzeczy-ktore-zmieni-ustawa-o-statusie-osoby-najblizszej\" class=\"typography__anchor underline text-gray-900 decoration-red-700 cursor-pointer hover:text-red-700 dark:text-gray-50 dark:decoration-red-400 dark:hover:text-red-400 print:dark:text-black break-words\">grudniu<\/a>, kiedy zosta\u0142 opublikowany w Rz\u0105dowym Centrum Legislacji, zosta\u0142 skrytykowany przez t\u0119czowe organizacje. \u201eUprawnienia przewidziane w tej nowej instytucji s\u0105 niewystarczaj\u0105ce. Projekt pojawi\u0142 si\u0119 w trybie poprawek mi\u0119dzyresortowych i autokorekty do rz\u0105dowego projektu ustawy o zwi\u0105zkach partnerskich i ustawy j\u0105 wprowadzaj\u0105cej, do kt\u00f3rej sp\u0142yn\u0119\u0142o wiele merytorycznych uwag organizacji i os\u00f3b prywatnych. Osoby LGBT+ nie zosta\u0142y uwzgl\u0119dnione w pracach nad opublikowanym dzisiaj projektem, a dzisiejszy projekt to efekt kompromisu politycznego\u201d \u2013 komentowa\u0142a Kampania Przeciw Homofobii.<\/p>\n<p class=\"typography__paragraph my-5 font-serif font-normal text-xl leading-8 text-gray-900 dark:text-gray-50 print:dark:text-black break-words\">Organizacja Mi\u0142o\u015b\u0107 Nie Wyklucza wskazywa\u0142a z kolei, \u017ce a\u017c 22 z 27 pa\u0144stw Unii Europejskiej oraz dziewi\u0119\u0107 innych pa\u0144stw europejskich (Norwegia, Islandia, Wielka Brytania, Szwajcaria, Andora, Liechtenstein, San Marino, Monako, Czarnog\u00f3ra) przewiduje mo\u017cliwo\u015b\u0107 zawarcia zinstytucjonalizowanego zwi\u0105zku przez osoby tej samej p\u0142ci w formie ma\u0142\u017ce\u0144stwa lub zwi\u0105zku partnerskiego. Do pa\u0144stw cz\u0142onkowskich UE, kt\u00f3re obecnie nie przewiduj\u0105 takiej mo\u017cliwo\u015bci, nale\u017c\u0105 tylko Bu\u0142garia, Litwa, Polska, S\u0142owacja i Rumunia. <\/p>\n<p class=\"typography__paragraph my-5 font-serif font-normal text-xl leading-8 text-gray-900 dark:text-gray-50 print:dark:text-black break-words\">Argumenty krytyk\u00f3w stara si\u0119 zbija\u0107 Katarzyna Kotula. \u201eTa ustawa to nie jest ogryzek\u201d \u2013 deklaruje. I potwierdza: \u201eSzukali\u015bmy dobrego, kompromisowego, ale przede wszystkim godnego rozwi\u0105zania\u201d \u2013 m\u00f3wi\u0142a we wtorek, 30 grudnia w Sejmie, podczas spotkania z dziennikarzami. \u201eTo krok w kierunku bezpiecze\u0144stwa i ochrony os\u00f3b \u017cyj\u0105cych w zwi\u0105zkach jednop\u0142ciowych i zwi\u0105zkach hetero, kt\u00f3re z jakiego\u015b powodu nie formalizuj\u0105 swojego po\u017cycia\u201d \u2013 doda\u0142a.<\/p>\n<p class=\"typography__paragraph my-5 font-serif font-normal text-xl leading-8 text-gray-900 dark:text-gray-50 print:dark:text-black break-words\">Ustawa w \u017caden spos\u00f3b nie dostrzega i nie odnosi si\u0119 do wyroku TSUE dotycz\u0105cego respektowania praw ma\u0142\u017ce\u0144stw par jednop\u0142ciowych zawieranych za granic\u0105. Prace umo\u017cliwiaj\u0105ce urz\u0119dnikom w urz\u0119dach stanu cywilnego transkrypcje do polskiego systemu takich ma\u0142\u017ce\u0144stw nadal trwaj\u0105. Pracom przewodniczy Ministerstwo Spraw Zagranicznych, a o ich przyspieszenie i wyk\u0142adni\u0119 prawn\u0105 apeluj\u0105 nie tylko sami urz\u0119dnicy, ale i kolejne miasta, kt\u00f3re zwi\u0105zki rejestrowa\u0107 by chcia\u0142y, ale fizycznie nie mog\u0105 tego zrobi\u0107, bo polski system nie przewiduje wpisanie do systemu zwi\u0105zku dw\u00f3ch os\u00f3b tej samej p\u0142ci. <\/p>\n<p class=\"typography__paragraph my-5 font-serif font-normal text-xl leading-8 text-gray-900 dark:text-gray-50 print:dark:text-black break-words\">Konkrety mia\u0142y pa\u015b\u0107 na pocz\u0105tku grudnia. Po miesi\u0105cu op\u00f3\u017anie\u0144 wiadomo tyle, \u017ce poczeka\u0107 b\u0119dzie trzeba kolejne miesi\u0105ce \u2013 cho\u0107 na drodze zdaje si\u0119 nie stawa\u0107 prawo, a pogl\u0105dy. W ministerstwach panuje chaos, nie wiadomo nawet, czy zmiany wprowadzone zostan\u0105 zwyk\u0142ym rozporz\u0105dzeniem, czy b\u0119d\u0105 regulowane ustaw\u0105. <\/p>\n<p class=\"typography__paragraph my-5 font-serif font-normal text-xl leading-8 text-gray-900 dark:text-gray-50 print:dark:text-black break-words\">\u201eRegularnie spotykamy si\u0119 z Ministerstwem Sprawiedliwo\u015bci, MSWiA, Ministerstwem Cyfryzacji i pionem unijnym. Trwaj\u0105 analizy dotycz\u0105ce tego, jak powinni\u015bmy wdro\u017cy\u0107 wyrok TSUE. Odpowied\u017a na to pytanie przedstawimy zapewne w najbli\u017cszych miesi\u0105cach\u201d \u2013 ucina Kotula.<\/p>\n<p class=\"typography__paragraph my-5 font-serif font-normal text-xl leading-8 text-gray-900 dark:text-gray-50 print:dark:text-black break-words\">Ustawa o osobie najbli\u017cszej b\u0119dzie testem dla si\u0142y koalicji 15 pa\u017adziernika. Jeszcze przed wyborami Donald Tusk <a rel=\"index follow nofollow noopener\" target=\"_blank\" href=\"https:\/\/oko.press\/na-zywo\/wybory-na-zywo-oko-press\/tusk-ustawa-o-zwiazkach-partnerskich-to-priorytet-na-pierwsze-100-dni-po-wyborach\" class=\"typography__anchor underline text-gray-900 decoration-red-700 cursor-pointer hover:text-red-700 dark:text-gray-50 dark:decoration-red-400 dark:hover:text-red-400 print:dark:text-black break-words\">zapowiada\u0142<\/a>, \u017ce ustawa o zwi\u0105zkach partnerskich pojawi si\u0119 w ci\u0105gu pierwszych stu dni rz\u0105d\u00f3w Koalicji. Zapis ten nie wszed\u0142 jednak do umowy koalicyjnej (protestowa\u0142 PSL), ale pod koniec grudnia 2023 roku na konferencji prasowej zapowiedzia\u0142, \u017ce \u201ejeszcze tej zimy b\u0119dziemy procedowa\u0107 projekt [ustawy] o zwi\u0105zkach partnerskich (&#8230;) Mowa o tygodniach, a nie o miesi\u0105cach\u201d. <\/p>\n<p class=\"typography__paragraph my-5 font-serif font-normal text-xl leading-8 text-gray-900 dark:text-gray-50 print:dark:text-black break-words\">Tymczasem min\u0119\u0142y dwa lata \u2013 a wej\u015bcie w \u017cycie umowy okre\u015blanej jako proteza tych zwi\u0105zk\u00f3w, minimum z minimum, wci\u0105\u017c jest w sferze projekt\u00f3w. <\/p>\n<p class=\"typography__paragraph my-5 font-serif font-normal text-xl leading-8 text-gray-900 dark:text-gray-50 print:dark:text-black break-words\">Wersja, kt\u00f3r\u0105 forsuje Katarzyna Kotula, m\u00f3wi o wprowadzeniu projektu na drugiej sesji Sejmu w 2026 roku, czyli pod koniec stycznia. Potem ustaw\u0119 musi przyj\u0105\u0107 Senat, a na ko\u0144cu prezydent Karol Nawrocki. Kotula twierdzi, \u017ce koalicja partii rz\u0105dz\u0105cych stanie na wysoko\u015bci zadania i projekt przyjmie. Ale w sejmowej zamra\u017carce wci\u0105\u017c trzyma pierwotny, poselski projekt ustawy o zwi\u0105zkach partnerskich, kt\u00f3ry mo\u017ce wr\u00f3ci\u0107 na obrady Sejmu, je\u015bli projekt ustawy o osobie najbli\u017cszej spali na panewce. Po co, je\u015bli jego szanse wej\u015bcia w \u017cycie s\u0105 r\u00f3wne zeru? Ano po to, by udowodni\u0107 wyborcom, \u017ce zrobi\u0142o si\u0119 wszystko, by dochowa\u0107  obietnic wyborczych. <\/p>\n<p class=\"typography__paragraph my-5 font-serif font-normal text-xl leading-8 text-gray-900 dark:text-gray-50 print:dark:text-black break-words\">Optymistyczna wersja, w kt\u00f3rej kolejne organy w\u0142adzy wykonawczej przyjmuj\u0105 ustaw\u0119 o osobie najbli\u017cszej, zak\u0142ada, \u017ce przepisy wejd\u0105 w \u017cycie ju\u017c 1 stycznia 2027 roku. <\/p>\n<p>;<a href=\"https:\/\/oko.press\/autor\/angelika_piton\" class=\"w-20 h-20 relative xl:mt-0.5 shrink-0 rounded-full border-gray-300 dark:border-gray-600 grayscale\" rel=\"nofollow noopener\" target=\"_blank\"><img alt=\"Na zdj\u0119ciu Angelika Pito\u0144\" src=\"data:image\/gif;base64,R0lGODlhAQABAIAAAAAAAP\/\/\/yH5BAEAAAAALAAAAAABAAEAAAIBRAA7\" decoding=\"async\" data-nimg=\"fill\" class=\"image\" style=\"position:absolute;top:0;left:0;bottom:0;right:0;box-sizing:border-box;padding:0;border:none;margin:auto;display:block;width:0;height:0;min-width:100%;max-width:100%;min-height:100%;max-height:100%;object-fit:cover\"\/><\/a><a href=\"https:\/\/oko.press\/autor\/angelika_piton\" class=\"text-base font-medium print:dark:text-black\" rel=\"nofollow noopener\" target=\"_blank\">Angelika Pito\u0144 <\/a><\/p>\n<p class=\"hidden xl:block mt-2 text-xs print:dark:text-black\">Dziennikarka OKO.press. Pisze o prawach pracowniczych, lokatorskich i sprawach spo\u0142ecznych. Absolwentka Szko\u0142y Praw Cz\u0142owieka przy HFHR. Finalistka nagrody im. Dariusza Fikusa za dziennikarstwo najwy\u017cszej pr\u00f3by, Pi\u00f3ra Nadziei Amnesty International czy Korony R\u00f3wno\u015bci Kampanii Przeciw Homofobii. W latach 2017-2025 zwi\u0105zana z &#8222;Gazet\u0105 Wyborcz\u0105&#8221;.<\/p>\n<p class=\"block xl:hidden mt-2 text-xs print:dark:text-black\">Dziennikarka OKO.press. Pisze o prawach pracowniczych, lokatorskich i sprawach spo\u0142ecznych. Absolwentka Szko\u0142y Praw Cz\u0142owieka przy HFHR. Finalistka nagrody im. Dariusza Fikusa za dziennikarstwo najwy\u017cszej pr\u00f3by, Pi\u00f3ra Nadziei Amnesty International czy Korony R\u00f3wno\u015bci Kampanii Przeciw Homofobii. W latach 2017-2025 zwi\u0105zana z &#8222;Gazet\u0105 Wyborcz\u0105&#8221;.<\/p>\n<p>Copyright \u00a9 2016 &#8211; 2025. Made with love by OKO.press team. All Rights Reserved.<\/p>\n","protected":false},"excerpt":{"rendered":"Prawa autorskie: Fot . Maciek Skowronek \/ Agencja Wyborcza.plFot . Maciek Skowron&#8230; Prawa autorskie: Fot . Maciek Skowronek&hellip;\n","protected":false},"author":2,"featured_media":179350,"comment_status":"","ping_status":"","sticky":false,"template":"","format":"standard","meta":{"footnotes":""},"categories":[12],"tags":[32,33,36,37,27,34,35,28,31,25,42,38,40,39,41,29,30,26],"class_list":{"0":"post-179349","1":"post","2":"type-post","3":"status-publish","4":"format-standard","5":"has-post-thumbnail","7":"category-polska","8":"tag-breaking-news","9":"tag-breakingnews","10":"tag-featured-news","11":"tag-featurednews","12":"tag-headlines","13":"tag-latest-news","14":"tag-latestnews","15":"tag-naglowki","16":"tag-najwazniejsze-artykuly","17":"tag-news","18":"tag-pl","19":"tag-poland","20":"tag-polish","21":"tag-polska","22":"tag-polski","23":"tag-top-stories","24":"tag-topstories","25":"tag-wiadomosci"},"share_on_mastodon":{"url":"https:\/\/pubeurope.com\/@pl\/115812697601650208","error":""},"_links":{"self":[{"href":"https:\/\/www.europesays.com\/pl\/wp-json\/wp\/v2\/posts\/179349","targetHints":{"allow":["GET"]}}],"collection":[{"href":"https:\/\/www.europesays.com\/pl\/wp-json\/wp\/v2\/posts"}],"about":[{"href":"https:\/\/www.europesays.com\/pl\/wp-json\/wp\/v2\/types\/post"}],"author":[{"embeddable":true,"href":"https:\/\/www.europesays.com\/pl\/wp-json\/wp\/v2\/users\/2"}],"replies":[{"embeddable":true,"href":"https:\/\/www.europesays.com\/pl\/wp-json\/wp\/v2\/comments?post=179349"}],"version-history":[{"count":0,"href":"https:\/\/www.europesays.com\/pl\/wp-json\/wp\/v2\/posts\/179349\/revisions"}],"wp:featuredmedia":[{"embeddable":true,"href":"https:\/\/www.europesays.com\/pl\/wp-json\/wp\/v2\/media\/179350"}],"wp:attachment":[{"href":"https:\/\/www.europesays.com\/pl\/wp-json\/wp\/v2\/media?parent=179349"}],"wp:term":[{"taxonomy":"category","embeddable":true,"href":"https:\/\/www.europesays.com\/pl\/wp-json\/wp\/v2\/categories?post=179349"},{"taxonomy":"post_tag","embeddable":true,"href":"https:\/\/www.europesays.com\/pl\/wp-json\/wp\/v2\/tags?post=179349"}],"curies":[{"name":"wp","href":"https:\/\/api.w.org\/{rel}","templated":true}]}}