{"id":179378,"date":"2025-12-31T06:31:07","date_gmt":"2025-12-31T06:31:07","guid":{"rendered":"https:\/\/www.europesays.com\/pl\/179378\/"},"modified":"2025-12-31T06:31:07","modified_gmt":"2025-12-31T06:31:07","slug":"zalamal-sie-lod-pod-kobieta-i-dzieckiem-trwa-reanimacja","status":"publish","type":"post","link":"https:\/\/www.europesays.com\/pl\/179378\/","title":{"rendered":"Za\u0142ama\u0142 si\u0119 l\u00f3d pod kobiet\u0105 i dzieckiem. &#8222;Trwa reanimacja&#8221;"},"content":{"rendered":"<li class=\"commentsList__item\" id=\"popular-comment-1\">\n<p>Za\u0142ama\u0142 si\u0119 l\u00f3d pod kobiet\u0105 i dzieckiem. &#8222;Trwa reanimacja&#8221;<\/p>\n<p>11 godzin temu<\/p>\n<p>Szkoda dziecka. Debilizm mamusi<\/p>\n<\/li>\n<li class=\"commentsList__item\" id=\"popular-comment-2\">\n<p>Za\u0142ama\u0142 si\u0119 l\u00f3d pod kobiet\u0105 i dzieckiem. &#8222;Trwa reanimacja&#8221;<\/p>\n<p>10 godzin temu<\/p>\n<p>Niewiele. W\u0142asny staw na wsi mo\u017ce mie\u0107 osoba zarabiaj\u0105ca najni\u017csz\u0105 krajow\u0105. Pod warunkiem, \u017ce odziedziczy maj\u0105tek po rodzicach.<\/p>\n<\/li>\n<li class=\"commentsList__item\" id=\"popular-comment-3\">\n<p>Za\u0142ama\u0142 si\u0119 l\u00f3d pod kobiet\u0105 i dzieckiem. &#8222;Trwa reanimacja&#8221;<\/p>\n<p>11 godzin temu<\/p>\n<p>Zostawi\u0107!<br \/>\nG\u0142upich to szkoda ratowa\u0107, nie trzeba by\u0142o w\u0142azi\u0107 na l\u00f3d.<\/p>\n<\/li>\n<li class=\"commentsList__item\" id=\"popular-comment-4\">\n<p>Za\u0142ama\u0142 si\u0119 l\u00f3d pod kobiet\u0105 i dzieckiem. &#8222;Trwa reanimacja&#8221;<\/p>\n<p>10 godzin temu<\/p>\n<p>Ludzie ca\u0142ymi rodzinami chodzili po Morskim Oku, kt\u00f3re nie by\u0142o do ko\u0144ca zamarzni\u0119te&#8230;a nawet jakby by\u0142o&#8230;.  i jak takie zachowanie nazwa\u0107 ???<\/p>\n<\/li>\n<li class=\"commentsList__item\" id=\"popular-comment-5\">\n<p>Za\u0142ama\u0142 si\u0119 l\u00f3d pod kobiet\u0105 i dzieckiem. &#8222;Trwa reanimacja&#8221;<\/p>\n<p>10 godzin temu<\/p>\n<p>Nadal boli przegrana? Uwiera drzazga w oku co nie?<\/p>\n<\/li>\n<li class=\"commentsList__item\" id=\"popular-comment-6\">\n<p>Za\u0142ama\u0142 si\u0119 l\u00f3d pod kobiet\u0105 i dzieckiem. &#8222;Trwa reanimacja&#8221;<\/p>\n<p>10 godzin temu<\/p>\n<p>Co trzeba mie\u0107 w g\u0142owie, \u017ceby przy takiej temperaturze wchodzi\u0107 na l\u00f3d?<\/p>\n<\/li>\n<li class=\"commentsList__item\" id=\"popular-comment-7\">\n<p>Za\u0142ama\u0142 si\u0119 l\u00f3d pod kobiet\u0105 i dzieckiem. &#8222;Trwa reanimacja&#8221;<\/p>\n<p>11 godzin temu<\/p>\n<p>Rozszerzone samob\u00f3jstwo<\/p>\n<\/li>\n","protected":false},"excerpt":{"rendered":"Za\u0142ama\u0142 si\u0119 l\u00f3d pod kobiet\u0105 i dzieckiem. &#8222;Trwa reanimacja&#8221; 11 godzin temu Szkoda dziecka. Debilizm mamusi Za\u0142ama\u0142 si\u0119&hellip;\n","protected":false},"author":2,"featured_media":179379,"comment_status":"","ping_status":"","sticky":false,"template":"","format":"standard","meta":{"footnotes":""},"categories":[12],"tags":[32,33,695,36,37,27,6335,34,35,28,31,25,42,38,40,39,41,35213,28519,5304,29,30,26,35214],"class_list":{"0":"post-179378","1":"post","2":"type-post","3":"status-publish","4":"format-standard","5":"has-post-thumbnail","7":"category-polska","8":"tag-breaking-news","9":"tag-breakingnews","10":"tag-dziecko","11":"tag-featured-news","12":"tag-featurednews","13":"tag-headlines","14":"tag-kobieta","15":"tag-latest-news","16":"tag-latestnews","17":"tag-naglowki","18":"tag-najwazniejsze-artykuly","19":"tag-news","20":"tag-pl","21":"tag-poland","22":"tag-polish","23":"tag-polska","24":"tag-polski","25":"tag-radzewo","26":"tag-reanimacja","27":"tag-region","28":"tag-top-stories","29":"tag-topstories","30":"tag-wiadomosci","31":"tag-zalamanie-lodu"},"share_on_mastodon":{"url":"https:\/\/pubeurope.com\/@pl\/115812780143418300","error":""},"_links":{"self":[{"href":"https:\/\/www.europesays.com\/pl\/wp-json\/wp\/v2\/posts\/179378","targetHints":{"allow":["GET"]}}],"collection":[{"href":"https:\/\/www.europesays.com\/pl\/wp-json\/wp\/v2\/posts"}],"about":[{"href":"https:\/\/www.europesays.com\/pl\/wp-json\/wp\/v2\/types\/post"}],"author":[{"embeddable":true,"href":"https:\/\/www.europesays.com\/pl\/wp-json\/wp\/v2\/users\/2"}],"replies":[{"embeddable":true,"href":"https:\/\/www.europesays.com\/pl\/wp-json\/wp\/v2\/comments?post=179378"}],"version-history":[{"count":0,"href":"https:\/\/www.europesays.com\/pl\/wp-json\/wp\/v2\/posts\/179378\/revisions"}],"wp:featuredmedia":[{"embeddable":true,"href":"https:\/\/www.europesays.com\/pl\/wp-json\/wp\/v2\/media\/179379"}],"wp:attachment":[{"href":"https:\/\/www.europesays.com\/pl\/wp-json\/wp\/v2\/media?parent=179378"}],"wp:term":[{"taxonomy":"category","embeddable":true,"href":"https:\/\/www.europesays.com\/pl\/wp-json\/wp\/v2\/categories?post=179378"},{"taxonomy":"post_tag","embeddable":true,"href":"https:\/\/www.europesays.com\/pl\/wp-json\/wp\/v2\/tags?post=179378"}],"curies":[{"name":"wp","href":"https:\/\/api.w.org\/{rel}","templated":true}]}}