{"id":179382,"date":"2025-12-31T06:36:06","date_gmt":"2025-12-31T06:36:06","guid":{"rendered":"https:\/\/www.europesays.com\/pl\/179382\/"},"modified":"2025-12-31T06:36:06","modified_gmt":"2025-12-31T06:36:06","slug":"od-1-stycznia-2026-nowa-kwota-ryczaltu-za-lek-recepturowy-mgr-farm","status":"publish","type":"post","link":"https:\/\/www.europesays.com\/pl\/179382\/","title":{"rendered":"Od 1 stycznia 2026 nowa kwota rycza\u0142tu za lek recepturowy &#8211; mgr.farm"},"content":{"rendered":"<ol>\n<li><a href=\"https:\/\/news.google.com\/rss\/articles\/CBMikAFBVV95cUxOaVZORVI1WWRKQ0RYWUNoNWpPM1VzV3pSc3RyUHp6NUtreTlTNXN1TFVhSnpTZ2VRaHV1SE5KZF9wenFtQ0NBT05MREFwMy1MaEZEZllVVXlGLTctRHJlcjRNb2l2OC1XTzl5enFrQTMtODExMUVIWlVCM3I1U0hQaXBNaW1SY3VaTU51YVlTZDY?oc=5\" target=\"_blank\" rel=\"nofollow noopener\">Od 1 stycznia 2026 nowa kwota rycza\u0142tu za lek recepturowy<\/a>&nbsp;&nbsp;mgr.farm<\/li>\n<li><a href=\"https:\/\/news.google.com\/rss\/articles\/CBMipAFBVV95cUxQS3VoTzB5SWRiOTdkblVOakdGclFZWlpnZjFzTngzUndiZlFHSVd1cHNOU3dxTHkzczU2cUNuUElOS1JXdy04b3ZWS0VIUEFweDdxc0toZ2FZQmhwRmpXQjBZMElCVFJoNHdIdy1kZ3Rrb0xXUmJYV2RIaS1VbDE4aWc1NEVQMkhTQ0o3OVRCTmFlc0luVWhZWmdQS1lSSV9uaEZnUA?oc=5\" target=\"_blank\" rel=\"nofollow noopener\">Nowy rok, nowe pensje. Od stycznia wy\u017csza p\u0142aca minimalna<\/a>&nbsp;&nbsp;RMF24<\/li>\n<li><a href=\"https:\/\/news.google.com\/rss\/articles\/CBMi9AFBVV95cUxNSGQxNHpJT0loTHQ4cTAyNWpCNGNlTVQyMlZmalVCQkd1ak1ROEl4TEh6TzM0dWh0VS1NaWltdEV5YlhfWEFTemFRRHhZUlVnUWVqczdKc3ozb3RsYWFuLU9lajdVWmdTT1ZLaDAtbDhES1NSdFNXcEdwZExUa1A5VlFYdEVEdkJNZnRuUGU3UU00STlnWnpWZXYzQjQwU3hFUi1VZHJiYktQUnBkUy1XSXc1Rkx4d0dTOWd2QTR0Z240bFFrczNmdU1mbklFd19CaTl0MzNKdmJFR2F4eDVSNFpDRnQtbVdzeTFqMTA4WEdfQVkw?oc=5\" target=\"_blank\" rel=\"nofollow noopener\">Wy\u017csza &#8222;minimalna&#8221;, wy\u017cszy zasi\u0142ek pogrzebowy, prawo jazdy dla nastolatk\u00f3w. Co czeka nas w 2026 r.?<\/a>&nbsp;&nbsp;Rzeczpospolita<\/li>\n<li><a href=\"https:\/\/news.google.com\/rss\/articles\/CBMiqwFBVV95cUxQZk4yUjhqOWpCbDV0UDNjN0EwSFFnZVJ2NVc4QjJ5OF9VZ29WVFBqZGpQSzZ5QWd6YTEtM0J5RUtfUUlFVUFuMXRkTHpVNmlMZTAtVEFWTGIzdVRER2MtbS1WSGk0dVBSVmM4d0dDeVI3cGpXeHBzRXJHdDJJVGIzSDFCcTFvUUh4LWZ0eVZCd3F1OWxpTGRzcmtpdWRpOGwyN0pYTDJuZFFKbDA?oc=5\" target=\"_blank\" rel=\"nofollow noopener\">Podwy\u017cka dla 3 mln os\u00f3b. Wzrosn\u0105 te\u017c powi\u0105zane \u015bwiadczenia<\/a>&nbsp;&nbsp;Biznes Interia<\/li>\n<li><a href=\"https:\/\/news.google.com\/rss\/articles\/CBMirAFBVV95cUxPeU9oUWhFOWd4SW0zWFpyU29LTGViMWZGODh2MWRsU3NxWUJieFhSQlYyc0JHZUREMnRiUFJUSHJpNTJFcVhwVjdxRnoxdENPNW1Uekp2c1dwOTgxMVowT24tWjlSMEVFbHUzRkFVT0g1Um52VU02THdqd05ET3hpc09ub2VPdGZvVHhHWm1rM3I3OXhrb1B4eFpWTldNazVXaHZfWUU2N0dMOWFW?oc=5\" target=\"_blank\" rel=\"nofollow noopener\">Kary, sk\u0142adki, limity w g\u00f3r\u0119. &#8222;Efekt domina&#8221;<\/a>&nbsp;&nbsp;TVN24<\/li>\n<\/ol>\n","protected":false},"excerpt":{"rendered":"Od 1 stycznia 2026 nowa kwota rycza\u0142tu za lek recepturowy&nbsp;&nbsp;mgr.farm Nowy rok, nowe pensje. Od stycznia wy\u017csza p\u0142aca&hellip;\n","protected":false},"author":2,"featured_media":179383,"comment_status":"","ping_status":"","sticky":false,"template":"","format":"standard","meta":{"footnotes":""},"categories":[16],"tags":[3906,113,112,35215,42,38,40,39,41],"class_list":{"0":"post-179382","1":"post","2":"type-post","3":"status-publish","4":"format-standard","5":"has-post-thumbnail","7":"category-biznes","8":"tag-apteka","9":"tag-biznes","10":"tag-business","11":"tag-lek-recepturowy","12":"tag-pl","13":"tag-poland","14":"tag-polish","15":"tag-polska","16":"tag-polski"},"share_on_mastodon":{"url":"https:\/\/pubeurope.com\/@pl\/115812799789835422","error":""},"_links":{"self":[{"href":"https:\/\/www.europesays.com\/pl\/wp-json\/wp\/v2\/posts\/179382","targetHints":{"allow":["GET"]}}],"collection":[{"href":"https:\/\/www.europesays.com\/pl\/wp-json\/wp\/v2\/posts"}],"about":[{"href":"https:\/\/www.europesays.com\/pl\/wp-json\/wp\/v2\/types\/post"}],"author":[{"embeddable":true,"href":"https:\/\/www.europesays.com\/pl\/wp-json\/wp\/v2\/users\/2"}],"replies":[{"embeddable":true,"href":"https:\/\/www.europesays.com\/pl\/wp-json\/wp\/v2\/comments?post=179382"}],"version-history":[{"count":0,"href":"https:\/\/www.europesays.com\/pl\/wp-json\/wp\/v2\/posts\/179382\/revisions"}],"wp:featuredmedia":[{"embeddable":true,"href":"https:\/\/www.europesays.com\/pl\/wp-json\/wp\/v2\/media\/179383"}],"wp:attachment":[{"href":"https:\/\/www.europesays.com\/pl\/wp-json\/wp\/v2\/media?parent=179382"}],"wp:term":[{"taxonomy":"category","embeddable":true,"href":"https:\/\/www.europesays.com\/pl\/wp-json\/wp\/v2\/categories?post=179382"},{"taxonomy":"post_tag","embeddable":true,"href":"https:\/\/www.europesays.com\/pl\/wp-json\/wp\/v2\/tags?post=179382"}],"curies":[{"name":"wp","href":"https:\/\/api.w.org\/{rel}","templated":true}]}}